{"id":33523,"date":"2022-07-12T10:20:18","date_gmt":"2022-07-12T10:20:18","guid":{"rendered":"https:\/\/www.radioempire.it\/?p=33523"},"modified":"2022-07-12T10:20:18","modified_gmt":"2022-07-12T10:20:18","slug":"vineyard-music-festival-pedara","status":"publish","type":"post","link":"https:\/\/www.radioempire.it\/index.php\/2022\/07\/12\/vineyard-music-festival-pedara\/","title":{"rendered":"Vineyard Music Festival Pedara"},"content":{"rendered":"<p>Etna, classica e vino per la prima edizione del Vineyard Music Festival di Pedara.<\/p>\n<p>Promette di essere un\u2019esperienza unica nel suo genere l\u2019ultimo progetto della Nova Academia Musica Aetnesis, diretta da Carmelo Pappalardo, che all\u2019interno dell\u2019azienda vitivinicola Mondifeso di Pedara organizza, dal 15 al 23 luglio, la prima edizione di un evento dedicato alle eccellenze della musica classica internazionale e dei prodotti della terra di Sicilia.<\/p>\n<p>www.trecastagnimusicfestival.com<\/p>\n<p>Sullo sfondo, maestoso l\u2019Etna mentre tutt\u2019intorno il verde intenso della vigna si perde fra le sfumature del tramonto. Sentori fruttati vengono esalati dai calici arrotondando la sapidit\u00e0 dei prodotti della terra, intanto che l\u2019orecchio apprezza la vibrazione dei suoni. Il Vineyard Music Festival di Pedara \u00e8 tutto questo, ma non solo. Promosso dalla Nova Academia Musica Aetnesis, diretta dal Maestro Carmelo Pappalardo, in collaborazione con l\u2019azienda vitivinicola Mondifeso di Pedara &#8211; sita in via Tarderia, al numero 121 &#8211; porta in scena dal 15 al 23 luglio, un\u2019esperienza unica nel suo genere che promette di risvegliare i sensi. Cinque appuntamenti previsti sempre alle 20.00, con alcuni dei migliori artisti della scena internazionale che coniugano le eccellenze agroalimentari dell\u2019Isola alla ricercatezza della musica colta otto-novecentesca.<br \/>\n\u00ab\u00c8 il primo anno che organizziamo il Vineyard Music Festival \u2013 spiega Pappalardo \u2013, che per noi vuole essere un preambolo al Festival di Trecastagni, giunto alla sua ventesima edizione, e che come ogni anno si terr\u00e0 fra la fine di luglio e la prima settimana di agosto. Con il Festival musica in vigna, vogliamo invece combinare un evento musicale in un luogo campestre in cui potersi riappropriare dei colori, dei sapori e delle atmosfere che la natura ci offre, con la degustazione dei migliori prodotti del nostro territorio\u00bb. L\u2019apertura della kermesse en plein air \u00e8 affidata venerd\u00ec 15 luglio al violista Matteo Rocchi il quale, in coppia con la pianista Ludovica Vincenti, si confronter\u00e0 con la scrittura di due massimi esponenti del Novecento russo: Dmitri Dmitriyevich Shostakovich e Sergej Sergeevi\u010d Prokof&#8217;ev. Marted\u00ec 19 luglio sar\u00e0 la volta del pianista Daniel Hyunwoo Evans, che eseguir\u00e0 la Sonata in la maggiore D.959 di Franz Schubert e due brani da Goyescas di Enrique Granados concludendo con un\u2019improvvisazione, firmata dallo stesso musicista, sui temi dell\u2019opera in un atto del compositore spagnolo. L\u2019indomani sar\u00e0 poi la volta del siciliano Duo David, nato nel 2018 dall\u2019unione del violoncellista Francesco Angelico con la pianista Giulia Russo, gi\u00e0 ospiti lo scorso anno della rassegna Domeniclassica, che si concentrer\u00e0 sull\u2019Ottocento e il Novecento europeo attraverso le composizioni di Johannes Brahms, Claude Debussy e Mario Pilati. Venerd\u00ec 22 luglio, toccher\u00e0 alla musica di Michele Di Filippo, che con la sua chitarra intoner\u00e0 nella suggestiva cantina dell\u2019azienda alcuni suoi brani e diverse opere centrali del repertorio di Roland Dyens e dell\u2019avanguardismo di Astor Piazzola. A chiudere il festival sabato 23 luglio sar\u00e0 infine la pianista Galina Chistiakova, finalista nel 2000 del premio Chopin, di cui eseguir\u00e0 alcune delle pagine pi\u00f9 espressive fra danza e poesia, oltre a celebrare il simbolismo di Aleksandr Skrjabin nel 150\u00b0 anniversario della sua nascita.<br \/>\n\u00abPer noi della N.A.M.AE \u2013 aggiunge il direttore \u2013 \u00e8 da sempre fondamentale avere un dialogo con artisti che hanno calcato i pi\u00f9 importanti palcoscenici del mondo, riconosciuti per il loro valore e per il virtuosismo della loro arte, senza dimenticare di curare la crescita dei nostri musicisti\u00bb. Da qui la scelta di coinvolgere artisti diversi fra loro, grazie ai quali conoscere in maniera completa i colossi del Romanticismo come anche della musica colta contemporanea, con un repertorio tutt\u2019altro che banale.<\/p>\n<p>Per info e prenotazioni chiamare:<br \/>\n+39 349 1046597 oppure scrivere a trecastagnimusicfestival@gmail.com<br \/>\nBiglietto: intero euro 15,00, ridotto under 30 e over 65 euro 12,00.<\/p>\n<p>L&#8217;Associazione NOVA ACADEMIA MUSICA AETNENSIS (NAMAE) \u00e8 stata fondata nel 2002 sotto la direzione artistica del Maestro Carmelo Pappalardo, docente di pianoforte all&#8217;Istituto Musicale &#8220;Vincenzo Bellini&#8221; di Catania e con un&#8217;esperienza trentennale anche nell&#8217;organizzazione concertistica siciliana.<br \/>\nL\u2019obiettivo della NAMAE \u00e8 quello di promuovere la musica classica, l&#8217;educazione musicale nelle scuole e nei centri periferici e di valorizzare i musicisti siciliani, senza mai trascurare la qualit\u00e0 degli artisti proposti provenienti da tutto il mondo. Ogni anno, infatti, si impegna a garantire progetti musicali ed eventi d&#8217;alto livello, accessibili ad un&#8217;ampia fetta di popolazione locale. Nella quasi ventennale attivit\u00e0, l&#8217;Associazione ha visto esibirsi pi\u00f9 di 200 interpreti riunendo ogni anno pi\u00f9 di 1000 spettatori.<br \/>\nDa quest\u2019anno oltre al Trecastagni International Music Festival, giunto alla sua XX edizione, organizza anche il Vineyard Music Festival di Pedara, in collaborazione con l\u2019azienda vitivinicola Mondifeso. Lo storico Festival, ogni anno propone due settimane di musica in cui si esibiscono i migliori talenti locali e nazionali cos\u00ec come musicisti di fama internazionale, creando un mix di emozioni e condivisione all&#8217;interno di suggestive location come il &#8220;largo Abate Ferrara&#8221;, un anfiteatro dall&#8217;acustica naturale perfetta ai piedi della scalinata dell&#8217;antichissima Chiesa Madre San Nicola o dalla terrazza della Chiesa, dalla quale godere di un panorama unico, valorizzando il connubio musica classica e Beni Culturali.<\/p>\n","protected":false},"excerpt":{"rendered":"<p>Etna, classica e vino per la prima edizione del Vineyard Music Festival di Pedara. Promette di essere un\u2019esperienza unica nel suo genere l\u2019ultimo progetto della Nova Academia Musica Aetnesis, diretta<\/p>\n<div><a class=\"permalink\" href=\"https:\/\/www.radioempire.it\/index.php\/2022\/07\/12\/vineyard-music-festival-pedara\/\">Read More&#8230;<\/a><\/div>\n","protected":false},"author":2,"featured_media":33524,"comment_status":"closed","ping_status":"closed","sticky":false,"template":"","format":"standard","meta":[],"categories":[3,36],"tags":[],"_links":{"self":[{"href":"https:\/\/www.radioempire.it\/index.php\/wp-json\/wp\/v2\/posts\/33523"}],"collection":[{"href":"https:\/\/www.radioempire.it\/index.php\/wp-json\/wp\/v2\/posts"}],"about":[{"href":"https:\/\/www.radioempire.it\/index.php\/wp-json\/wp\/v2\/types\/post"}],"author":[{"embeddable":true,"href":"https:\/\/www.radioempire.it\/index.php\/wp-json\/wp\/v2\/users\/2"}],"replies":[{"embeddable":true,"href":"https:\/\/www.radioempire.it\/index.php\/wp-json\/wp\/v2\/comments?post=33523"}],"version-history":[{"count":1,"href":"https:\/\/www.radioempire.it\/index.php\/wp-json\/wp\/v2\/posts\/33523\/revisions"}],"predecessor-version":[{"id":33525,"href":"https:\/\/www.radioempire.it\/index.php\/wp-json\/wp\/v2\/posts\/33523\/revisions\/33525"}],"wp:featuredmedia":[{"embeddable":true,"href":"https:\/\/www.radioempire.it\/index.php\/wp-json\/wp\/v2\/media\/33524"}],"wp:attachment":[{"href":"https:\/\/www.radioempire.it\/index.php\/wp-json\/wp\/v2\/media?parent=33523"}],"wp:term":[{"taxonomy":"category","embeddable":true,"href":"https:\/\/www.radioempire.it\/index.php\/wp-json\/wp\/v2\/categories?post=33523"},{"taxonomy":"post_tag","embeddable":true,"href":"https:\/\/www.radioempire.it\/index.php\/wp-json\/wp\/v2\/tags?post=33523"}],"curies":[{"name":"wp","href":"https:\/\/api.w.org\/{rel}","templated":true}]}}