{"id":33696,"date":"2022-07-19T10:41:54","date_gmt":"2022-07-19T10:41:54","guid":{"rendered":"https:\/\/www.radioempire.it\/?p=33696"},"modified":"2022-07-19T10:41:54","modified_gmt":"2022-07-19T10:41:54","slug":"francesco-angelico-e-giulia-russo-ospiti-domani-al-vineyard-music-festival-di-pedara","status":"publish","type":"post","link":"https:\/\/www.radioempire.it\/index.php\/2022\/07\/19\/francesco-angelico-e-giulia-russo-ospiti-domani-al-vineyard-music-festival-di-pedara\/","title":{"rendered":"Francesco Angelico e Giulia Russo, ospiti domani al Vineyard Music Festival di Pedara"},"content":{"rendered":"<p>Il Duo David al Vineyard Music Festival di Pedara: quando la ricerca incontra l\u2019interpretazione.<\/p>\n<p>&nbsp;<\/p>\n<p>Il violoncellista Francesco Angelico e la pianista Giulia Russo sono i protagonisti del terzo appuntamento della Nova Academia Musica Aetnensis previsto per mercoled\u00ec 20 luglio alle ore 20.00, all\u2019interno dell\u2019azienda Mondifeso di Pedara. Il Duo catanese eseguir\u00e0 per l\u2019occasione le Sonate di Brahms, Debussy e Pilati, musicista napoletano prematuramente scomparso nel primo<\/p>\n<p>&nbsp;<\/p>\n<p>Novecento, troppo a lungo dimenticato.<br \/>\nwww.trecastagnimusicfestival.com<\/p>\n<p>&nbsp;<\/p>\n<p>Il loro nome \u00e8 una dedica alla Davidsb\u00fcndler, la Lega di David, istituita da Robert Schumann allo scopo di preservare e difendere dai detrattori il valore assoluto della musica del suo tempo. Obiettivo condiviso dalla coppia di artisti catanesi, Francesco Angelico al violoncello e Giulia Russo al pianoforte, che dal 2018 ha fatto dell\u2019interpretazione, del coinvolgimento ma soprattutto della ricerca, il punto di forza del Duo David. Tanto che a distanza di un anno dal loro debutto nella rassegna Domeniclassica di Trecastagni, mercoled\u00ec 20 luglio alle ore 20.00, tornano a suoneranno per la Nova Academia Musica Aetnensis, questa volta al Vineyard Musica Festival, co-organizzata con l\u2019azienda vitivinicola Mondifeso di Pedara (via Tarderia, 121), alle pendici<br \/>\ndell\u2019Etna. \u00abSiamo molto felici che il M\u00b0 Carmelo Pappalardo \u2013 spiega Angelico \u2013 ci abbia nuovamente ospitato in un suo Festival. Ricordiamo il concerto dell\u2019anno scorso come uno dei pi\u00f9 belli che abbiamo eseguito e siamo certi che anche quello di Pedara, immerso fra gli odori e i sapori della natura, lo sar\u00e0 altrettanto\u00bb. Vincitori di numerosi concorsi fra cui il Premio interpretazione all\u2019Internazionale Amigdala \u201cper la loro esecuzione assai intensa e ricca di passione\u201d, finalisti della residenza artistica promossa dal Comitato A.M.U.R.; in autunno il Duo debutter\u00e0 alla Sala Apollinea del Teatro La Fenice di Venezia, a dimostrazione del fatto che la Sicilia \u00e8 ancora una volta in grado di offrire grandi talenti, capaci di guardare ai geni del passato con uno sguardo proiettato al futuro. \u00abIl nome Duo David, \u00e8 il nostro personale omaggio \u2013 sottolinea Angelico \u2013 al compositore tedesco la cui musica si colloca tra la pura bellezza e un pizzico di follia\u00bb.<br \/>\nIl concerto si aprir\u00e0, dunque, con la Sonata n.1 in mi minore op.38 di Johannes Brahms; ideata, scritta e rifinita tra il 1862 e il 1865 per l\u2019amico Josef G\u00e4nsbacher. I primi due movimenti: Allegro non troppo e Allegretto quasi Menuetto, furono composti durante il soggiorno estivo a M\u00fcnster am Stein mentre l\u2019Allegro finale risale al tempo della visita a Lichtental, nei pressi di Baden-Baden. Brahms compose per la pi\u00f9 tradizionale delle formazioni da camera, solo due volte nell\u2019arco della sua carriera, a vent\u2019anni di distanza l\u2019una dall\u2019altra e lo fece richiamandosi al Contrapunctus di Bach e agli stilemi classici. La serata proseguir\u00e0 poi con Sonata n.1 per violoncello e pianoforte in re minore L144 di Claude Debussy, scritta in appena un mese durante l\u2019estate del 1915. Il Prologo, si caratterizza per la dinamicit\u00e0 di tono e l\u2019ironia di timbro, legati al violoncello, mentre nella Serenata si accentuano tutti quegli elementi brillanti e fantastici che raggiungono l\u2019espressione massima nel Finale. \u00abQuesto percorso che parte da Brahms per arrivare a Debussy \u2013 spiega Russo \u2013 rispecchia il nostro personale cammino nella musica da camera. La Sonata del musicista e pianista tedesco \u00e8 stata, infatti, la prima che abbiamo eseguito insieme, mentre quella del compositore francese \u00e8 l\u2019ultima che abbiamo studiato; entrambe testimoniano il modo in cui siamo cresciuti in questi anni. Fare musica insieme, infatti, arricchisce non solo nel rapporto con l\u2019altro ma anche individualmente, sia come persone sia come musicisti\u00bb. \u00abAllo stesso tempo \u2013 gli fa eco Angelico \u2013 siamo di fronte ai capolavori di due musicisti che non hanno certo bisogno di presentazioni. Due<br \/>\nmodi diversi di intendere la musica: la prima pi\u00f9 tradizionale, la seconda meno ortodossa in cui si indagano gli aspetti pi\u00f9 sperimentali\u00bb. Debussy offre lo slancio giusto alla Sonata per violoncello e pianoforte in re maggiore di Mario Pilati, compositore napoletano dei primi del Novecento prematuramente scomparso e ingiustamente condannato all\u2019oblio. L\u2019opera, composta durante il periodo milanese, \u00e8 stata da poco pubblicata dall\u2019etichetta Da Vinci a cura dello stesso Angelico. \u00abPilati fu un grandissimo talento \u2013 conclude il violoncellista \u2013 che a causa della guerra \u00e8 rimasto per troppo tempo dimenticato. Devo dire, che fondamentale nel supportare le nostre ricerche \u00e8 stato il complesso lavoro fatto dalla figlia, Laura Esposito Pilati, che ha riorganizzato l\u2019intero corpus delle opere, rendendolo fruibile a tutti. E dal momento che mancava un\u2019edizione per le stampe, mi riempie di orgoglio averla potuta pubblicare; in questo modo la sua straordinaria musica rester\u00e0 immortale\u00bb.<\/p>\n<p>&nbsp;<\/p>\n<p>Per info e prenotazioni: 349 1046397 &#8211; namaect@gmail.com<br \/>\nBiglietto: intero euro 15,00, ridotto under 30 e over 65 euro 12,00.<\/p>\n<p>&nbsp;<\/p>\n<p>Francesco Angelico: e\u0300 un violoncellista siciliano. Classe 1999, si e\u0300 diplomato al Conservatorio Vincenzo Bellini di Catania sotto la guida di Maurizio Salemi con il massimo dei voti, la lode e la menzione d\u2019onore. Dal 2017 ricopre stabilmente il ruolo di Primo Violoncello dell\u2019Orchestra Giovanile, intitolata al celebre direttore d\u2019orchestra Giuseppe Sinopoli, con la quale si e\u0300 esibito su importanti palcoscenici nazionali come il Teatro Massimo Vincenzo Bellini di<br \/>\nCatania, l\u2019Auditorium Gianni Agnelli del Lingotto di Torino, il Teatro Lauro Rossi di Macerata e la Sala della Regina della Camera dei Deputati. All\u2019esperienza orchestrale affianca un\u2019intensa attivita\u0300 concertistica, esordendo per la prima volta come solista con il \u201cConcerto n.1 in Do Maggiore\u201d di Franz Joseph Haydn insieme all\u2019Orchestra del Conservatorio Vincenzo Bellini al Palazzo della Cultura di Catania. Ha collaborato con artisti di chiara fama<br \/>\ninternazionale come G. Plotino, A. Dogadin, C. Siskovic e H. Zhang, esibendosi in importanti stagioni concertistiche fra cui quella del Festival Bellini nel Barocco al Monastero dei Benedettini di Catania, del Festival Suoni delle Madonie, degli Amici della Musica Lago di Garda al Teatro DIM, del Taormina Classica e dell\u2019Ass. Concerti Citta\u0300 di Noto. Si perfeziona seguendo masterclass dei maestri U. Hofmann, E. Dindo e G. Sollima.<\/p>\n<p>Giulia Russo: e\u0300 una pianista siciliana. Nasce a Catania nel 1995 e inizia a studiare pianoforte nel 2005. Allieva della prof.ssa Maria Santina Schillaci, consegue il diploma di vecchio ordinamento e la laurea di secondo livello al Conservatorio Vincenzo Bellini di Catania con il massimo dei voti e la lode, con possibilita\u0300 di una produzione discografica e dignita\u0300 di stampa. Vincitrice di numerosi concorsi, nonostante la sua giovane eta\u0300, tiene anche numerosi<br \/>\nconcerti da solista e camerista. Si e\u0300 esibita in concerto al Mozarteum di Salisburgo, al Milano Piano City e al Festival Up to Penice in duo con la violinista Francesca Bonaita. Ha tenuto concerti per voce e pianoforte collaborando con artisti di chiara fama come J. Pratt, D. Russo, A. Villari, A. Interisano e D. Schillaci. L\u2019esordio da solista risale al 2016 con l\u2019Orchestra Giovanile del Conservatorio Bellini eseguendo il \u201cTerzo Concerto\u201d di Ludwig van Beethoven. Ha preso parte a numerose masterclass e corsi di perfezionamento con B. Canino, R. Benway, V. Egorova, J. Achu\u0300carro, G. Gruzman, G. Otto, N. Troull, F. Turrisini, B. Lupo e A. delle Vigne. Si perfeziona seguendo i corsi tenuti dal M\u00b0 A. delle Vigne all\u2019Accademia del Ridotto di Stradella e il Triennio specialistico di Musica da Camera al Centro Studi Musica e Arte di Firenze con il M\u00b0 P. Masi.<\/p>\n<p>&nbsp;<\/p>\n<p>L&#8217;Associazione NOVA ACADEMIA MUSICA AETNENSIS (NAMAE) \u00e8 stata fondata nel 2002 sotto la direzione artistica del Maestro Carmelo Pappalardo, docente di pianoforte all&#8217;Istituto Musicale &#8220;Vincenzo Bellini&#8221; di Catania e con un&#8217;esperienza trentennale anche nell&#8217;organizzazione concertistica siciliana.<\/p>\n<p>L\u2019obiettivo della NAMAE \u00e8 quello di promuovere la musica classica, l&#8217;educazione musicale nelle scuole e nei centri periferici e di valorizzare i musicisti siciliani, senza mai trascurare la qualit\u00e0 degli artisti proposti provenienti da tutto il mondo. Ogni anno, infatti, si impegna a garantire progetti musicali ed eventi d&#8217;alto livello, accessibili ad un&#8217;ampia fetta di popolazione locale. Nella quasi ventennale attivit\u00e0, l&#8217;Associazione ha visto esibirsi pi\u00f9 di 200 interpreti riunendo ogni anno pi\u00f9 di 1000 spettatori. Da quest\u2019anno oltre al Trecastagni International Music Festival, giunto alla sua XX edizione, organizza anche il Vineyard Music Festival di Pedara, in collaborazione con l\u2019azienda vitivinicola Mondifeso. Lo storico Festival, ogni anno propone due settimane di musica in cui si esibiscono i migliori talenti locali e nazionali cos\u00ec come musicisti di fama internazionale, creando un mix di emozioni e condivisione all&#8217;interno di suggestive location come il &#8220;largo Abate Ferrara&#8221;, un anfiteatro dall&#8217;acustica naturale perfetta ai piedi della scalinata dell&#8217;antichissima Chiesa Madre San Nicola o dalla terrazza della Chiesa, dalla quale godere di un panorama unico, valorizzando il connubio musica classica e Beni Culturali.<\/p>\n","protected":false},"excerpt":{"rendered":"<p>Il Duo David al Vineyard Music Festival di Pedara: quando la ricerca incontra l\u2019interpretazione. &nbsp; Il violoncellista Francesco Angelico e la pianista Giulia Russo sono i protagonisti del terzo appuntamento<\/p>\n<div><a class=\"permalink\" href=\"https:\/\/www.radioempire.it\/index.php\/2022\/07\/19\/francesco-angelico-e-giulia-russo-ospiti-domani-al-vineyard-music-festival-di-pedara\/\">Read More&#8230;<\/a><\/div>\n","protected":false},"author":2,"featured_media":33697,"comment_status":"closed","ping_status":"closed","sticky":false,"template":"","format":"standard","meta":[],"categories":[3,36],"tags":[],"_links":{"self":[{"href":"https:\/\/www.radioempire.it\/index.php\/wp-json\/wp\/v2\/posts\/33696"}],"collection":[{"href":"https:\/\/www.radioempire.it\/index.php\/wp-json\/wp\/v2\/posts"}],"about":[{"href":"https:\/\/www.radioempire.it\/index.php\/wp-json\/wp\/v2\/types\/post"}],"author":[{"embeddable":true,"href":"https:\/\/www.radioempire.it\/index.php\/wp-json\/wp\/v2\/users\/2"}],"replies":[{"embeddable":true,"href":"https:\/\/www.radioempire.it\/index.php\/wp-json\/wp\/v2\/comments?post=33696"}],"version-history":[{"count":1,"href":"https:\/\/www.radioempire.it\/index.php\/wp-json\/wp\/v2\/posts\/33696\/revisions"}],"predecessor-version":[{"id":33698,"href":"https:\/\/www.radioempire.it\/index.php\/wp-json\/wp\/v2\/posts\/33696\/revisions\/33698"}],"wp:featuredmedia":[{"embeddable":true,"href":"https:\/\/www.radioempire.it\/index.php\/wp-json\/wp\/v2\/media\/33697"}],"wp:attachment":[{"href":"https:\/\/www.radioempire.it\/index.php\/wp-json\/wp\/v2\/media?parent=33696"}],"wp:term":[{"taxonomy":"category","embeddable":true,"href":"https:\/\/www.radioempire.it\/index.php\/wp-json\/wp\/v2\/categories?post=33696"},{"taxonomy":"post_tag","embeddable":true,"href":"https:\/\/www.radioempire.it\/index.php\/wp-json\/wp\/v2\/tags?post=33696"}],"curies":[{"name":"wp","href":"https:\/\/api.w.org\/{rel}","templated":true}]}}