{"id":33699,"date":"2022-07-19T10:57:45","date_gmt":"2022-07-19T10:57:45","guid":{"rendered":"https:\/\/www.radioempire.it\/?p=33699"},"modified":"2022-07-19T10:57:45","modified_gmt":"2022-07-19T10:57:45","slug":"torna-la-musica-jazz-alla-tenuta-rasocolmo","status":"publish","type":"post","link":"https:\/\/www.radioempire.it\/index.php\/2022\/07\/19\/torna-la-musica-jazz-alla-tenuta-rasocolmo\/","title":{"rendered":"Torna la musica Jazz alla Tenuta Rasocolmo"},"content":{"rendered":"<p>Dopo lo straordinario successo del concerto evento di Tony Canto, torna l\u2019appuntamento con la musica jazz alla Tenuta Rasocolmo. Sul palco del promontorio pi\u00f9 a Nord della Sicilia, nell\u2019ambito del \u201cCapo Rasocolmo Summer Fest \u201822\u201d, Carlo Nicita, Marcello Conti, Tommaso Pugliese e Federico Sacc\u00e0.<\/p>\n<p>Dopo il concerto evento di Tony Canto, andato sold out, torna la buona musica alla Tenuta Rasocolmo. Di scena domenica 24 a partire dalle 19.30, nell\u2019ambito del cartellone del \u201cCapo Rasocolmo Summer Fest \u201822\u201d \u201cStreit Project\u201d, un progetto musicale che vede come protagonisti talenti emergenti della scena musicale dell&#8217;area dello Stretto di Messina, con la partecipazione speciale di Carlo Nicita, flautista e compositore siciliano di fama internazionale pi\u00f9 volte votato nel referendum di Musica Jazz nelle categorie \u201cDisco dell\u2019anno\u201d, \u201cMiglior nuovo talento italiano\u201d e \u201cMusicista dell&#8217;anno\u201d. Un viaggio attraverso sonorit\u00e0 mediterranee, standard jazz e brani originali che vedr\u00e0 sul palco del promontorio pi\u00f9 a Nord della Sicilia Marcello Conti, al pianoforte, Tommaso Pugliese, al contrabbasso e Federico Sacc\u00e0, alla batteria e Carlo Nicita, con il suo flauto. Autore anche di musiche per il teatro, Nicita \u201cha sempre ricercato nella propria musica una concezione \u201ctotale e creativa\u201d, frutto della sintesi di diversi linguaggi, stili e forme musicali, elaborando un personale percorso espressivo che pone le sue radici nel jazz, fa tesoro della musica colta europea, e attraversa la musica popolare, la musica brasiliana, con lo sguardo proiettato verso la sperimentazione\u201d.<\/p>\n<p>I biglietti per tutti gli eventi sono acquistabili sul sito<br \/>\nwww.tenutarasocolmo.com\/eventi.<br \/>\nInfo e prenotazioni al numero 393 334 3760.<\/p>\n","protected":false},"excerpt":{"rendered":"<p>Dopo lo straordinario successo del concerto evento di Tony Canto, torna l\u2019appuntamento con la musica jazz alla Tenuta Rasocolmo. Sul palco del promontorio pi\u00f9 a Nord della Sicilia, nell\u2019ambito del<\/p>\n<div><a class=\"permalink\" href=\"https:\/\/www.radioempire.it\/index.php\/2022\/07\/19\/torna-la-musica-jazz-alla-tenuta-rasocolmo\/\">Read More&#8230;<\/a><\/div>\n","protected":false},"author":2,"featured_media":33700,"comment_status":"closed","ping_status":"closed","sticky":false,"template":"","format":"standard","meta":[],"categories":[3,36],"tags":[],"_links":{"self":[{"href":"https:\/\/www.radioempire.it\/index.php\/wp-json\/wp\/v2\/posts\/33699"}],"collection":[{"href":"https:\/\/www.radioempire.it\/index.php\/wp-json\/wp\/v2\/posts"}],"about":[{"href":"https:\/\/www.radioempire.it\/index.php\/wp-json\/wp\/v2\/types\/post"}],"author":[{"embeddable":true,"href":"https:\/\/www.radioempire.it\/index.php\/wp-json\/wp\/v2\/users\/2"}],"replies":[{"embeddable":true,"href":"https:\/\/www.radioempire.it\/index.php\/wp-json\/wp\/v2\/comments?post=33699"}],"version-history":[{"count":1,"href":"https:\/\/www.radioempire.it\/index.php\/wp-json\/wp\/v2\/posts\/33699\/revisions"}],"predecessor-version":[{"id":33701,"href":"https:\/\/www.radioempire.it\/index.php\/wp-json\/wp\/v2\/posts\/33699\/revisions\/33701"}],"wp:featuredmedia":[{"embeddable":true,"href":"https:\/\/www.radioempire.it\/index.php\/wp-json\/wp\/v2\/media\/33700"}],"wp:attachment":[{"href":"https:\/\/www.radioempire.it\/index.php\/wp-json\/wp\/v2\/media?parent=33699"}],"wp:term":[{"taxonomy":"category","embeddable":true,"href":"https:\/\/www.radioempire.it\/index.php\/wp-json\/wp\/v2\/categories?post=33699"},{"taxonomy":"post_tag","embeddable":true,"href":"https:\/\/www.radioempire.it\/index.php\/wp-json\/wp\/v2\/tags?post=33699"}],"curies":[{"name":"wp","href":"https:\/\/api.w.org\/{rel}","templated":true}]}}