{"id":33762,"date":"2022-07-22T13:44:27","date_gmt":"2022-07-22T13:44:27","guid":{"rendered":"https:\/\/www.radioempire.it\/?p=33762"},"modified":"2022-07-22T13:44:27","modified_gmt":"2022-07-22T13:44:27","slug":"peppe-lana-fellini","status":"publish","type":"post","link":"https:\/\/www.radioempire.it\/index.php\/2022\/07\/22\/peppe-lana-fellini\/","title":{"rendered":"PEPPE LANA  \u201cFELLINI\u201d"},"content":{"rendered":"<p><strong>\u00e8 il titolo del nuovo singolo del cantautore siciliano,<\/strong><\/p>\n<p><strong>in uscita in digitale e in radio a partire da oggi.<\/strong><\/p>\n<p><strong>\u00a0<\/strong><\/p>\n<p><em>\u201c<\/em><em>Si fa racconto di un sentimento di stabilit\u00e0 illusoria, di leggerezza estiva, <\/em><\/p>\n<p><em>di una storia d&#8217;amore fugace e totalizzante.<\/em><em>\u201d <\/em><\/p>\n<p><strong>\u00a0<\/strong><\/p>\n<p><strong>\u00a0<\/strong><strong><em>\u201cFELLINI\u201d<\/em><\/strong> \u00e8 il nuovo singolo del cantautore siciliano <strong>Peppe Lana<\/strong>, in uscita <strong>in digitale e in radio a partire da oggi<\/strong>. Il brano, che anticipa il nuovo lavoro discografico, sar\u00e0 presentato oggipresso <strong>l\u2019Arci Tavola Tonda<\/strong> \u2013 Palermo (Cantiere culturali alla Zisa, dalle ore 21.30. Biglietto 10 euro. Per info e prenotazioni 329 0698188).<\/p>\n<p>&nbsp;<\/p>\n<p><a href=\"https:\/\/open.spotify.com\/track\/1bWG1cUwXYtoR2no5PQ0iw?si=8fVY_YoqT4yBHolfB6DbPg&amp;utm_source=copy-link&amp;fbclid=IwAR0qAOmVBmlggL3lt-tlqC5XR6A5Od-Idn9lusV5fO_NOUPNreiQ26VzRBM&amp;nd=1\"><strong>ASCOLTA BRANO<\/strong><\/a><\/p>\n<p>&nbsp;<\/p>\n<p>In <strong><em>\u201cFellini\u201d<\/em><\/strong> si racconta di un sentimento di stabilit\u00e0 illusoria, di leggerezza estiva, di una storia d&#8217;amore fugace e totalizzante: <em>\u201cSi tratta di una sensazione di vertigine che apre il sipario ad un percorso senza meta, da affrontare passo dopo passo,<\/em><strong>&#8211; dice l\u2019artista &#8211; <\/strong><em>godendosi il paesaggio sotto un cielo terso, libero da nubi cariche di aspettative e di futuro. Una barchetta per navigare nel mistero di ci\u00f2 che \u00e8 vivo e attraversare la realt\u00e0 con uno sguardo magico per approdare ad un mondo nuovo in cui illusioni e verit\u00e0 coesistono in un immaginario ancora pi\u00f9 vero e totale\u201d.<\/em><\/p>\n<p><em>\u00a0<\/em><\/p>\n<p>Il brano \u00e8 registrato presso gli studi di <strong>Indigo <\/strong>con la produzione artistica di <strong>Fabio Rizzo.<\/strong> Hanno collaborato al singolo lo stesso <strong>Fabio Rizzo<\/strong> (chitarra elettrica), <strong>Ferdinando Piccoli <\/strong>(batteria), <strong>Alessio Bond\u00ec <\/strong>(charango), <strong>Mirella Buono<\/strong> (violini), <strong>Alessio Oliva<\/strong> (congas e percussioni) e <strong>Arabella Rustico<\/strong> (basso). Voce, chitarra classica, fisarmonica, synth, piano, chitarra elettrica sono di <strong>Peppe Lana.<\/strong><\/p>\n<p><strong> <img loading=\"lazy\" class=\"alignleft size-medium wp-image-33764\" src=\"https:\/\/www.radioempire.it\/wp-content\/uploads\/2022\/07\/Peppe-Lana-3-200x300.jpg\" alt=\"\" width=\"200\" height=\"300\" srcset=\"https:\/\/www.radioempire.it\/wp-content\/uploads\/2022\/07\/Peppe-Lana-3-200x300.jpg 200w, https:\/\/www.radioempire.it\/wp-content\/uploads\/2022\/07\/Peppe-Lana-3-683x1024.jpg 683w, https:\/\/www.radioempire.it\/wp-content\/uploads\/2022\/07\/Peppe-Lana-3-768x1152.jpg 768w, https:\/\/www.radioempire.it\/wp-content\/uploads\/2022\/07\/Peppe-Lana-3-1024x1536.jpg 1024w, https:\/\/www.radioempire.it\/wp-content\/uploads\/2022\/07\/Peppe-Lana-3.jpg 1200w\" sizes=\"(max-width: 200px) 100vw, 200px\" \/><\/strong><\/p>\n<p><strong>PEPPE LANA:<\/strong> classe 1990, agrigentino, inizia a suonare il pianoforte a sette anni. Poco pi\u00f9 tardi, scopre anche la chitarra e la fisarmonica. Ascoltatore vorace, le sue influenze spaziano dal folk al blues, dal jazz alla tradizione cantautorale italiana. Dalla necessit\u00e0 di esprimersi in prima persona nascono gli \u201c<strong>Aristocrasti<\/strong>\u201d, con cui compone, arrangia e pubblica il primo album di inediti \u201c<strong>Per la Strada<\/strong>\u201d uscito nel febbraio 2017. Nel 2018, dall\u2019incontro con il chitarrista argentino <strong>Sebastian Torres<\/strong>, nasce il gruppo di musica tradizionale sudamericana &#8220;<strong>Pacha Kama<\/strong>&#8220;. Nel 2019 si iscrive al Corso di Pianoforte Jazz del Conservatorio \u201cA. Scarlatti\u201d di Palermo sotto la guida del maestro <strong>Riccardo Randisi <\/strong>e intraprende la carriera solistica. A febbraio del 2021 pubblica il singolo &#8220;<strong>Libert\u00e0<\/strong>&#8221; e il videoclip del brano <a href=\"https:\/\/www.youtube.com\/watch?v=iQPUIN-Hcsc\">GUARDA VIDEO<\/a>, girato da Gianni Cannizzo \u00e8 frutto della collaborazione con la <a href=\"https:\/\/www.pianofocalescuola.it\/\">Scuola di Cinema Piano Focale<\/a><strong>\u00a0<\/strong>e<strong> l\u2019Accademia di Belle Arti di Palermo<\/strong>. Inoltre interpretato da <strong>Giuseppe Lo Piccolo e Federica Greco<\/strong> vince il premio \u201c<strong>Miglior Socialclip 2021\u201d<\/strong> al prestigioso <strong>Festival Tulipani di Seta Nera, <\/strong>andato in onda su <strong>Rai Due<\/strong> con la conduzione di <strong>Pino Insegno <\/strong>e <strong>Elena Ballerini<\/strong> earriva dopo la vittoria come \u201c<strong>Best Music Video\u201d <\/strong>al <strong>Montreal Indipendent Film Festival<\/strong> e come <strong>\u201cBest Director\u201d<\/strong> al<strong> Munich Music Video Awards.<\/strong> A luglio dello stesso anno esce \u201c<strong>Scegliere e Cambiare<\/strong>\u201d, anche questo accompagnato dal videoclip, una piccola magia animata di <strong>Basaric\u00f2 Studio<\/strong> (<a href=\"https:\/\/www.youtube.com\/watch?v=ES3J4O3fyAA\">GUARDA VIDEO<\/a>). Ad ottobre sempre 2021 esce il terzo singolo, \u201c<strong>Elogio della Lentezza<\/strong>\u201d (<a href=\"https:\/\/youtu.be\/0ahxtWrbOPo\">GUARDA VIDEO)<\/a> anche questo accompagnato da un videoclip realizzato in collaborazione con la <strong>Scuola di Cinema Piano Focale<\/strong>. Il progetto musicale di <strong>Peppe Lana <\/strong>accompagna una ricerca personale, musicale e filosofica, incentrata sull\u2019auto osservazione e la scoperta di un s\u00e9 in costante cambiamento ma fortemente ancorato al momento presente.<\/p>\n","protected":false},"excerpt":{"rendered":"<p>\u00e8 il titolo del nuovo singolo del cantautore siciliano, in uscita in digitale e in radio a partire da oggi. \u00a0 \u201cSi fa racconto di un sentimento di stabilit\u00e0 illusoria,<\/p>\n<div><a class=\"permalink\" href=\"https:\/\/www.radioempire.it\/index.php\/2022\/07\/22\/peppe-lana-fellini\/\">Read More&#8230;<\/a><\/div>\n","protected":false},"author":2,"featured_media":33763,"comment_status":"closed","ping_status":"closed","sticky":false,"template":"","format":"standard","meta":[],"categories":[3,36],"tags":[],"_links":{"self":[{"href":"https:\/\/www.radioempire.it\/index.php\/wp-json\/wp\/v2\/posts\/33762"}],"collection":[{"href":"https:\/\/www.radioempire.it\/index.php\/wp-json\/wp\/v2\/posts"}],"about":[{"href":"https:\/\/www.radioempire.it\/index.php\/wp-json\/wp\/v2\/types\/post"}],"author":[{"embeddable":true,"href":"https:\/\/www.radioempire.it\/index.php\/wp-json\/wp\/v2\/users\/2"}],"replies":[{"embeddable":true,"href":"https:\/\/www.radioempire.it\/index.php\/wp-json\/wp\/v2\/comments?post=33762"}],"version-history":[{"count":1,"href":"https:\/\/www.radioempire.it\/index.php\/wp-json\/wp\/v2\/posts\/33762\/revisions"}],"predecessor-version":[{"id":33765,"href":"https:\/\/www.radioempire.it\/index.php\/wp-json\/wp\/v2\/posts\/33762\/revisions\/33765"}],"wp:featuredmedia":[{"embeddable":true,"href":"https:\/\/www.radioempire.it\/index.php\/wp-json\/wp\/v2\/media\/33763"}],"wp:attachment":[{"href":"https:\/\/www.radioempire.it\/index.php\/wp-json\/wp\/v2\/media?parent=33762"}],"wp:term":[{"taxonomy":"category","embeddable":true,"href":"https:\/\/www.radioempire.it\/index.php\/wp-json\/wp\/v2\/categories?post=33762"},{"taxonomy":"post_tag","embeddable":true,"href":"https:\/\/www.radioempire.it\/index.php\/wp-json\/wp\/v2\/tags?post=33762"}],"curies":[{"name":"wp","href":"https:\/\/api.w.org\/{rel}","templated":true}]}}