{"id":33804,"date":"2022-07-23T14:17:00","date_gmt":"2022-07-23T14:17:00","guid":{"rendered":"https:\/\/www.radioempire.it\/?p=33804"},"modified":"2022-07-23T17:11:27","modified_gmt":"2022-07-23T17:11:27","slug":"accordo-raggiunto-con-il-difensore-giuseppe-fili","status":"publish","type":"post","link":"https:\/\/www.radioempire.it\/index.php\/2022\/07\/23\/accordo-raggiunto-con-il-difensore-giuseppe-fili\/","title":{"rendered":"Accordo raggiunto con il difensore Giuseppe Fil\u00ec"},"content":{"rendered":"<p>La societ\u00e0 ACR Messina comunica di aver acquisito il diritto alle prestazioni sportive del calciatore Giuseppe Fil\u00ec. Il difensore, nato a Licata il 4 novembre 2002, vestir\u00e0 la maglia biancoscudata con la formula del prestito secco annuale dall\u2019Empoli. Ritorno in Sicilia per il possente centrale di 191 centimetri che andr\u00e0 a rafforzare la retroguardia di mister Auteri. Cresciuto nelle giovanili del Trapani, \u00e8 stato acquistato dal Milan prima del passaggio in Toscana. Nella scorsa stagione ha collezionato dieci presenze complessive: otto nel campionato Primavera e due nella Coppa di categoria trovando anche la via della reta nel match contro il Pescara.<\/p>\n","protected":false},"excerpt":{"rendered":"<p>La societ\u00e0 ACR Messina comunica di aver acquisito il diritto alle prestazioni sportive del calciatore Giuseppe Fil\u00ec. Il difensore, nato a Licata il 4 novembre 2002, vestir\u00e0 la maglia biancoscudata<\/p>\n<div><a class=\"permalink\" href=\"https:\/\/www.radioempire.it\/index.php\/2022\/07\/23\/accordo-raggiunto-con-il-difensore-giuseppe-fili\/\">Read More&#8230;<\/a><\/div>\n","protected":false},"author":2,"featured_media":33805,"comment_status":"closed","ping_status":"closed","sticky":false,"template":"","format":"standard","meta":[],"categories":[3,36],"tags":[],"_links":{"self":[{"href":"https:\/\/www.radioempire.it\/index.php\/wp-json\/wp\/v2\/posts\/33804"}],"collection":[{"href":"https:\/\/www.radioempire.it\/index.php\/wp-json\/wp\/v2\/posts"}],"about":[{"href":"https:\/\/www.radioempire.it\/index.php\/wp-json\/wp\/v2\/types\/post"}],"author":[{"embeddable":true,"href":"https:\/\/www.radioempire.it\/index.php\/wp-json\/wp\/v2\/users\/2"}],"replies":[{"embeddable":true,"href":"https:\/\/www.radioempire.it\/index.php\/wp-json\/wp\/v2\/comments?post=33804"}],"version-history":[{"count":1,"href":"https:\/\/www.radioempire.it\/index.php\/wp-json\/wp\/v2\/posts\/33804\/revisions"}],"predecessor-version":[{"id":33806,"href":"https:\/\/www.radioempire.it\/index.php\/wp-json\/wp\/v2\/posts\/33804\/revisions\/33806"}],"wp:featuredmedia":[{"embeddable":true,"href":"https:\/\/www.radioempire.it\/index.php\/wp-json\/wp\/v2\/media\/33805"}],"wp:attachment":[{"href":"https:\/\/www.radioempire.it\/index.php\/wp-json\/wp\/v2\/media?parent=33804"}],"wp:term":[{"taxonomy":"category","embeddable":true,"href":"https:\/\/www.radioempire.it\/index.php\/wp-json\/wp\/v2\/categories?post=33804"},{"taxonomy":"post_tag","embeddable":true,"href":"https:\/\/www.radioempire.it\/index.php\/wp-json\/wp\/v2\/tags?post=33804"}],"curies":[{"name":"wp","href":"https:\/\/api.w.org\/{rel}","templated":true}]}}