{"id":33837,"date":"2022-07-24T18:23:31","date_gmt":"2022-07-24T18:23:31","guid":{"rendered":"https:\/\/www.radioempire.it\/?p=33837"},"modified":"2022-07-24T18:23:31","modified_gmt":"2022-07-24T18:23:31","slug":"e-veneta-la-nuova-banda-dellamando-volley-giunge-al-new-palabucalo-erica-giacomel","status":"publish","type":"post","link":"https:\/\/www.radioempire.it\/index.php\/2022\/07\/24\/e-veneta-la-nuova-banda-dellamando-volley-giunge-al-new-palabucalo-erica-giacomel\/","title":{"rendered":"E\u2019 veneta la nuova banda dell\u2019Amando Volley. Giunge al New PalaBucalo Erica Giacomel"},"content":{"rendered":"<p><strong>Amando Volley scatenata nel mercato estivo 2022.<\/strong> Ingaggiata la forte banda Erica Giacomel. Nata a Motta di Livenza il 25 febbraio 1992, 179 cm, ha fatto tutta la trafila nelle giovanili della squadra della sua citt\u00e0, il San Don\u00e0 di Piave, arrivando a disputare con la casacca veneziana il campionato di serie B1. Dal 2012 al 2016 veste la maglia del Lilliput Settimo Torinese; quattro anni indimenticabili, ove nei primi tre arriva a disputare i play-off per salire in A2: il terzo tentativo si rivela vincente ed al suo quarto anno in terra torinese disputa pertanto il campionato di serie A2. Nella stagione 2016-17 \u00e8 a Cuneo in B1: ancora un campionato vinto ed altra promozione in serie A2.Esperienza campana nella stagione successiva, sempre in B1, con la gloriosa societ\u00e0 della Fiamma Torrese, mentre nel 2018 si riavvicina a casa militando per una stagione e mezza nel Volley Maniago Pordenone (B1). Nel gennaio del 2020, durante la finestra di mercato invernale, passa alla Pallavolo CBL di Costa Volpino (BG), sempre in B1, ove rimane anche per tutta la stagione successiva.Causa anche la pandemia decide di non iniziare il campionato 2021-22, ma le sue incertezze durano poco in quanto, cedendo alle lusinghe del VBC Viterbo, si accasa ben prestonella societ\u00e0 laziale ove disputa il campionato di serie B2. Adesso il New PalaBucalo sar\u00e0 la sua nuova casa: grande la soddisfazione della tifoseria locale che percepisce gli sforzi che la societ\u00e0 santateresina sta facendo in sede di mercato per allestire una compagine di prim\u2019ordine in vista della prossima annata.<\/p>\n<p>\u201cSono strafelice di approdare in una societ\u00e0 ben organizzata come il Santa Teresa di Riva \u2013 queste le prime dichiarazioni della Giacomel. So che mister Antonio Jimenez mi stima e in pi\u00f9 occasioni ha speso parole di elogio nei miei confronti. Non vedo l\u2019ora che la stagione agonistica inizi. Sar\u00f2 molto determinata. Purtroppo le paure e le incertezze dovute alla pandemia mi hanno fatto vacillare e ho pensato di lasciare la pallavolo ma per fortuna tutto \u00e8 rientrato grazie anche alla societ\u00e0 Viterbo dove lo scorso anno ho iniziato e concluso il mio unico campionato di serie B2 in carriera. Arrivederci a presto. Non vedo l\u2019ora di conoscere le mie nuove compagne di squadra, lo staff dirigenziale e la tifoseria degli Eagles\u201d.<\/p>\n<p>A solo titolo di curiosit\u00e0 ricordiamo che Erica \u00e8 la sorella maggiore di Veronica Giacomel, protagonista al PalaBucalo da avversaria con la casacca dell\u2019Acca Nettuno Montella fra il 2015 e il 2017, uno dei liberi pi\u00f9 forti mai visti sul parquet di Via Campo Sportivo.<\/p>\n<p>L\u2019Addetto Stampa<\/p>\n<p><strong>Orazio Leotta<\/strong><\/p>\n<p>&nbsp;<\/p>\n","protected":false},"excerpt":{"rendered":"<p>Amando Volley scatenata nel mercato estivo 2022. Ingaggiata la forte banda Erica Giacomel. Nata a Motta di Livenza il 25 febbraio 1992, 179 cm, ha fatto tutta la trafila nelle<\/p>\n<div><a class=\"permalink\" href=\"https:\/\/www.radioempire.it\/index.php\/2022\/07\/24\/e-veneta-la-nuova-banda-dellamando-volley-giunge-al-new-palabucalo-erica-giacomel\/\">Read More&#8230;<\/a><\/div>\n","protected":false},"author":2,"featured_media":33838,"comment_status":"closed","ping_status":"closed","sticky":false,"template":"","format":"standard","meta":[],"categories":[3,36],"tags":[],"_links":{"self":[{"href":"https:\/\/www.radioempire.it\/index.php\/wp-json\/wp\/v2\/posts\/33837"}],"collection":[{"href":"https:\/\/www.radioempire.it\/index.php\/wp-json\/wp\/v2\/posts"}],"about":[{"href":"https:\/\/www.radioempire.it\/index.php\/wp-json\/wp\/v2\/types\/post"}],"author":[{"embeddable":true,"href":"https:\/\/www.radioempire.it\/index.php\/wp-json\/wp\/v2\/users\/2"}],"replies":[{"embeddable":true,"href":"https:\/\/www.radioempire.it\/index.php\/wp-json\/wp\/v2\/comments?post=33837"}],"version-history":[{"count":1,"href":"https:\/\/www.radioempire.it\/index.php\/wp-json\/wp\/v2\/posts\/33837\/revisions"}],"predecessor-version":[{"id":33839,"href":"https:\/\/www.radioempire.it\/index.php\/wp-json\/wp\/v2\/posts\/33837\/revisions\/33839"}],"wp:featuredmedia":[{"embeddable":true,"href":"https:\/\/www.radioempire.it\/index.php\/wp-json\/wp\/v2\/media\/33838"}],"wp:attachment":[{"href":"https:\/\/www.radioempire.it\/index.php\/wp-json\/wp\/v2\/media?parent=33837"}],"wp:term":[{"taxonomy":"category","embeddable":true,"href":"https:\/\/www.radioempire.it\/index.php\/wp-json\/wp\/v2\/categories?post=33837"},{"taxonomy":"post_tag","embeddable":true,"href":"https:\/\/www.radioempire.it\/index.php\/wp-json\/wp\/v2\/tags?post=33837"}],"curies":[{"name":"wp","href":"https:\/\/api.w.org\/{rel}","templated":true}]}}