{"id":33860,"date":"2022-07-25T11:16:45","date_gmt":"2022-07-25T11:16:45","guid":{"rendered":"https:\/\/www.radioempire.it\/?p=33860"},"modified":"2022-07-25T11:16:45","modified_gmt":"2022-07-25T11:16:45","slug":"si-aggiungono-nuove-date-al-tour-estivo-dei-99-posse","status":"publish","type":"post","link":"https:\/\/www.radioempire.it\/index.php\/2022\/07\/25\/si-aggiungono-nuove-date-al-tour-estivo-dei-99-posse\/","title":{"rendered":"SI AGGIUNGONO NUOVE DATE AL TOUR ESTIVO DEI 99 POSSE"},"content":{"rendered":"<p><strong>99 POSSE<\/strong><\/p>\n<p><strong>QUEST\u2019ESTATE IN TOUR<\/strong><\/p>\n<p><strong>\u00a0<\/strong><\/p>\n<p><strong>I CONCERTI<\/strong><\/p>\n<p><strong>(calendario in aggiornamento)<\/strong><\/p>\n<p>12\/06 Casacalenda (CB), Corso Vittorio Emanuele<\/p>\n<p>18\/06 Narni (TR), Narni Citt\u00e0 Teatro \/\/ spettacolo teatrale &#8220;Scritti sull&#8217;Arte&#8221;<\/p>\n<p>26\/06 Sant\u2019Antonio Abate (NA) &#8211; Pummarock \u2013\u00a0<strong>NUOVA DATA<\/strong><\/p>\n<p>29\/06 Bologna, Botanique<\/p>\n<p>30\/06 Vicchio (FI), Etnica Festival<\/p>\n<p>08\/07 Padova, Sherwood Festival<\/p>\n<p>09\/07 Pofi (FR) &#8211; Bomboklat Festival<\/p>\n<p>14\/07 Fara Gera d&#8217;Adda (BG), Fara Rock<\/p>\n<p>29\/07 Avellino &#8211; Piazza Libert\u00e0 &#8211;\u00a0<strong>NUOVA DATA<\/strong><\/p>\n<p>06\/08 Frazzan\u00f2 (ME), Frazzan\u00f2\u00a0Folk Festival<\/p>\n<p>10\/08 Gambatesa (CB) \u2013 Piazza &#8211;\u00a0<strong>NUOVA DATA<\/strong><\/p>\n<p>11\/08 Petacciato Marina (CB) &#8211; Sabbie Mobili 2022 &#8211;\u00a0<strong>NUOVA DATA<\/strong><\/p>\n<p>15\/08 Randazzo (CT) &#8211; Piazza Loreto &#8211;\u00a0<strong>NUOVA DATA<\/strong><\/p>\n<p>16\/08 Canna (CS) \u2013 Piazza &#8211;\u00a0<strong>NUOVA DATA<\/strong><\/p>\n<p>27\/08 Russi (RA), Palazzo San Giacomo<\/p>\n<p>28\/8 Fermo &#8211; Lido San Tommaso &#8211;\u00a0<strong>NUOVA DATA<\/strong><\/p>\n<p>10\/09 Napoli, Arena Flegrea \u2013\u00a0<strong>NUOVA DATA<\/strong><\/p>\n<p>17\/09 Fano (PU) &#8211; Rocca Malatestiana \u2013\u00a0<strong>NUOVA DATA<\/strong><\/p>\n<p>22\/09 Verona &#8211; Para Todos Festival \u2013\u00a0<strong>NUOVA DATA<\/strong><\/p>\n<p>23\/09 Torino, Hiroshima Soundgarden<\/p>\n<p>24\/09 Roma &#8211; Festival Falastin @ Circolo Arci Concetto Marchesi \u2013\u00a0<strong>NUOVA DATA<\/strong><\/p>\n<p>02\/10 Villanovaforru (CA) &#8211; Anfiteatro Villanovaforru \u2013\u00a0<strong>NUOVA DATA<\/strong><\/p>\n<p>&nbsp;<\/p>\n<p>&nbsp;<\/p>\n<p>Si aggiungono nuove date al lungo tour estivo dei 99 POSSE.<\/p>\n<p>&nbsp;<\/p>\n<p>Dopo la pubblicazione nel 2021 dei singoli \u201cComanda la gang\u201d e \u201cNero su bianco\u201d, con cui sono tornati sulla scena musicale italiana a trent\u2019anni dalla loro fondazione, i 99 POSSE sono impegnati per una lunga estate sui palchi d\u2019Italia.<\/p>\n<p>&nbsp;<\/p>\n<p>Una stagione all\u2019insegna dei live, inaugurata all\u2019Uno Maggio Libero e Pensante di Taranto, con un set che ha letteralmente infiammato il numeroso pubblico presente al Parco Archeologico delle Mura Greche, che ha risposto intonando a pieni polmoni brani come \u2018Curre Curre Guagli\u00f2\u2019, \u2018Children of Babylon\u2019 e \u2018Povera Vita Mia\u2019.<\/p>\n<p>&nbsp;<\/p>\n<p>Formazione seminale fin dalla sua fondazione, in 30 anni di attivit\u00e0, i 99 Posse hanno segnato la storia di un genere, con album pluripremiati come \u201cCurre curre guagli\u00f2\u201d, \u201cCerco tiempo\u201d e \u201cCorto circuito\u201d e migliaia di concerti che hanno cambiato il modo di fare e vivere la musica in Italia e non solo.<\/p>\n<p>&nbsp;<\/p>\n<p><strong>Link al videoclip del brano \u201cComanda la Gang\u201d:<\/strong><\/p>\n<p><a href=\"https:\/\/bigtimeedimusicasnc.musvc2.net\/e\/t?q=9%3dHV0dNV%26n%3dW%265%3dT3c%266%3dR5cNa%26w%3d7r2cDAKrO_9rUv_J2_twjq_4B_9rUv_I71KBKw.8v_ISyg_ShAcjrPGuZGeJ%26f%3dIBJx9I.EgP%26zJ%3d6aK&amp;mupckp=mupAtu4m8OiX0wt\" target=\"_blank\" rel=\"noopener\" data-saferedirecturl=\"https:\/\/www.google.com\/url?q=https:\/\/bigtimeedimusicasnc.musvc2.net\/e\/t?q%3D9%253dHV0dNV%2526n%253dW%25265%253dT3c%25266%253dR5cNa%2526w%253d7r2cDAKrO_9rUv_J2_twjq_4B_9rUv_I71KBKw.8v_ISyg_ShAcjrPGuZGeJ%2526f%253dIBJx9I.EgP%2526zJ%253d6aK%26mupckp%3DmupAtu4m8OiX0wt&amp;source=gmail&amp;ust=1658831307957000&amp;usg=AOvVaw1yf2N2JYnnc9Qs6UZvvImJ\"><strong>https:\/\/youtu.be\/eLIptzTXkNs<\/strong><\/a><\/p>\n<p><strong>\u00a0<\/strong><\/p>\n<p><strong>Link al videoclip del brano \u201cNero su Bianco\u201d:<\/strong><\/p>\n<p><a href=\"https:\/\/bigtimeedimusicasnc.musvc2.net\/e\/t?q=5%3d3ZVZ9Z%260%3dS%26p%3dXOY%26q%3dVQY9e%26I%3d0vODK_tvqr_56_FsUu_P8_tvqr_4AKOy.TCMvPz7.eJA_JSxn_ThRyLeC_FsUu_Q8x_MouR_X2lksqvoQI8-q%269%3d3c6yAMuQ1T.p0H%26Au%3dYSV&amp;mupckp=mupAtu4m8OiX0wt\" target=\"_blank\" rel=\"noopener\" data-saferedirecturl=\"https:\/\/www.google.com\/url?q=https:\/\/bigtimeedimusicasnc.musvc2.net\/e\/t?q%3D5%253d3ZVZ9Z%25260%253dS%2526p%253dXOY%2526q%253dVQY9e%2526I%253d0vODK_tvqr_56_FsUu_P8_tvqr_4AKOy.TCMvPz7.eJA_JSxn_ThRyLeC_FsUu_Q8x_MouR_X2lksqvoQI8-q%25269%253d3c6yAMuQ1T.p0H%2526Au%253dYSV%26mupckp%3DmupAtu4m8OiX0wt&amp;source=gmail&amp;ust=1658831307957000&amp;usg=AOvVaw3Vso7h41novtYHbyPROqso\"><strong>https:\/\/www.youtube.com\/watch?<wbr \/>v=JiNSTmvuf-o<\/strong><\/a><\/p>\n<p>&nbsp;<\/p>\n<p><strong>Etichetta:\u00a0<\/strong>Novenove<\/p>\n<p><strong>Management:\u00a0<\/strong>Diego Magnetta \u2013\u00a0<a href=\"mailto:info@novenove.it\" target=\"_blank\" rel=\"noopener\">info@novenove.it<\/a><\/p>\n<p><strong>Booking:\u00a0<\/strong>La Tempesta Concerti &#8211; Gabriele Fiorentino \u2013\u00a0<a href=\"mailto:gabriele@latempesta.org\" target=\"_blank\" rel=\"noopener\">gabriele@latempesta.org<\/a><\/p>\n<p><strong>Ufficio Stampa e Promozione:\u00a0<\/strong>Big Time \u2013\u00a0<a href=\"mailto:pressoff@bigtimeweb.it\" target=\"_blank\" rel=\"noopener\">pressoff@bigtimeweb.it<\/a><\/p>\n<p><strong>\u00a0<\/strong><\/p>\n<p><strong>99 POSSE \u2013 Biografia<\/strong><\/p>\n<p><strong>\u00a0<\/strong><\/p>\n<p>Il 10 maggio 1991 nasce il centro sociale occupato autogestito Officina 99. Il 9 ottobre dello stesso anno nascono i 99 Posse, come diretta espressione del C.S.O.A. e delle nuove culture urbane che trovano nella musica un veicolo potente. I primi storici singoli del gruppo, &#8220;Rafaniello&#8221; e &#8220;Salario Garantito&#8221;, danno la stura a quell&#8217;onda rap e raggamuffin che segner\u00e0 una svolta epocale nella musica popolare italiana.<\/p>\n<p>&nbsp;<\/p>\n<p>Nell&#8217;anno successivo il singolo &#8220;Sott&#8217;attacco dell&#8217;idiozia&#8221; vede la prima forma di collaborazione stretta e dinamica fra tre gruppi napoletani: 99 Posse, Bisca, Almamegretta. \u00c8 qui che si gettano le basi per il supergruppo Bisca99Posse che in due anni girer\u00e0 l&#8217;Italia con pi\u00f9 di 200 date e con picchi di 15000 persone (il mattatoio 1994).<\/p>\n<p>&nbsp;<\/p>\n<p>Il primo album dei 99 Posse, \u201cCurre curre guagli\u00f2\u201d, datato 1993, fa anche da colonna sonora del film \u201cSud\u201d di Gabriele Salvatores, legato all&#8217;argomento dei centri sociali, in cui collabora anche un giovanissimo Speaker Cenzou. L&#8217;album si aggiudica la Targa Tenco come miglior disco in dialetto dell&#8217;anno. Nel gennaio dello stesso anno il gruppo si esibisce dal vivo suonando la canzone Napoli nel programma televisivo\u00a0<em>Avanzi<\/em>, in onda su Rai 3, esprimendo, alla fine della canzone, la propria contrariet\u00e0 ad un imminente sgombero che avrebbe dovuto interessare in quel periodo il centro sociale Officina 99.<\/p>\n<p>&nbsp;<\/p>\n<p>Nel 1994, oltre al doppio album live dei Bisca99Posse \u201cIncredibile opposizione tour 94\u201d, nasce anche l&#8217;etichetta discografica Novenove, che lavora per dare spazio alle giovani voci emergenti che altrimenti non troverebbero spazio nell&#8217;industria musicale italiana. L&#8217;uscita di \u201cGuai a chi ci tocca\u201d (1995) determina la fine della collaborazione fra Bisca e 99 Posse, che tornarono a suonare ognuno con la propria originaria formazione e segna anche la prima apparizione nella discografia dei 99 Posse della cantante Maria Di Donna (in arte &#8220;Meg&#8221;), che diventa parte integrante del gruppo a partire dall&#8217;album successivo.<\/p>\n<p>&nbsp;<\/p>\n<p>Nel 1996 i 99 Posse totalizzano, con \u201cCerco tiempo\u201d, oltre 80.000 copie vendute conquistando il &#8220;Disco d&#8217;oro&#8221;. Il 1998, invece, \u00e8 l&#8217;anno di \u201cCorto circuito\u201d, che raddoppia le vendite di \u201cCerco tiempo\u201d, raggiungendo le 160.000 copie.<\/p>\n<p>&nbsp;<\/p>\n<p>Nel 2000 esce il loro ultimo album completamente inedito, \u201cLa vida que vendr\u00e0\u201d. Il successivo \u201cNA9910\u00b0\u201d, infatti, ultimo album pubblicato dei 99 Posse al completo, pubblicato in onore dei 10 anni del gruppo nel 2001, anno in cui i 99 Posse di fatto si sono sciolti, contiene solo due tracce inedite, &#8220;Amerika&#8221; e &#8220;Stop that train&#8221;. Anche questo album si aggiudica la Targa Tenco.<\/p>\n<p>&nbsp;<\/p>\n<p>Nel 2003, i 99 Posse prendono strade diverse: &#8216;O Zul\u00f9 pubblica un disco con il suo nuovo gruppo, gli Al Mukawama (dall&#8217;arabo, &#8220;La Resistenza&#8221;) (disco omonimo), formato da Neil Perch degli Zion Train e Papa J, oltre a Persico, che \u00e8 stato la colonna sonora del film di Antonio Bocola e Paolo Vari \u201cFame chimica\u201d, incentrato sulle vicende di un gruppo di ragazzi di periferia, alle prese con intolleranza e disoccupazione.<\/p>\n<p>JRM \u00e8 impegnato con Jovine, progetto musicale intrapreso insieme al fratello Valerio. A novembre del 2005 esce &#8220;Ora&#8221; (Manifesto\/Novenove) e in poco pi\u00f9 di 2 mesi vende circa 3000 copie.<\/p>\n<p>Marco Messina lavora invece al progetto &#8220;Resina&#8221; insieme al gruppo &#8220;Retina.it&#8221; e inoltre ha al suo attivo un album con Meg, con il nome di &#8220;La Tempesta&#8221;, prodotto dai due sotto il nome di Nous, oltre a continuare a collaborare con lei di tanto in tanto.<\/p>\n<p>&nbsp;<\/p>\n<p>Il 18 luglio 2009 i 99 Posse tornano ad esibirsi insieme a Piazza del Ges\u00f9 a Napoli, in un concerto organizzato dai movimenti napoletani contro la repressione e contro l&#8217;arresto di 21 attivisti per i fatti del G8 dell&#8217;Universit\u00e0 di Torino: questo segna il ritorno in attivit\u00e0 dei 99 Posse dopo 7 anni.<\/p>\n<p>Il 12 settembre 2009 i 99 Posse ufficializzano la loro riunione con un concerto nella storica Piazza Mercato a Napoli. A questo evento seguono 85 concerti in giro per la penisola con puntate a Londra ed in Spagna.<\/p>\n<p>Il 7 giugno 2010 i 99 Posse pubblicano il singolo \u201cAntifa\u201d, rendendolo liberamente scaricabile dal sito di XL Repubblica. Si tratta del primo singolo inedito dopo la loro reunion.<\/p>\n<p>A ottobre 2011 esce l\u2019album &#8220;Cattivi Guagliuni&#8221; prodotto dalla propria etichetta discografica Novenove e distribuito da Artist First, il videoclip che anticipa l\u2019album \u00e8 stato girato al Lido di Venezia durante il 68\u00b0 Festival del Cinema con la regia di Abel Ferrara.<\/p>\n<p>&nbsp;<\/p>\n<p>Il 25 marzo 2014 esce \u201cCurre Curre Guaglio\u2019 2.0 \u2013\u00a0<em>Non un passo indietro<\/em>\u201d, il disco che ripercorre i grandi successi della loro prima discografia e una carriera da record. Un album che celebra e rivitalizza un disco storico, grazie anche ai numerosi e importanti featuring con Alborosie, Mama Marias, Caparezza, J-Ax, Clementino, Pau dei Negrita, Punkreas, Samuel, Banda Bassotti, Francesco Di Bella, Ensi, Signor K e Bonnot, Valerio Jovine, Enzo Avitabile e i Bottari, Roy Paci, e molti altri.<\/p>\n<p>Oltre ai \u201cremake\u201d, in \u201cCurre Curre Guaglio\u2019 2.0 \u2013\u00a0<em>Non un passo indietro<\/em>\u201d sono presenti anche 4 brani inediti.<\/p>\n<p>&nbsp;<\/p>\n<p>Il 22 aprile 2016 esce l\u2019ultimo disco dei 99 Posse, intitolato \u201cIl Tempo. Le Parole. Il Suono.\u201d<\/p>\n<p>&nbsp;<\/p>\n<p>Nel 2021 si celebra il 30esimo anniversario dalla nascita del gruppo. La band, rientra in studio e inizia un nuovo percorso che vedr\u00e0 il progressivo rilascio di nuovi brani, di cui \u201cComanda la gang\u201d \u00e8 il primo tassello pubblicato il 2 aprile, seguito dal brano \u201cNero su Bianco\u201d uscito il 25 maggio 2021.<\/p>\n","protected":false},"excerpt":{"rendered":"<p>99 POSSE QUEST\u2019ESTATE IN TOUR \u00a0 I CONCERTI (calendario in aggiornamento) 12\/06 Casacalenda (CB), Corso Vittorio Emanuele 18\/06 Narni (TR), Narni Citt\u00e0 Teatro \/\/ spettacolo teatrale &#8220;Scritti sull&#8217;Arte&#8221; 26\/06 Sant\u2019Antonio<\/p>\n<div><a class=\"permalink\" href=\"https:\/\/www.radioempire.it\/index.php\/2022\/07\/25\/si-aggiungono-nuove-date-al-tour-estivo-dei-99-posse\/\">Read More&#8230;<\/a><\/div>\n","protected":false},"author":2,"featured_media":33861,"comment_status":"closed","ping_status":"closed","sticky":false,"template":"","format":"standard","meta":[],"categories":[3,36],"tags":[],"_links":{"self":[{"href":"https:\/\/www.radioempire.it\/index.php\/wp-json\/wp\/v2\/posts\/33860"}],"collection":[{"href":"https:\/\/www.radioempire.it\/index.php\/wp-json\/wp\/v2\/posts"}],"about":[{"href":"https:\/\/www.radioempire.it\/index.php\/wp-json\/wp\/v2\/types\/post"}],"author":[{"embeddable":true,"href":"https:\/\/www.radioempire.it\/index.php\/wp-json\/wp\/v2\/users\/2"}],"replies":[{"embeddable":true,"href":"https:\/\/www.radioempire.it\/index.php\/wp-json\/wp\/v2\/comments?post=33860"}],"version-history":[{"count":1,"href":"https:\/\/www.radioempire.it\/index.php\/wp-json\/wp\/v2\/posts\/33860\/revisions"}],"predecessor-version":[{"id":33862,"href":"https:\/\/www.radioempire.it\/index.php\/wp-json\/wp\/v2\/posts\/33860\/revisions\/33862"}],"wp:featuredmedia":[{"embeddable":true,"href":"https:\/\/www.radioempire.it\/index.php\/wp-json\/wp\/v2\/media\/33861"}],"wp:attachment":[{"href":"https:\/\/www.radioempire.it\/index.php\/wp-json\/wp\/v2\/media?parent=33860"}],"wp:term":[{"taxonomy":"category","embeddable":true,"href":"https:\/\/www.radioempire.it\/index.php\/wp-json\/wp\/v2\/categories?post=33860"},{"taxonomy":"post_tag","embeddable":true,"href":"https:\/\/www.radioempire.it\/index.php\/wp-json\/wp\/v2\/tags?post=33860"}],"curies":[{"name":"wp","href":"https:\/\/api.w.org\/{rel}","templated":true}]}}