{"id":33966,"date":"2022-07-31T09:18:46","date_gmt":"2022-07-31T09:18:46","guid":{"rendered":"https:\/\/www.radioempire.it\/?p=33966"},"modified":"2022-07-31T09:20:46","modified_gmt":"2022-07-31T09:20:46","slug":"amando-volley-unaltra-schiacciatrice-alla-corte-di-mister-jimenez-lennese-sara-gervasi","status":"publish","type":"post","link":"https:\/\/www.radioempire.it\/index.php\/2022\/07\/31\/amando-volley-unaltra-schiacciatrice-alla-corte-di-mister-jimenez-lennese-sara-gervasi\/","title":{"rendered":"Amando Volley. Un\u2019altra schiacciatrice alla corte di mister Jimenez: l\u2019ennese Sara Gervasi"},"content":{"rendered":"<p>La giovane Sara Gervasi, nata a d Enna il 27-01-2000, completa il reparto schiacciatrici dell\u2019Amando Volley. Dopo l\u2019annuncio dell\u2019ingaggio di Marcela Nielsen e di Erica Giacomel, ecco che la societ\u00e0 del presidente Lama formalizza l\u2019acquisto della giovane siciliana che nella scorsa stagione ha militato in serie B2 nell\u2019Almaverde Volley Caltanissetta, giunta terza in classifica a soli due punti dalla zona play-off. Un reparto tutto nuovo, quindi, ove coesistono esperienza e giovani leve, quello messo a disposizione di mister Jimenez in attesa che anche la rimanente parte del roster venga totalmente completata anche negli altri ruoli. Gli esordi sportivi della Gervasi risalgono al 2014 con l\u2019Accademia Olimpica sotto la guida di Tot\u00f2 Faraci. Poi, a seguire, il passaggio in serie C nel Team Volley Catania della prof. Ina Baldi. Sempre a Catania, nella Pallavolo Sicilia (periodo 2016-2018), fa il suo esordio in B2 aggiudicandosi anche i titoli regionali under 16 prima e under 18 poi. La stagione 2018-19 la vede protagonista a Modica in serie B1 sotto le direttive di mister Corrado Scavino mentre l\u2019anno successivo si accasa nel Progetto Volley Smart Palermo dove rimane per due stagioni consecutive. Al termine del suo primo anno palermitano viene data in prestito alla Libellula Volley Bra Cuneo impegnata nei play-off per il salto in serie B1. Adesso vestir\u00e0 i colori bianco-celesti della Farmacia Schultze Santa Teresa di Riva e tal proposito cos\u00ec Sara si esprime ai nostri microfoni: \u201cE\u2019 una grande opportunit\u00e0 per me quella di fare parte di una cos\u00ec prestigiosa societ\u00e0. Ho letto i nomi delle ragazze che faranno parte della squadra e penso che siamo davvero competitive e potremmo toglierci qualche soddisfazione importante. Ovviamente il mio desiderio \u00e8 quello di cominciare al pi\u00f9 presto la stagione e sono impaziente di conoscere le mie nuove compagne, con le quali finora ci siamo incontrate solo da avversarie, lo staff societario e i tifosi\u201d.<\/p>\n<p>L\u2019addetto Stampa <strong>Orazio Leotta<\/strong><\/p>\n","protected":false},"excerpt":{"rendered":"<p>La giovane Sara Gervasi, nata a d Enna il 27-01-2000, completa il reparto schiacciatrici dell\u2019Amando Volley. Dopo l\u2019annuncio dell\u2019ingaggio di Marcela Nielsen e di Erica Giacomel, ecco che la societ\u00e0<\/p>\n<div><a class=\"permalink\" href=\"https:\/\/www.radioempire.it\/index.php\/2022\/07\/31\/amando-volley-unaltra-schiacciatrice-alla-corte-di-mister-jimenez-lennese-sara-gervasi\/\">Read More&#8230;<\/a><\/div>\n","protected":false},"author":2,"featured_media":33970,"comment_status":"closed","ping_status":"closed","sticky":false,"template":"","format":"standard","meta":[],"categories":[3,36],"tags":[],"_links":{"self":[{"href":"https:\/\/www.radioempire.it\/index.php\/wp-json\/wp\/v2\/posts\/33966"}],"collection":[{"href":"https:\/\/www.radioempire.it\/index.php\/wp-json\/wp\/v2\/posts"}],"about":[{"href":"https:\/\/www.radioempire.it\/index.php\/wp-json\/wp\/v2\/types\/post"}],"author":[{"embeddable":true,"href":"https:\/\/www.radioempire.it\/index.php\/wp-json\/wp\/v2\/users\/2"}],"replies":[{"embeddable":true,"href":"https:\/\/www.radioempire.it\/index.php\/wp-json\/wp\/v2\/comments?post=33966"}],"version-history":[{"count":1,"href":"https:\/\/www.radioempire.it\/index.php\/wp-json\/wp\/v2\/posts\/33966\/revisions"}],"predecessor-version":[{"id":33969,"href":"https:\/\/www.radioempire.it\/index.php\/wp-json\/wp\/v2\/posts\/33966\/revisions\/33969"}],"wp:featuredmedia":[{"embeddable":true,"href":"https:\/\/www.radioempire.it\/index.php\/wp-json\/wp\/v2\/media\/33970"}],"wp:attachment":[{"href":"https:\/\/www.radioempire.it\/index.php\/wp-json\/wp\/v2\/media?parent=33966"}],"wp:term":[{"taxonomy":"category","embeddable":true,"href":"https:\/\/www.radioempire.it\/index.php\/wp-json\/wp\/v2\/categories?post=33966"},{"taxonomy":"post_tag","embeddable":true,"href":"https:\/\/www.radioempire.it\/index.php\/wp-json\/wp\/v2\/tags?post=33966"}],"curies":[{"name":"wp","href":"https:\/\/api.w.org\/{rel}","templated":true}]}}