{"id":34009,"date":"2022-08-02T16:58:38","date_gmt":"2022-08-02T16:58:38","guid":{"rendered":"https:\/\/www.radioempire.it\/?p=34009"},"modified":"2022-08-02T16:58:38","modified_gmt":"2022-08-02T16:58:38","slug":"capo-dorlando-dal-10-al-31-agosto-sicily-gezz-quando-i-siciliani-inventarono-il-jazz","status":"publish","type":"post","link":"https:\/\/www.radioempire.it\/index.php\/2022\/08\/02\/capo-dorlando-dal-10-al-31-agosto-sicily-gezz-quando-i-siciliani-inventarono-il-jazz\/","title":{"rendered":"Capo d&#8217;Orlando, dal 10 al 31 agosto \u201cSicily Gezz: quando i siciliani inventarono il jazz&#8230;\u201d"},"content":{"rendered":"<p><strong><span>La manifestazione gode del patrocinio della Fondazione Famiglia Piccolo di Calanovella e della Citt\u00e0 Metropolitana di Messina<\/span><\/strong><\/p>\n<p>Prender\u00e0 il via la rassegna musicale \u201cSicily Gezz: quando i siciliani inventarono il jazz&#8230;\u201d, organizzata dall&#8217;associazione Cross Road Club nel suggestivo scenario del parco della Fondazione Famiglia Piccolo di Calanovella a Capo d&#8217;Orlando.<\/p>\n<p><img loading=\"lazy\" class=\"alignleft size-medium wp-image-34011\" src=\"https:\/\/www.radioempire.it\/wp-content\/uploads\/2022\/08\/Locandina-Sicily-Gezz-202x300.jpeg\" alt=\"\" width=\"202\" height=\"300\" srcset=\"https:\/\/www.radioempire.it\/wp-content\/uploads\/2022\/08\/Locandina-Sicily-Gezz-202x300.jpeg 202w, https:\/\/www.radioempire.it\/wp-content\/uploads\/2022\/08\/Locandina-Sicily-Gezz-689x1024.jpeg 689w, https:\/\/www.radioempire.it\/wp-content\/uploads\/2022\/08\/Locandina-Sicily-Gezz-768x1142.jpeg 768w, https:\/\/www.radioempire.it\/wp-content\/uploads\/2022\/08\/Locandina-Sicily-Gezz-1033x1536.jpeg 1033w, https:\/\/www.radioempire.it\/wp-content\/uploads\/2022\/08\/Locandina-Sicily-Gezz.jpeg 1076w\" sizes=\"(max-width: 202px) 100vw, 202px\" \/>Saranno ben quattro gli appuntamenti musicali di cui \u00e8 composta la manifestazione: il 10 agosto con il duo Domenico Collica e Nicola Caminiti; il 16 agosto con il trio \u201cDuSud\u201d di Anita Vitale, Rita Collura e Sergio Cal\u00ec; il 25 agosto con Marco Corrao e Riccardo Tesi e il \u201cViaggio immaginario nella Sicilia della memoria\u201d di Kaball\u00e0 e Antonio Vasta; ed infine il 31 agosto con \u201cMy Jazzy Accordion\u201d di Roberto Gervasi, Davide Inguaggiato e Fabrizio Giambanco.<\/p>\n<p>Una presenza massiccia di musicisti siciliani quindi, e c&#8217;\u00e9 un perch\u00e9&#8230;<\/p>\n<p>Come si evince dal titolo, la rassegna \u00e8 dedicata a quei siciliani emigrati in America tra la fine dell&#8217;800 e l&#8217;inizio del 900, ed in particolare a quei suonatori di banda che condizionarono profondamente l&#8217;evoluzione della nuova musica americana.<\/p>\n<p>Sar\u00e0 infatti dall&#8217;incontro tra la tradizione musicale di due minoranze etniche, quella africana e quella siciliana, che nascer\u00e0 quella miscela esplosiva che prender\u00e0 il nome di jazz.<\/p>\n<p>A dimostrazione di ci\u00f2 vi \u00e8 il fatto, storicamente accertato, che la prima registrazione di un disco jazz, risalente al 1917, \u00e8 dovuta a Dominick James \u201cNick\u201d La Rocca, siciliano di seconda generazione, figlio di Girolamo, suonatore di banda e di Vittoria Di Nino, nati a Salaparuta (TP) ed arrivati in Louisiana nel 1876.<\/p>\n<p>Il disco, inciso da Nick con la sua Original Dixieland Jass Band, ebbe un successo strepitoso, tanto che sorpass\u00f2 quelli di Caruso e arriv\u00f2 a vendere un milione di copie!<\/p>\n<p>Le storie di questi straordinari personaggi, oggi avvolte dall&#8217;oblio, saranno rievocate ad inizio di ogni concerto da Donatella Ingrill\u00ec in un viaggio narrativo \u201cNelle origini del Jazz\u201d.<\/p>\n<p>La manifestazione gode del patrocinio della Fondazione Famiglia Piccolo di Calanovella e della Citt\u00e0 Metropolitana di Messina.<\/p>\n<p>I biglietti per i singoli concerti e l&#8217;abbonamento promozionale per le quattro serate, sono disponibili su <a href=\"http:\/\/www.diyticket.it\">www.diyticket.it<\/a>;<\/p>\n<p>&nbsp;<\/p>\n<p>Addetto Stampa<\/p>\n<p>Dott. Giuseppe Span\u00f2<\/p>\n","protected":false},"excerpt":{"rendered":"<p>La manifestazione gode del patrocinio della Fondazione Famiglia Piccolo di Calanovella e della Citt\u00e0 Metropolitana di Messina Prender\u00e0 il via la rassegna musicale \u201cSicily Gezz: quando i siciliani inventarono il<\/p>\n<div><a class=\"permalink\" href=\"https:\/\/www.radioempire.it\/index.php\/2022\/08\/02\/capo-dorlando-dal-10-al-31-agosto-sicily-gezz-quando-i-siciliani-inventarono-il-jazz\/\">Read More&#8230;<\/a><\/div>\n","protected":false},"author":2,"featured_media":34010,"comment_status":"closed","ping_status":"closed","sticky":false,"template":"","format":"standard","meta":[],"categories":[36,78],"tags":[],"_links":{"self":[{"href":"https:\/\/www.radioempire.it\/index.php\/wp-json\/wp\/v2\/posts\/34009"}],"collection":[{"href":"https:\/\/www.radioempire.it\/index.php\/wp-json\/wp\/v2\/posts"}],"about":[{"href":"https:\/\/www.radioempire.it\/index.php\/wp-json\/wp\/v2\/types\/post"}],"author":[{"embeddable":true,"href":"https:\/\/www.radioempire.it\/index.php\/wp-json\/wp\/v2\/users\/2"}],"replies":[{"embeddable":true,"href":"https:\/\/www.radioempire.it\/index.php\/wp-json\/wp\/v2\/comments?post=34009"}],"version-history":[{"count":1,"href":"https:\/\/www.radioempire.it\/index.php\/wp-json\/wp\/v2\/posts\/34009\/revisions"}],"predecessor-version":[{"id":34012,"href":"https:\/\/www.radioempire.it\/index.php\/wp-json\/wp\/v2\/posts\/34009\/revisions\/34012"}],"wp:featuredmedia":[{"embeddable":true,"href":"https:\/\/www.radioempire.it\/index.php\/wp-json\/wp\/v2\/media\/34010"}],"wp:attachment":[{"href":"https:\/\/www.radioempire.it\/index.php\/wp-json\/wp\/v2\/media?parent=34009"}],"wp:term":[{"taxonomy":"category","embeddable":true,"href":"https:\/\/www.radioempire.it\/index.php\/wp-json\/wp\/v2\/categories?post=34009"},{"taxonomy":"post_tag","embeddable":true,"href":"https:\/\/www.radioempire.it\/index.php\/wp-json\/wp\/v2\/tags?post=34009"}],"curies":[{"name":"wp","href":"https:\/\/api.w.org\/{rel}","templated":true}]}}