{"id":34025,"date":"2022-08-03T15:42:06","date_gmt":"2022-08-03T15:42:06","guid":{"rendered":"https:\/\/www.radioempire.it\/?p=34025"},"modified":"2022-08-03T15:42:06","modified_gmt":"2022-08-03T15:42:06","slug":"presto-fu-tardi-lodore-della-nebbia-di-licia-cardillo-di-prima","status":"publish","type":"post","link":"https:\/\/www.radioempire.it\/index.php\/2022\/08\/03\/presto-fu-tardi-lodore-della-nebbia-di-licia-cardillo-di-prima\/","title":{"rendered":"PRESTO FU TARDI. \u201cL\u2019ODORE DELLA NEBBIA\u201d DI LICIA CARDILLO DI PRIMA"},"content":{"rendered":"<div class=\"header-standard header-classic single-header\">\n<h1 class=\"post-title single-post-title entry-title\"><\/h1>\n<div class=\"post-box-meta-single\"><span class=\"author-post byline\"><span class=\"author vcard\">recensione di <a class=\"author-url url fn n\" href=\"https:\/\/www.lafrecciaweb.it\/author\/pina-dalatri\/\">Pina D\u2019Alatri<\/a><\/span><\/span><\/div>\n<\/div>\n<div class=\"post-image\"><\/div>\n<div class=\"post-entry blockquote-style-1\">\n<div id=\"penci-post-entry-inner\" class=\"inner-post-entry entry-content\">\n<div class=\"pf-content\">\n<p><span class=\"s2\"><span class=\"bumpedFont15\"><img loading=\"lazy\" class=\"alignleft size-medium wp-image-33553\" src=\"https:\/\/www.radioempire.it\/wp-content\/uploads\/2022\/07\/Pina-Dalatri-297x300.jpg\" alt=\"\" width=\"297\" height=\"300\" srcset=\"https:\/\/www.radioempire.it\/wp-content\/uploads\/2022\/07\/Pina-Dalatri-297x300.jpg 297w, https:\/\/www.radioempire.it\/wp-content\/uploads\/2022\/07\/Pina-Dalatri-1012x1024.jpg 1012w, https:\/\/www.radioempire.it\/wp-content\/uploads\/2022\/07\/Pina-Dalatri-768x777.jpg 768w, https:\/\/www.radioempire.it\/wp-content\/uploads\/2022\/07\/Pina-Dalatri.jpg 1218w\" sizes=\"(max-width: 297px) 100vw, 297px\" \/>Un testo intenso, complesso, duplice:<\/span><\/span>\u00a0<span class=\"s2\"><span class=\"bumpedFont15\">scarnificante e amaro da un lato, sublime e onirico dall\u2019altro,<\/span><\/span>\u00a0<span class=\"s2\"><span class=\"bumpedFont15\">\u00e8 \u201cL\u2019odore della nebbia\u201d di Licia Cardillo\u00a0<\/span><\/span><span class=\"s2\"><span class=\"bumpedFont15\">Di Prima, Fla<\/span><\/span><span class=\"s2\"><span class=\"bumpedFont15\">ccovio Editore Palermo,<\/span><\/span>\u00a0<span class=\"s2\"><span class=\"bumpedFont15\">2022 pag. 205. L\u2019autrice che vive a Sambuca di Sicilia, ha scritto vari romanzi storici e di costume che le hanno dato fama e lustro, non solo in Italia ma anche all\u2019estero. La trama ben intessuta del romanzo<\/span><\/span><span class=\"s2\"><span class=\"bumpedFont15\">\u00a0\u00e8 molto intensa e induce a profonde riflessioni che coinvolgono moralit\u00e0 e coscienza. Il lettore<\/span><\/span><span class=\"s2\"><span class=\"bumpedFont15\">,<\/span><\/span><span class=\"s2\"><span class=\"bumpedFont15\">\u00a0fin dall\u2019inizio<\/span><\/span><span class=\"s2\"><span class=\"bumpedFont15\">,<\/span><\/span><span class=\"s2\"><span class=\"bumpedFont15\">\u00a0\u00e8 assorbito dalla vicenda e ne diventa copro<\/span><\/span><span class=\"s2\"><span class=\"bumpedFont15\">tagonista;<\/span><\/span><span class=\"s2\"><span class=\"bumpedFont15\">\u00a0finzione e realt\u00e0 s\u2019intrecciano indissolubilmente e lo coinvolgono<\/span><\/span><span class=\"s2\"><span class=\"bumpedFont15\">, al punto da condurlo a Rocca Sicana,<\/span><\/span>\u00a0<span class=\"s2\"><span class=\"bumpedFont15\">a Vicolo Stretto, sulla spiaggia di Bertolino<\/span><\/span><span class=\"s2\"><span class=\"bumpedFont15\">, in Sicilia<\/span><\/span><span class=\"s2\"><span class=\"bumpedFont15\">\u00a0e ad addentrarsi in quel mare<\/span><\/span><span class=\"s2\"><span class=\"bumpedFont15\">\u00a0di primitiva<\/span><\/span>\u00a0<span class=\"s2\"><span class=\"bumpedFont15\">purezza<\/span><\/span><span class=\"s2\"><span class=\"bumpedFont15\">.<\/span><\/span>\u00a0<span class=\"s2\"><span class=\"bumpedFont15\">Solo un\u2019imme<\/span><\/span><span class=\"s2\"><span class=\"bumpedFont15\">rsione nel mare del ricordo potr\u00e0 restituire<\/span><\/span><span class=\"s2\"><span class=\"bumpedFont15\">\u00a0la purezza perduta, rammender\u00e0 l\u2019anima strappata e consentir\u00e0 alla protagonista<\/span><\/span><span class=\"s2\"><span class=\"bumpedFont15\">,<\/span><\/span><span class=\"s2\"><span class=\"bumpedFont15\">\u00a0ma soprattutto al lettore, ormai coprotagonista, di riempire le voragini del proprio cuore.<\/span><\/span>\u00a0<span class=\"s2\"><span class=\"bumpedFont15\">\u201dLa<\/span><\/span><span class=\"s2\"><span class=\"bumpedFont15\">\u00a0realt\u00e0 \u00e8 quello che \u00e8, e, all<\/span><\/span><span class=\"s2\"><span class=\"bumpedFont15\">o stesso tempo quello che non\u00a0<\/span><\/span><span class=\"s2\"><span class=\"bumpedFont15\">\u00e8<\/span><\/span><span class=\"s2\"><span class=\"bumpedFont15\">\u201d<\/span><\/span><span class=\"s2\"><span class=\"bumpedFont15\">.<\/span><\/span><span class=\"s2\"><span class=\"bumpedFont15\">\u00a0Su questa funambolica corda tratta da \u201cTre Storie magiche\u201d di Alejandro Jodorowisk<\/span><\/span><span class=\"s2\"><span class=\"bumpedFont15\">y<\/span><\/span><span class=\"s2\"><span class=\"bumpedFont15\">\u00a0si muove il testo, con una maestria che connette armoniosamente gli estremi. Gesualda, Gesuina, Agata<\/span><\/span><span class=\"s2\"><span class=\"bumpedFont15\">\u00a0sono un\u2019unica entit\u00e0, figlia e madre insieme, da proteggere dai soprusi di un mondo becero. Cos\u00ec si dipana la storia, passato e presente s\u2019intessono, la protagonista si sdoppia, si triplica: ella ha molto da dimenticare, ha molto da perdonare<\/span><\/span><span class=\"s2\"><span class=\"bumpedFont15\">\u00a0ma soprattutto deve recuperare\u00a0<\/span><\/span><span class=\"s2\"><span class=\"bumpedFont15\">se<\/span><\/span><span class=\"s2\"><span class=\"bumpedFont15\">\u00a0stessa, liberarsi dal passato che le pesa gravemente, impedendole una vita normale.\u00a0<\/span><\/span><span class=\"s2\"><span class=\"bumpedFont15\">L<\/span><\/span><span class=\"s2\"><span class=\"bumpedFont15\">\u2019unica via di fuga<\/span><\/span><span class=\"s2\"><span class=\"bumpedFont15\">\u00a0\u00e8 ritornare, ricomporre i fili del gomitolo che \u00e8 stata la sua vita<\/span><\/span><span class=\"s2\"><span class=\"bumpedFont15\">,<\/span><\/span><span class=\"s2\"><span class=\"bumpedFont15\">\u00a0nei luoghi che l\u2019hanno vista martire inconsapevole. Adesso \u00e8 Elena<\/span><\/span><span class=\"s2\"><span class=\"bumpedFont15\">, viene da Bologna<\/span><\/span><span class=\"s2\"><span class=\"bumpedFont15\">: Gesualda, Gesuina, Agata sono\u00a0<\/span><\/span><span class=\"s2\"><span class=\"bumpedFont15\">scomparse,<\/span><\/span>\u00a0<span class=\"s2\"><span class=\"bumpedFont15\">vittime innocenti e inconsapevoli della cattiveria,<\/span><\/span>\u00a0<span class=\"s2\"><span class=\"bumpedFont15\">dell\u2019ignoranza<\/span><\/span>\u00a0<span class=\"s2\"><span class=\"bumpedFont15\">della superstizione ma soprattutto della lussuria di loschi figuri. Tuttavia<\/span><\/span><span class=\"s2\"><span class=\"bumpedFont15\">,<\/span><\/span><span class=\"s2\"><span class=\"bumpedFont15\">\u00a0in questa storia plumbea<\/span><\/span><span class=\"s2\"><span class=\"bumpedFont15\">,<\/span><\/span><span class=\"s2\"><span class=\"bumpedFont15\">\u00a0si stagliano figure di luce e<\/span><\/span><span class=\"s2\"><span class=\"bumpedFont15\">,<\/span><\/span><span class=\"s2\"><span class=\"bumpedFont15\">\u00a0in particolare<\/span><\/span><span class=\"s2\"><span class=\"bumpedFont15\">,<\/span><\/span><span class=\"s2\"><span class=\"bumpedFont15\">\u00a0il nonno che si prende cura della bimba in sostituzione della madre, vittima \u201cconsapevole\u201d<\/span><\/span><span class=\"s2\"><span class=\"bumpedFont15\">\u00a0di un mondo perverso e la\u00a0<\/span><\/span><span class=\"s2\"><span class=\"bumpedFont15\">nonna<\/span><\/span>\u00a0<span class=\"s2\"><span class=\"bumpedFont15\">che<\/span><\/span><span class=\"s2\"><span class=\"bumpedFont15\">\u00a0si sacrifica per l\u2019onorabilit\u00e0 della figlia. La nebbia del luogo non cela le ipocrisie, le nefandezze, le violenze degli uomini e quando si dirada<\/span><\/span><span class=\"s2\"><span class=\"bumpedFont15\">,<\/span><\/span><span class=\"s2\"><span class=\"bumpedFont15\">\u00a0libera il cielo dalla bruma. Eccola l\u00ec<\/span><\/span><span class=\"s2\"><span class=\"bumpedFont15\">,\u00a0<\/span><\/span><span class=\"s2\"><span class=\"bumpedFont15\">la bimba di sei anni<\/span><\/span><span class=\"s2\"><span class=\"bumpedFont15\">\u00a0ha un vestitino rosa, un mostro l\u2019assale, la fa piombare nell\u2019inferno, un drago le ruba l\u2019infanzi<\/span><\/span><span class=\"s2\"><span class=\"bumpedFont15\">a.\u00a0<\/span><\/span><span class=\"s2\"><span class=\"bumpedFont15\">\u201d<\/span><\/span><span class=\"s2\"><span class=\"bumpedFont15\">C<\/span><\/span><span class=\"s2\"><span class=\"bumpedFont15\">omu<\/span><\/span><span class=\"s2\"><span class=\"bumpedFont15\">\u00a0\u2018<\/span><\/span><span class=\"s2\"><span class=\"bumpedFont15\">na<\/span><\/span><span class=\"s2\"><span class=\"bumpedFont15\">\u00a0farfalla si tu, gioia mia e ali delicate hai chi si uno li tocca, si sfarinano\u00a0<\/span><\/span><span class=\"s2\"><span class=\"bumpedFont15\">sutta<\/span><\/span><span class=\"s2\"><span class=\"bumpedFont15\">\u00a0li dita!\u201d<\/span><\/span><span class=\"s2\"><span class=\"bumpedFont15\">.<\/span><\/span><span class=\"s2\"><span class=\"bumpedFont15\">Cos\u00ec il nonno la consola e la riporta alla vita. Gesuina per\u00f2 vuole\u00a0<\/span><\/span><span class=\"s2\"><span class=\"bumpedFont15\">ritrovare il suo passato, il suo cognome, il padre che l\u2019ha messa al mondo, perch\u00e9 non ha un\u00a0<\/span><\/span><span class=\"s2\"><span class=\"bumpedFont15\">cognome come gli altri ma \u00e8<\/span><\/span><span class=\"s2\"><span class=\"bumpedFont15\">\u00a0\u201cenne, enne\u201d. La madre \u00e8\u00a0<\/span><\/span><span class=\"s2\"><span class=\"bumpedFont15\">una vittima di\u00a0<\/span><\/span><span class=\"s2\"><span class=\"bumpedFont15\">se<\/span><\/span><span class=\"s2\"><span class=\"bumpedFont15\">\u00a0stessa, usata dagli altri ma anche stimolata da una lussuria che la domina e la fa schiava del predatore. La figlia cerca di ritrovarla, ripercorre i luoghi, ne cerca anche gli odori lontani. Riemerge l\u2019odore di Zagara di cui la mamma si innaff<\/span><\/span><span class=\"s2\"><span class=\"bumpedFont15\">iava, le ritornano in mente le violenze della madre che si sfogava\u00a0<\/span><\/span><span class=\"s2\"><span class=\"bumpedFont15\">sulla bimba<\/span><\/span><span class=\"s2\"><span class=\"bumpedFont15\">,<\/span><\/span><span class=\"s2\"><span class=\"bumpedFont15\">\u00a0del suo turpe presente. Ormai Gesuina per\u00f2 non \u00e8 pi\u00f9 Agata ma \u00e8 diventata Elena e pu\u00f2 ripercorrere la strada della sua vita<\/span><\/span><span class=\"s2\"><span class=\"bumpedFont15\">, cercando quei figli nati<\/span><\/span><span class=\"s2\"><span class=\"bumpedFont15\">\u00a0dal sopruso:<\/span><\/span><span class=\"s2\"><span class=\"bumpedFont15\">\u00a0anche lei abusata, vio<\/span><\/span><span class=\"s2\"><span class=\"bumpedFont15\">lentata ha partorito due figli:<\/span><\/span>\u00a0<span class=\"s2\"><span class=\"bumpedFont15\">il suo corpo \u00e8 stato una \u201cpietra d\u2019inciampo\u201d<\/span><\/span><span class=\"s2\"><span class=\"bumpedFont15\">. Occorre riordinare quel p<\/span><\/span><span class=\"s2\"><span class=\"bumpedFont15\">assato caotico e doloroso, ora\u00a0<\/span><\/span><span class=\"s2\"><span class=\"bumpedFont15\">ha Antonio che \u00e8 stato l\u2019unico a leggere il suo dolore e a capirlo e ha Daniele<\/span><\/span><span class=\"s2\"><span class=\"bumpedFont15\">,<\/span><\/span><span class=\"s2\"><span class=\"bumpedFont15\">\u00a0il figlio che l\u2019ha compensata delle perdite.\u00a0<\/span><\/span><span class=\"s2\"><span class=\"bumpedFont15\">Tuttavia ancora il cuore le brucia, sar\u00e0 i<\/span><\/span><span class=\"s2\"><span class=\"bumpedFont15\">l dott. Rimi<\/span><\/span><span class=\"s2\"><span class=\"bumpedFont15\">, amico del nonno, a farle riprendere i fili del tempo e a decodificare il comportamento della madre, vittima della \u201clibido\u201d altrui e della propria bellezza. Gesuina, Agata, Elena<\/span><\/span><span class=\"s2\"><span class=\"bumpedFont15\">\u00a0sono diventate<\/span><\/span><span class=\"s2\"><span class=\"bumpedFont15\">\u00a0un\u2019unica persona<\/span><\/span><span class=\"s2\"><span class=\"bumpedFont15\">. Il nonno, figura carismatica, le ha fatto scoprire il\u00a0<\/span><\/span><span class=\"s2\"><span class=\"bumpedFont15\">divino, insito in ogni cosa, invitandola\u00a0<\/span><\/span><span class=\"s2\"><span class=\"bumpedFont15\">ad alzare le braccia per stringere<\/span><\/span><span class=\"s2\"><span class=\"bumpedFont15\">l a donna che le \u00e8 stata madre, vittima di un amaro destino e della propria bellezza. La nebbia che ha avvolto la sua vita si dirada e scompare, sciolta dalla consapevolezza e dalla piet\u00e0.<\/span><\/span><span class=\"s2\"><span class=\"bumpedFont15\">\u00a0\u00a0<\/span><\/span><\/p>\n<p>&nbsp;<\/p>\n<p><strong>Licia Cardillo Di Prima<\/strong> , docente e giornalista, vive a Sambuca di Sicilia.Per Dario Flaccovio Editore ha pubblicato Eufrosina, La poltrona di Maria Carolina e Il gelo di mellone (con Elvira Romeo), Flavio Mitridate \u2013 I tre volti del cabalista (con Angela Scandaliato), Una pietra d\u2019aria, Rosolio alla cannella (con Elvira Romeo), Sambuca in \u201cBorghi di Sicilia\u201d.<\/p>\n<\/div>\n<\/div>\n<\/div>\n<div class=\"post-author\">\n<div class=\"author-img\"><\/div>\n<\/div>\n<div class=\"post-related\">\n<div class=\"penci-owl-carousel penci-owl-carousel-slider penci-related-carousel owl-loaded owl-drag\" data-lazy=\"true\" data-item=\"3\" data-desktop=\"3\" data-tablet=\"2\" data-tabsmall=\"2\" data-auto=\"false\" data-speed=\"300\" data-dots=\"true\" data-nav=\"false\">\n<div class=\"owl-stage-outer owl-height\">\n<div class=\"owl-stage\">\n<div class=\"owl-item cloned\">\n<div class=\"item-related\"><\/div>\n<\/div>\n<div class=\"owl-item cloned\">\n<div class=\"item-related\"><\/div>\n<\/div>\n<div class=\"owl-item cloned\">\n<div class=\"item-related\"><\/div>\n<\/div>\n<div class=\"owl-item cloned\">\n<div class=\"item-related\"><\/div>\n<\/div>\n<div class=\"owl-item cloned\">\n<div class=\"item-related\"><\/div>\n<\/div>\n<div class=\"owl-item active\">\n<div class=\"item-related\"><\/div>\n<\/div>\n<div class=\"owl-item active\">\n<div class=\"item-related\"><\/div>\n<\/div>\n<div class=\"owl-item active\">\n<div class=\"item-related\"><\/div>\n<\/div>\n<div class=\"owl-item\">\n<div class=\"item-related\"><\/div>\n<\/div>\n<div class=\"owl-item\">\n<div class=\"item-related\"><\/div>\n<\/div>\n<div class=\"owl-item\">\n<div class=\"item-related\"><\/div>\n<\/div>\n<div class=\"owl-item\">\n<div class=\"item-related\"><\/div>\n<\/div>\n<div class=\"owl-item\">\n<div class=\"item-related\"><\/div>\n<\/div>\n<div class=\"owl-item\">\n<div class=\"item-related\"><\/div>\n<\/div>\n<div class=\"owl-item\">\n<div class=\"item-related\"><\/div>\n<\/div>\n<div class=\"owl-item cloned\">\n<div class=\"item-related\"><\/div>\n<\/div>\n<div class=\"owl-item cloned\">\n<div class=\"item-related\"><\/div>\n<\/div>\n<div class=\"owl-item cloned\">\n<div class=\"item-related\"><\/div>\n<\/div>\n<div class=\"owl-item cloned\">\n<div class=\"item-related\"><\/div>\n<\/div>\n<div class=\"owl-item cloned\">\n<div class=\"item-related\"><\/div>\n<\/div>\n<\/div>\n<\/div>\n<div class=\"owl-dots\">\n<div class=\"owl-dot active\"><\/div>\n<div class=\"owl-dot\"><\/div>\n<div class=\"owl-dot\"><\/div>\n<div class=\"owl-dot\"><\/div>\n<\/div>\n<\/div>\n<\/div>\n<div id=\"comments\" class=\"post-comments no-comment-yet penci-comments-hide-0\">\n<div id=\"respond\" class=\"comment-respond\"><\/div>\n<\/div>\n","protected":false},"excerpt":{"rendered":"<p>recensione di Pina D\u2019Alatri Un testo intenso, complesso, duplice:\u00a0scarnificante e amaro da un lato, sublime e onirico dall\u2019altro,\u00a0\u00e8 \u201cL\u2019odore della nebbia\u201d di Licia Cardillo\u00a0Di Prima, Flaccovio Editore Palermo,\u00a02022 pag. 205.<\/p>\n<div><a class=\"permalink\" href=\"https:\/\/www.radioempire.it\/index.php\/2022\/08\/03\/presto-fu-tardi-lodore-della-nebbia-di-licia-cardillo-di-prima\/\">Read More&#8230;<\/a><\/div>\n","protected":false},"author":2,"featured_media":34026,"comment_status":"closed","ping_status":"closed","sticky":false,"template":"","format":"standard","meta":[],"categories":[36,78],"tags":[],"_links":{"self":[{"href":"https:\/\/www.radioempire.it\/index.php\/wp-json\/wp\/v2\/posts\/34025"}],"collection":[{"href":"https:\/\/www.radioempire.it\/index.php\/wp-json\/wp\/v2\/posts"}],"about":[{"href":"https:\/\/www.radioempire.it\/index.php\/wp-json\/wp\/v2\/types\/post"}],"author":[{"embeddable":true,"href":"https:\/\/www.radioempire.it\/index.php\/wp-json\/wp\/v2\/users\/2"}],"replies":[{"embeddable":true,"href":"https:\/\/www.radioempire.it\/index.php\/wp-json\/wp\/v2\/comments?post=34025"}],"version-history":[{"count":1,"href":"https:\/\/www.radioempire.it\/index.php\/wp-json\/wp\/v2\/posts\/34025\/revisions"}],"predecessor-version":[{"id":34027,"href":"https:\/\/www.radioempire.it\/index.php\/wp-json\/wp\/v2\/posts\/34025\/revisions\/34027"}],"wp:featuredmedia":[{"embeddable":true,"href":"https:\/\/www.radioempire.it\/index.php\/wp-json\/wp\/v2\/media\/34026"}],"wp:attachment":[{"href":"https:\/\/www.radioempire.it\/index.php\/wp-json\/wp\/v2\/media?parent=34025"}],"wp:term":[{"taxonomy":"category","embeddable":true,"href":"https:\/\/www.radioempire.it\/index.php\/wp-json\/wp\/v2\/categories?post=34025"},{"taxonomy":"post_tag","embeddable":true,"href":"https:\/\/www.radioempire.it\/index.php\/wp-json\/wp\/v2\/tags?post=34025"}],"curies":[{"name":"wp","href":"https:\/\/api.w.org\/{rel}","templated":true}]}}