{"id":34037,"date":"2022-08-03T16:17:55","date_gmt":"2022-08-03T16:17:55","guid":{"rendered":"https:\/\/www.radioempire.it\/?p=34037"},"modified":"2022-08-03T16:17:55","modified_gmt":"2022-08-03T16:17:55","slug":"rogika-il-5-agosto-inaugura-con-gli-occhi-di-verga-al-museo-durante-di-letojanni","status":"publish","type":"post","link":"https:\/\/www.radioempire.it\/index.php\/2022\/08\/03\/rogika-il-5-agosto-inaugura-con-gli-occhi-di-verga-al-museo-durante-di-letojanni\/","title":{"rendered":"Rogika, il 5 agosto, inaugura \u201cCon gli occhi di Verga\u201d al Museo Durante di Letojanni"},"content":{"rendered":"<p>Dopo aver presentato il testo fotografico in omaggio a Sciascia lo scorso 10 luglio, <strong>Rogika<\/strong> \u2013 Roberto Mendolia \u2013 \u00e8 pronto a presentare al pubblico di professionisti e appassionati di \u00abimmagini e parole\u00bb, la mostra itinerante <strong>\u201cCon gli occhi di Verga\u201d <\/strong>che vuole un omaggio a uno dei grandi maestri della letteratura per celebrarlo nei cento anni dalla sua morte.<\/p>\n<p>L\u2019esposizione sar\u00e0 inaugurata <strong>venerd\u00ec 5 agosto 2022 alle ore 19:00, <\/strong>nelle sale al piano terra \u2013 con affaccio sulla graziosa piazza Matteotti \u2013 del <strong>Museo Durante di Letojanni<\/strong>, cittadina costiera jonica, negli anni diventata centro propulsore di notevoli iniziative culturali,<\/p>\n<p>Instancabile, Rogika, ha deciso di offrire, donando una lettura fatta di <strong>20 fotografie in bianco e nero<\/strong> \u2013 secondo la vocazione dello street photographer \u2013, una <strong>originale reinterpretazione degli scritti verghiani,<\/strong> in particolare delle novelle, nel solco della <strong>riattualizzazione dei luoghi<\/strong> e con un occhio particolare a <strong>Verga fotografo.<\/strong><\/p>\n<p>Un <strong>percorso letterario e visivo<\/strong> in cui il fruitore potr\u00e0 godere di una esperienza di \u00abracconto nel racconto\u00bb e sperimentare un viaggio unico.<\/p>\n<p>La mostra ha ricevuto il patrocinio del <strong>Comune di Letojanni, Assessorato Cultura, retto dalla dottoressa Teresa Rammi e il sostegno del \u201cCircolo di Lettura Bianca Garufi\u201d,<\/strong> lieti di poter <strong>ospitare l\u2019artista visuale taorminese,<\/strong> noto e apprezzato negli ambienti legati alla fotografia e in quelli culturali.<\/p>\n<p><img loading=\"lazy\" class=\"alignleft size-medium wp-image-34039\" src=\"https:\/\/www.radioempire.it\/wp-content\/uploads\/2022\/08\/LOCANDINA-CON-GLI-OCCHI-DI-VERGA-LETOJANNI-212x300.jpg\" alt=\"\" width=\"212\" height=\"300\" srcset=\"https:\/\/www.radioempire.it\/wp-content\/uploads\/2022\/08\/LOCANDINA-CON-GLI-OCCHI-DI-VERGA-LETOJANNI-212x300.jpg 212w, https:\/\/www.radioempire.it\/wp-content\/uploads\/2022\/08\/LOCANDINA-CON-GLI-OCCHI-DI-VERGA-LETOJANNI-724x1024.jpg 724w, https:\/\/www.radioempire.it\/wp-content\/uploads\/2022\/08\/LOCANDINA-CON-GLI-OCCHI-DI-VERGA-LETOJANNI-768x1086.jpg 768w, https:\/\/www.radioempire.it\/wp-content\/uploads\/2022\/08\/LOCANDINA-CON-GLI-OCCHI-DI-VERGA-LETOJANNI-1086x1536.jpg 1086w, https:\/\/www.radioempire.it\/wp-content\/uploads\/2022\/08\/LOCANDINA-CON-GLI-OCCHI-DI-VERGA-LETOJANNI-1448x2048.jpg 1448w, https:\/\/www.radioempire.it\/wp-content\/uploads\/2022\/08\/LOCANDINA-CON-GLI-OCCHI-DI-VERGA-LETOJANNI-scaled.jpg 1810w\" sizes=\"(max-width: 212px) 100vw, 212px\" \/><\/p>\n<p><strong>A dare l\u2019annuncio dell\u2019inaugurazione \u00e8 stato lo stesso Rogika con un post e un video sulla home di Facebook:<\/strong><\/p>\n<p>\u00abNell\u2019anno del centenario della morte di Giovanni Verga, padre del Verismo, ho ritenuto doveroso dare il mio personale contributo alle celebrazioni. Il modo pi\u00f9 semplice per rendergli omaggio, per me amante appassionato del mondo della fotografia e di tutto quanto ruoti attorno all\u2019 \u00abarte senza musa\u00bb, \u00e8 quello di dedicargli una mostra fotografica. [\u2026] Giovanni Verga \u00e8 stato, oltre che un illustre e famoso letterato, un fotografo. Fotografo dilettante nella pura accezione stessa del termine, cio\u00e8 del procurarsi diletto; cos\u00ec come tanti altri personaggi, scrittori e non, fecero in quell\u2019epoca, subito dopo la nascita, nel 1839, della fotografia. [\u2026] Ho desiderato percorrere e ripercorrere con \u201cGli occhi di Verga\u201d il mio viaggio, in compagnia dei testi e dei luoghi che hanno permesso di rendere la Sicilia \u2013, la mia, la nostra e la vostra isola \u2013, il \u201ccentro\u201d del mio essere siciliano\u00bb.<\/p>\n<p>&nbsp;<\/p>\n<p>La mostra, che ha ricevuto la <strong>curatela di Lisa Bachis,<\/strong> sar\u00e0 inaugurata <strong>venerd\u00ec 5 agosto 2022 alle ore 19:00 e rester\u00e0 aperta tutti i giorni dalle 19:00 alle 24:00 fino al 20 agosto 2022.<\/strong> Oltre alle fotografie esposte, corredate dai testi e accompagnate da pannelli informativi, <strong>sar\u00e0 disponibile il catalogo dell\u2019esposizione.\u00a0<\/strong><\/p>\n","protected":false},"excerpt":{"rendered":"<p>Dopo aver presentato il testo fotografico in omaggio a Sciascia lo scorso 10 luglio, Rogika \u2013 Roberto Mendolia \u2013 \u00e8 pronto a presentare al pubblico di professionisti e appassionati di<\/p>\n<div><a class=\"permalink\" href=\"https:\/\/www.radioempire.it\/index.php\/2022\/08\/03\/rogika-il-5-agosto-inaugura-con-gli-occhi-di-verga-al-museo-durante-di-letojanni\/\">Read More&#8230;<\/a><\/div>\n","protected":false},"author":2,"featured_media":34038,"comment_status":"closed","ping_status":"closed","sticky":false,"template":"","format":"standard","meta":[],"categories":[3,36],"tags":[],"_links":{"self":[{"href":"https:\/\/www.radioempire.it\/index.php\/wp-json\/wp\/v2\/posts\/34037"}],"collection":[{"href":"https:\/\/www.radioempire.it\/index.php\/wp-json\/wp\/v2\/posts"}],"about":[{"href":"https:\/\/www.radioempire.it\/index.php\/wp-json\/wp\/v2\/types\/post"}],"author":[{"embeddable":true,"href":"https:\/\/www.radioempire.it\/index.php\/wp-json\/wp\/v2\/users\/2"}],"replies":[{"embeddable":true,"href":"https:\/\/www.radioempire.it\/index.php\/wp-json\/wp\/v2\/comments?post=34037"}],"version-history":[{"count":1,"href":"https:\/\/www.radioempire.it\/index.php\/wp-json\/wp\/v2\/posts\/34037\/revisions"}],"predecessor-version":[{"id":34040,"href":"https:\/\/www.radioempire.it\/index.php\/wp-json\/wp\/v2\/posts\/34037\/revisions\/34040"}],"wp:featuredmedia":[{"embeddable":true,"href":"https:\/\/www.radioempire.it\/index.php\/wp-json\/wp\/v2\/media\/34038"}],"wp:attachment":[{"href":"https:\/\/www.radioempire.it\/index.php\/wp-json\/wp\/v2\/media?parent=34037"}],"wp:term":[{"taxonomy":"category","embeddable":true,"href":"https:\/\/www.radioempire.it\/index.php\/wp-json\/wp\/v2\/categories?post=34037"},{"taxonomy":"post_tag","embeddable":true,"href":"https:\/\/www.radioempire.it\/index.php\/wp-json\/wp\/v2\/tags?post=34037"}],"curies":[{"name":"wp","href":"https:\/\/api.w.org\/{rel}","templated":true}]}}