{"id":34805,"date":"2022-09-12T18:12:50","date_gmt":"2022-09-12T18:12:50","guid":{"rendered":"https:\/\/www.radioempire.it\/?p=34805"},"modified":"2022-09-12T18:12:50","modified_gmt":"2022-09-12T18:12:50","slug":"festival-lirico-dei-teatri-di-pietra-musica-ricordo-e-dovere-etico","status":"publish","type":"post","link":"https:\/\/www.radioempire.it\/index.php\/2022\/09\/12\/festival-lirico-dei-teatri-di-pietra-musica-ricordo-e-dovere-etico\/","title":{"rendered":"FESTIVAL LIRICO DEI TEATRI DI PIETRA: MUSICA, RICORDO E DOVERE ETICO"},"content":{"rendered":"<p><strong><em>L&#8217;opera &#8220;Falcone e Borsellino&#8221; conclude l&#8217;edizione 2022 del Festival con un &#8220;Risveglio&#8221; della pi\u00f9 viva e intima cultura<\/em><\/strong><\/p>\n<p>Sar\u00e0 la monumentale <strong>Piazza Dante di Catania<\/strong> la cornice per la conclusione dell&#8217;edizione 2022 del <strong>Festival Lirico dei Teatri di Pietra \u201cIl Risveglio\u201d<\/strong>, promosso dal Coro Lirico Siciliano, che si appresta a realizzare l&#8217;ultima serata evento il prossimo <strong>15 Settembre, ore 21<\/strong>, con l&#8217;innovativa opera lirica contemporanea \u201c<strong><em>FALCONE E BORSELLINO, OVVERO IL MURO DEI MARTIRI\u201d<\/em><\/strong>, celebrativa del trentennale della morte dei due grandi personaggi.<\/p>\n<p><img loading=\"lazy\" class=\"alignleft size-medium wp-image-34808\" src=\"https:\/\/www.radioempire.it\/wp-content\/uploads\/2022\/09\/falcone-e-borsellino-jpg_1181274058-300x195.jpg\" alt=\"\" width=\"300\" height=\"195\" srcset=\"https:\/\/www.radioempire.it\/wp-content\/uploads\/2022\/09\/falcone-e-borsellino-jpg_1181274058-300x195.jpg 300w, https:\/\/www.radioempire.it\/wp-content\/uploads\/2022\/09\/falcone-e-borsellino-jpg_1181274058-1024x666.jpg 1024w, https:\/\/www.radioempire.it\/wp-content\/uploads\/2022\/09\/falcone-e-borsellino-jpg_1181274058-768x500.jpg 768w, https:\/\/www.radioempire.it\/wp-content\/uploads\/2022\/09\/falcone-e-borsellino-jpg_1181274058.jpg 1323w\" sizes=\"(max-width: 300px) 100vw, 300px\" \/>Nel 2022 decorrono 30 anni dalla scomparsa dei due giudici che hanno dedicato la loro vita nella lotta contro la mafia. I tragici eventi che sconvolsero non solo Palermo e la Sicilia ma l\u2019intera Italia sono rimasti indelebili nel cuore e nella mente di tutti. <em>\u201cFalcone e Borsellino, ovvero il muro dei martiri&#8221;<\/em>, \u00e8 un&#8217;opera di forte impegno civile dovuta al coraggio di due autori che appartengono alla stessa terra dei due magistrati: <strong>Antonio Fortunato<\/strong>, il compositore, e <strong>Gaspare Miraglia<\/strong>, il librettista.<\/p>\n<p><em>\u00abL&#8217;idea, inizialmente abbozzata, &#8211; <\/em>dichiarano Fortunato e Miraglia<em> &#8211; superato il terribile spartiacque delle stragi del &#8217;92, attraverso avvenimenti criminosi, atroci e spietati, che sfuggivano di mano alla societ\u00e0 civile indignata e in rivolta, tornava sempre come una ossessione nei nostri pensieri, con il chiaro convincimento che due artisti siciliani non potevano esimersi dall&#8217;utilizzare i loro sensibili strumenti creativi e le loro generose muse indignate, per tessere un canto vivo, edificante di un&#8217;intera citt\u00e0 per due autentici giudici eroi che avevano a dir poco scosso e ispirato le loro coscienze. Cos\u00ec, proprio da queste intense emozioni, forti e incontrollate, ma ben bilanciate, scaturiva lo sforzo febbrile di dare voce ad una citt\u00e0 ferita, squarciata dal male, che risorgeva e finalmente si riscattava, o tentava di farlo, dalla mafia pervasiva\u00bb.<\/em><\/p>\n<p>&nbsp;<\/p>\n<p>L&#8217;opera si svolge nel giorno in cui ricorre l&#8217;anniversario dell&#8217;attentato al magistrato Giovanni Falcone. Proprio quando lo scoramento sembra essersi impadronito di tutto e di tutti, inaspettatamente, un\u2019assemblea di cittadini (esponenti della societ\u00e0 civile), stanchi di subire in silenzio l\u2019oltraggio di \u00abcosa nostra\u00bb, che condiziona ormai anche l\u2019esistenza individuale, giunge in copiosa schiera.<br \/>\nL\u2019intento di quest\u2019adunanza popolare, oltre che per rivolgere doveroso omaggio ai due eroi, Giovanni Falcone e Paolo Borsellino, e alle migliaia di vittime trucidate dalla mafia, \u00e8, anche se non soprattutto, di risvegliare l\u2019esecrazione collettiva, contro il mondo della criminalit\u00e0 organizzata che, sempre pi\u00f9 scopertamente, intende affermare le sue feroci regole di violenza e di sopraffazione.<br \/>\nLe implorazioni della collettivit\u00e0 sono struggenti e accorate, sicch\u00e9 i due giudici, idealmente, si ripresentano ai supplici cittadini per raccontare la loro tragedia.<\/p>\n<p>Alla fine, almeno attraverso la poesia e la musica, l\u2019indignazione degli onesti riesce a sgominare il terribile mostro che non \u00e8 pi\u00f9 tollerabile in una societ\u00e0 civile e democratica, e ci si augura che la conseguente catarsi possa essere accolta dalla societ\u00e0 civile.<\/p>\n<p><img loading=\"lazy\" class=\"alignleft size-medium wp-image-34809\" src=\"https:\/\/www.radioempire.it\/wp-content\/uploads\/2022\/09\/ANTONIO-FORTUNATO-COMPOSITORE-300x225.jpg\" alt=\"\" width=\"300\" height=\"225\" srcset=\"https:\/\/www.radioempire.it\/wp-content\/uploads\/2022\/09\/ANTONIO-FORTUNATO-COMPOSITORE-300x225.jpg 300w, https:\/\/www.radioempire.it\/wp-content\/uploads\/2022\/09\/ANTONIO-FORTUNATO-COMPOSITORE-768x576.jpg 768w, https:\/\/www.radioempire.it\/wp-content\/uploads\/2022\/09\/ANTONIO-FORTUNATO-COMPOSITORE.jpg 1024w\" sizes=\"(max-width: 300px) 100vw, 300px\" \/><\/p>\n<p>L&#8217;atto unico vedr\u00e0 schierati l&#8217;Orchestra Filarmonica della Calabria, orchestra in residence del Festival, e il Coro Lirico Siciliano, sotto l&#8217;autorevole bacchetta di Giuliano Betta, che ha all&#8217;attivo rappresentazioni nei pi\u00f9 importanti teatri del panorama lirico internazionale; \u00ab<em>\u00e8 un enorme piacere poter ritornare nella meravigliosa Sicilia &#8211; <\/em>dichiara il direttore Betta &#8211; <em>con l&#8217;esecuzione di un vero capolavoro musicale che risveglia le menti e evoca forti emozioni<\/em>\u00bb.<\/p>\n<p>Il cast prevede, per la parte musicale, la partecipazione di Clara Polito (la madre di tutte le vittime di mafia), Francesco Verna (il padre) e Riccardo Bosco (Mafia, incarnazione del male), mentre per quella attoriale Alessandro Idonea e Bruno Torrisi (che daranno voce, rispettivamente, a Giovanni Falcone e Paolo Borsellino).<br \/>\nIl Coro Lirico Siciliano interpreter\u00e0 i sentimenti alla Societ\u00e0 civile di Palermo e sar\u00e0 istruito, come di consueto, dal suo maestro stabile, Francesco Costa, mentre \u00e8 prevista anche la partecipazione del Coro di Voci Bianche &#8220;Note Colorate&#8221; diretto da Giovanni Mundo, che impersoner\u00e0 le anime dei fanciulli uccisi dalla mafia.<\/p>\n<p>Le luci disegnate da Vito Schiattareggia illumineranno il magnifico prospetto della Chiesa di San Nicol\u00f2 l&#8217;Arena.<\/p>\n<p>&nbsp;<\/p>\n<p>L&#8217;evento, che si svolge in coproduzione con la Fondazione Taormina Arte Sicilia, sar\u00e0 arricchito dalla mostra realizzata dall&#8217;Ansa \u201cL&#8217;Eredit\u00e0 di Falcone e Borsellino\u201d, che racconta con testi e immagini, anche inedite, la vita dei due grandi magistrati. La mostra prevede l&#8217;installazione di foto e pannelli con immagini tratte dall&#8217;archivio ANSA e da album privati di famiglia per continuare a ricordare, soprattutto alle giovani generazioni, il messaggio morale e civile lasciato dai due eminenti personaggi.<\/p>\n<p>&nbsp;<\/p>\n<p>Una chiusura straordinaria per il Festival 2022, che ha coniugato bellezza, arte, e, attraverso la serata evento conclusiva, anche impegno civile e doveroso ricordo e che si \u00e8 affermato come la stagione musicale e artistica di riferimento del meridione donando bellezza e armonia e \u201crisvegliando\u201d con la potenza della grande musica.<\/p>\n<p>&nbsp;<\/p>\n<p>&nbsp;<\/p>\n","protected":false},"excerpt":{"rendered":"<p>L&#8217;opera &#8220;Falcone e Borsellino&#8221; conclude l&#8217;edizione 2022 del Festival con un &#8220;Risveglio&#8221; della pi\u00f9 viva e intima cultura Sar\u00e0 la monumentale Piazza Dante di Catania la cornice per la conclusione<\/p>\n<div><a class=\"permalink\" href=\"https:\/\/www.radioempire.it\/index.php\/2022\/09\/12\/festival-lirico-dei-teatri-di-pietra-musica-ricordo-e-dovere-etico\/\">Read More&#8230;<\/a><\/div>\n","protected":false},"author":2,"featured_media":34807,"comment_status":"closed","ping_status":"closed","sticky":false,"template":"","format":"standard","meta":[],"categories":[3,36],"tags":[],"_links":{"self":[{"href":"https:\/\/www.radioempire.it\/index.php\/wp-json\/wp\/v2\/posts\/34805"}],"collection":[{"href":"https:\/\/www.radioempire.it\/index.php\/wp-json\/wp\/v2\/posts"}],"about":[{"href":"https:\/\/www.radioempire.it\/index.php\/wp-json\/wp\/v2\/types\/post"}],"author":[{"embeddable":true,"href":"https:\/\/www.radioempire.it\/index.php\/wp-json\/wp\/v2\/users\/2"}],"replies":[{"embeddable":true,"href":"https:\/\/www.radioempire.it\/index.php\/wp-json\/wp\/v2\/comments?post=34805"}],"version-history":[{"count":1,"href":"https:\/\/www.radioempire.it\/index.php\/wp-json\/wp\/v2\/posts\/34805\/revisions"}],"predecessor-version":[{"id":34810,"href":"https:\/\/www.radioempire.it\/index.php\/wp-json\/wp\/v2\/posts\/34805\/revisions\/34810"}],"wp:featuredmedia":[{"embeddable":true,"href":"https:\/\/www.radioempire.it\/index.php\/wp-json\/wp\/v2\/media\/34807"}],"wp:attachment":[{"href":"https:\/\/www.radioempire.it\/index.php\/wp-json\/wp\/v2\/media?parent=34805"}],"wp:term":[{"taxonomy":"category","embeddable":true,"href":"https:\/\/www.radioempire.it\/index.php\/wp-json\/wp\/v2\/categories?post=34805"},{"taxonomy":"post_tag","embeddable":true,"href":"https:\/\/www.radioempire.it\/index.php\/wp-json\/wp\/v2\/tags?post=34805"}],"curies":[{"name":"wp","href":"https:\/\/api.w.org\/{rel}","templated":true}]}}