{"id":34820,"date":"2022-09-13T12:39:21","date_gmt":"2022-09-13T12:39:21","guid":{"rendered":"https:\/\/www.radioempire.it\/?p=34820"},"modified":"2022-09-13T12:39:21","modified_gmt":"2022-09-13T12:39:21","slug":"giarre-citta-educativa-venerdi-16-settembre-viaggio-nel-rinascimento-in-sicilia-tra-ricchezza-e-fruibilita-turistica","status":"publish","type":"post","link":"https:\/\/www.radioempire.it\/index.php\/2022\/09\/13\/giarre-citta-educativa-venerdi-16-settembre-viaggio-nel-rinascimento-in-sicilia-tra-ricchezza-e-fruibilita-turistica\/","title":{"rendered":"Giarre Citt\u00e0 Educativa, venerd\u00ec 16 settembre viaggio nel Rinascimento in Sicilia, tra ricchezza e fruibilit\u00e0 turistica. \u00a0"},"content":{"rendered":"<p>Sar\u00e0 il Salone degli Specchi del Municipio di Giarre ad ospitare, <strong>venerd\u00ec 16 settembre<\/strong>, alle <strong>ore 19<\/strong>, il primo degli appuntamenti culturali della manifestazione <strong>Giarre Citt\u00e0 Educativa<\/strong>, promossa dall\u2019assessorato alle Pari Opportunit\u00e0 del Comune di Giarre, e patrocinata dal Mic, Ministero della Cultura, dall\u2019assessorato Regionale dei Beni Culturali e dell\u2019Identit\u00e0 Siciliana, dall\u2019Assemblea Regionale Siciliana e dal Conservatorio di Musica \u2018Alessandro Scarlatti\u2019 di Palermo. Protagonista sar\u00e0 <strong>Nicol\u00f2 Fiorenza<\/strong>, esperto in Beni culturali e responsabile culturale dell&#8217;associazione Mythos Opera Festival, che terr\u00e0 una conferenza sul <strong>Rinascimento in Sicilia<\/strong>. Classe \u201990, Fiorenza coltiva sin da giovanissimo la passione per la storia dell\u2019arte ed il patrimonio culturale, soprattutto della sua terra d\u2019origine, la Sicilia. Dopo la laurea in Beni culturali, con il massimo dei voti, presso l\u2019Accademia delle Belle Arti di Catania, prosegue la propria formazione didattica in siti storici di grande pregio come il Teatro Massimo Bellini, il Museo civico Castello Ursino, il Museo Belliniano e la Pinacoteca del Palazzo degli Elefanti. Si perfeziona come storico dell\u2019arte ed esperto nella conservazione dei beni culturali e nel restauro monumentale. Saggista, ha pubblicato per i <em>Quaderni dei Beni Culturali<\/em> editi dall\u2019Accademia di Belle Arti di Catania. In collaborazione con il Ministero degli Esteri, ha tenuto conferenze presso diverse ambasciate d\u2019Italia sui beni culturali italiani, in occasione della settimana della lingua italiana nel mondo. \u00c8 autore anche del volume \u2018Ancone Rinascimentali in Sicilia\u2019, edito da Kal\u00f2s, viaggio tra le bellezze artistiche della terra siciliana.<\/p>\n<p>&nbsp;<\/p>\n<p>Il 16 settembre Nicol\u00f2 Fiorenza presenter\u00e0 uno studio affascinante sulle radici dell\u2019arte siciliana ma si soffermer\u00e0 anche sulla necessit\u00e0 della valorizzazione dei beni culturali, parte fondamentale della grande ricchezza della nostra isola, e della loro fruibilit\u00e0 turistica. Un viaggio ideale tra i centri che ospitano questo Rinascimento siciliano, a partire da Palermo fino a Catania, da Ragusa a Nicosia, passando da Assoro. \u201cLa conferenza sul Rinascimento in Sicilia, nello specifico sulle ancone rinascimentali, ha un senso in questo territorio perch\u00e9 vogliamo parlare di Rinascimento come fenomeno di ripresa e audacia \u2013 spiega Nicol\u00f2 Fiorenza &#8211; Cos\u00ec com\u2019\u00e8 avvenuto nel XVI secolo, e ancora prima nel XV secolo, la civilt\u00e0, arretrata da un punto di vista di stimoli artistici e culturali, \u00e8 stata costretta e, fortunatamente, ha avuto il genio di andare a prendere come esempio i grandi modelli classici, romani e greci. Da questo ne \u00e8 derivato un periodo fiorente che \u00e8 perdurato per tutto il XV e XVI secolo. Anche la Sicilia pu\u00f2 rinascere, pu\u00f2 risollevarsi, anche dall\u2019attuale situazione economica finanziaria che sta attraversando. Nella conferenza del 16 settembre \u2013 conclude Fiorenza &#8211; si parler\u00e0 del Rinascimento, non solo nella Sicilia orientale ma nel resto dell\u2019isola, delle maggiori produzioni e degli artisti stranieri che hanno avuto maggiore influenza grazie al mecenatismo\u201d.<\/p>\n<p class=\"xxxxmsonospacing\"><span style=\"font-size: 16.0pt; font-family: 'Georgia','serif'; color: black;\">U.S. Maria Bella<\/span><\/p>\n<p class=\"xxxxmsonospacing\"><span style=\"font-size: 16.0pt; font-family: 'Georgia','serif'; color: black;\">3284176181\u00a0<\/span><\/p>\n<p>&nbsp;<\/p>\n<p>&nbsp;<\/p>\n","protected":false},"excerpt":{"rendered":"<p>Sar\u00e0 il Salone degli Specchi del Municipio di Giarre ad ospitare, venerd\u00ec 16 settembre, alle ore 19, il primo degli appuntamenti culturali della manifestazione Giarre Citt\u00e0 Educativa, promossa dall\u2019assessorato alle<\/p>\n<div><a class=\"permalink\" href=\"https:\/\/www.radioempire.it\/index.php\/2022\/09\/13\/giarre-citta-educativa-venerdi-16-settembre-viaggio-nel-rinascimento-in-sicilia-tra-ricchezza-e-fruibilita-turistica\/\">Read More&#8230;<\/a><\/div>\n","protected":false},"author":2,"featured_media":34822,"comment_status":"closed","ping_status":"closed","sticky":false,"template":"","format":"standard","meta":[],"categories":[36,78],"tags":[],"_links":{"self":[{"href":"https:\/\/www.radioempire.it\/index.php\/wp-json\/wp\/v2\/posts\/34820"}],"collection":[{"href":"https:\/\/www.radioempire.it\/index.php\/wp-json\/wp\/v2\/posts"}],"about":[{"href":"https:\/\/www.radioempire.it\/index.php\/wp-json\/wp\/v2\/types\/post"}],"author":[{"embeddable":true,"href":"https:\/\/www.radioempire.it\/index.php\/wp-json\/wp\/v2\/users\/2"}],"replies":[{"embeddable":true,"href":"https:\/\/www.radioempire.it\/index.php\/wp-json\/wp\/v2\/comments?post=34820"}],"version-history":[{"count":1,"href":"https:\/\/www.radioempire.it\/index.php\/wp-json\/wp\/v2\/posts\/34820\/revisions"}],"predecessor-version":[{"id":34823,"href":"https:\/\/www.radioempire.it\/index.php\/wp-json\/wp\/v2\/posts\/34820\/revisions\/34823"}],"wp:featuredmedia":[{"embeddable":true,"href":"https:\/\/www.radioempire.it\/index.php\/wp-json\/wp\/v2\/media\/34822"}],"wp:attachment":[{"href":"https:\/\/www.radioempire.it\/index.php\/wp-json\/wp\/v2\/media?parent=34820"}],"wp:term":[{"taxonomy":"category","embeddable":true,"href":"https:\/\/www.radioempire.it\/index.php\/wp-json\/wp\/v2\/categories?post=34820"},{"taxonomy":"post_tag","embeddable":true,"href":"https:\/\/www.radioempire.it\/index.php\/wp-json\/wp\/v2\/tags?post=34820"}],"curies":[{"name":"wp","href":"https:\/\/api.w.org\/{rel}","templated":true}]}}