{"id":34853,"date":"2022-09-15T12:07:01","date_gmt":"2022-09-15T12:07:01","guid":{"rendered":"https:\/\/www.radioempire.it\/?p=34853"},"modified":"2022-09-15T16:46:28","modified_gmt":"2022-09-15T16:46:28","slug":"al-via-da-domani-a-domenica-25-settembre-a-san-vito-lo-capo-trapani-il-cous-cous-fest-il-festival-internazionale-dellintegrazione-culturale-dieci-giorni-di-gare-tra-chef-internazionali-incontri","status":"publish","type":"post","link":"https:\/\/www.radioempire.it\/index.php\/2022\/09\/15\/al-via-da-domani-a-domenica-25-settembre-a-san-vito-lo-capo-trapani-il-cous-cous-fest-il-festival-internazionale-dellintegrazione-culturale-dieci-giorni-di-gare-tra-chef-internazionali-incontri\/","title":{"rendered":"Al via da domani a domenica 25 settembre a San Vito Lo Capo (Trapani) il COUS COUS FEST, il festival internazionale dell&#8217;integrazione culturale."},"content":{"rendered":"<p style=\"font-weight: 400;\"><strong>DIECI GIORNI DI GARE TRA CHEF INTERNAZIONALI,<\/strong><\/p>\n<p style=\"font-weight: 400;\"><strong>INCONTRI E CONCERTI GRATUITI SULLA SPIAGGIA<\/strong><\/p>\n<p style=\"font-weight: 400;\"><strong>\u00a0<\/strong><\/p>\n<p style=\"font-weight: 400;\"><strong>QUESTA LA LINE-UP COMPLETA:<\/strong><\/p>\n<p style=\"font-weight: 400;\"><strong>DARGEN D&#8217;AMICO<\/strong>,<strong>\u00a0EUGENIO BENNATO<\/strong>,<\/p>\n<p style=\"font-weight: 400;\"><strong>ANTONELLA RUGGIERO E I MUSICANTI<\/strong>,<\/p>\n<p style=\"font-weight: 400;\"><strong>MED FREE ORKESTRA<\/strong>,<strong>\u00a0ERMAL META<\/strong>,<\/p>\n<p style=\"font-weight: 400;\"><strong>PIERO PEL\u00d9<\/strong>,<strong>\u00a0LELLO ANALFINO<\/strong>,<\/p>\n<p style=\"font-weight: 400;\"><strong>ORCHESTRA NOTTE DELLA TARANTA<\/strong>,<strong>\u00a0SHANTEL<\/strong>,<\/p>\n<p style=\"font-weight: 400;\"><strong>AGRICANTUS<\/strong>,<strong>\u00a0BRAMA<\/strong>,<strong>\u00a0EMAN\u00a0<\/strong>e<strong>\u00a0CORDIO<\/strong><\/p>\n<p style=\"font-weight: 400;\"><strong>\u00a0<\/strong><\/p>\n<p style=\"font-weight: 400;\">CONDUCONO IL FESTIVAL<\/p>\n<p style=\"font-weight: 400;\"><strong>TINTO, ROBERTA MORISE, FEDERICO QUARANTA, MARZIA RONCACCI,<\/strong><\/p>\n<p style=\"font-weight: 400;\"><strong>ANDY LUOTTO e VALENTINA CARUSO<\/strong><\/p>\n<p style=\"font-weight: 400;\"><strong>\u00a0<\/strong><\/p>\n<p style=\"font-weight: 400;\">MEDIA PARTNER UFFICIALI DELL\u2019EVENTO<\/p>\n<p style=\"font-weight: 400;\"><strong>Rai Isoradio<\/strong>,\u00a0<strong>Giornale di Sicilia, Tgs\u00a0<\/strong>e<strong>\u00a0RGS<\/strong><\/p>\n<p style=\"font-weight: 400;\"><strong>\u00a0<\/strong><\/p>\n<p style=\"font-weight: 400;\"><strong>Da domani,\u00a0<\/strong>venerd\u00ec 16 settembre<strong>, a domenica 25 settembre torna a\u00a0San Vito Lo Capo\u00a0(TP) la 25\u00b0 edizione del\u00a0COUS COUS FEST, il festival internazionale dell\u2019integrazione culturale.<\/strong><\/p>\n<p style=\"font-weight: 400;\"><strong>\u00a0<\/strong><\/p>\n<p style=\"font-weight: 400;\"><strong>Dieci giorni di gare con chef internazionali, degustazioni, incontri e concerti gratuiti sulla spiaggia\u00a0<\/strong>all\u2019insegna dello slogan \u201c<strong>Love Never Stops<\/strong>\u201d riunendo, come da tradizione, Paesi e culture diverse per promuovere la pace, lo scambio e la multiculturalit\u00e0.<\/p>\n<p style=\"font-weight: 400;\">Questa la line-up completa della manifestazione:\u00a0<strong>DARGEN D&#8217;AMICO<\/strong>,<strong>\u00a0EUGENIO BENNATO<\/strong>,<strong>\u00a0ANTONELLA RUGGIERO E I MUSICANTI, MED FREE ORKESTRA<\/strong>,<strong>\u00a0ERMAL META<\/strong>,<strong>\u00a0PIERO PEL\u00d9<\/strong>,<strong>\u00a0LELLO ANALFINO<\/strong>,<strong>\u00a0ORCHESTRA NOTTE DELLA TARANTA<\/strong>,<strong>\u00a0SHANTEL<\/strong>,<strong>\u00a0AGRICANTUS<\/strong>,<strong>\u00a0BRAMA<\/strong>,<strong>\u00a0EMAN\u00a0<\/strong>e<strong>\u00a0CORDIO.<\/strong><\/p>\n<p style=\"font-weight: 400;\"><strong>\u00a0<\/strong><\/p>\n<p style=\"font-weight: 400;\">Novit\u00e0 dell\u2019edizione di quest\u2019anno saranno i\u00a0<strong>Talk and Music<\/strong>, incontri e interviste che vedranno protagonisti\u00a0<strong>Ermal Meta<\/strong>\u00a0e\u00a0<strong>Piero Pel\u00f9\u00a0<\/strong>in un dialogo alla loro scoperta e riscoperta oltre la musica.<\/p>\n<p style=\"font-weight: 400;\">Il Campionato del mondo di cous cous,\u00a0il Bia Cous cous world championship,\u00a0\u00e8 il\u00a0momento centrale del Cous Cous Fest: una gara tra chef internazionali all\u2019insegna dello scambio e dell\u2019integrazione.<\/p>\n<p style=\"font-weight: 400;\"><strong>Quest\u2019anno sono 8 le squadre di chef in gara provenienti da<\/strong>:\u00a0<strong>Argentina, Brasile, Costa d\u2019Avorio, Francia, Italia, Marocco, Palestina\u00a0<\/strong>e<strong>\u00a0Tunisia<\/strong>. Le sfide del Campionato, promosso da Bia CousCous, azienda produttrice di cous cous, da oltre 15 anni al fianco del festival, si svolgeranno da gioved\u00ec 22 a sabato 24 settembre in piazza Santuario.<\/p>\n<p style=\"font-weight: 400;\">Anche quest\u2019anno sul palco del festival arrivano i grandi interpreti della cucina italiana\u00a0che presenteranno le loro creazioni, naturalmente a base di cous cous.\u00a0<strong>Filippo La Mantia, Peppe Giuffr\u00e8, Andy Luotto, Andrea Lo Cicero, Antonella Ricci e Giorgione<\/strong>: sono questi alcuni dei protagonisti dei cooking show.<\/p>\n<p style=\"font-weight: 400;\">Sul palco dei cooking con una cucina dedicata al territorio e alla tradizione siciliana, suddivisi dal 16 al 25 settembre, ci saranno gli chef\u00a0<strong>Salvatore Lipari<\/strong>,\u00a0<strong>Edoardo Musacchia<\/strong>,\u00a0<strong>Katia Abrignani<\/strong>,\u00a0<strong>Peppe Giuffr\u00e8, Giorgione\u00a0<\/strong>con la partecipazione speciale di<strong>\u00a0<\/strong><strong>Giusi Battaglia<\/strong>\u00a0(protagonista della trasmissione\u00a0<strong>Giusina in cucina<\/strong>),\u00a0<strong>Peppe Alongi<\/strong>\u00a0e\u00a0<strong>Antonio Vultaggio<\/strong>, la\u00a0<strong>Federazione cuochi regionale<\/strong>,\u00a0<strong>Andrea Lo Cicero, il \u201cBarone\u201d del Gambero Rosso,<\/strong>\u00a0<strong>Francesco Tosco<\/strong>,\u00a0<strong>Gaetano Quattropani<\/strong>.<\/p>\n<p style=\"font-weight: 400;\">I visitatori avranno inoltre la possibilit\u00e0 di scegliere di gustare men\u00f9 con oltre 30 proposte di ricette di Cous cous nelle tre aree di degustazione apposite (<strong>la\u00a0Casa del cous cous Al Waha,\u00a0<\/strong>gestita dallo chef<strong>\u00a0Peppe Buffa<\/strong>,\u00a0<strong>la\u00a0Casa del cous cous sanvitese<\/strong>, gestita dallo chef\u00a0<strong>Peppe Salmeri<\/strong>\u00a0e\u00a0<strong>la\u00a0Casa del cous cous dal mondo<\/strong>, gestita dalla chef\u00a0<strong>Piera Spagnolo<\/strong>).<\/p>\n<p style=\"font-weight: 400;\"><strong>\u00a0<\/strong><\/p>\n<p style=\"font-weight: 400;\">A condurre tutti gli appuntamenti della manifestazione ci saranno\u00a0<strong>Tinto e Roberta Morise<\/strong>, al momento impegnati su Rai1 per la trasmissione \u201cCamper\u201d,\u00a0<strong>Federico Quaranta<\/strong>, conduttore Rai e voce della trasmissione radiofonica Decanter, la giornalista del Tg2 Rai\u00a0<strong>Marzia Roncacci<\/strong>,\u00a0<strong>Andy Luotto<\/strong>\u00a0e\u00a0<strong>Valentina Caruso<\/strong>, giornalista di Sky Sport.<\/p>\n<p style=\"font-weight: 400;\">Il Cous Cous Fest \u00e8 organizzato dall\u2019agenzia\u00a0<strong>Feedback,<\/strong>\u00a0in partnership con il Comune di San Vito lo Capo, il sostegno di\u00a0<strong>Bia CousCous<\/strong>,<strong>\u00a0Conad<\/strong>,<strong>\u00a0Electrolux<\/strong>,\u00a0<strong>UniCredit<\/strong>\u00a0e il supporto del progetto \u201c<strong>Don\u2019t touch<\/strong>\u201d, promosso dalla cooperativa sociale Badia Grande.<\/p>\n<p style=\"font-weight: 400;\"><strong>La direzione artistica \u00e8 invece di<\/strong>\u00a0<strong>Massimo Bonelli\u00a0<\/strong>(<a href=\"http:\/\/www.massimobonelli.it\/\" data-saferedirecturl=\"https:\/\/www.google.com\/url?q=http:\/\/www.massimobonelli.it&amp;source=gmail&amp;ust=1663329379335000&amp;usg=AOvVaw26-3RtF2CdBpVALQsT9yga\">www.massimobonelli.it<\/a>), gi\u00e0 direttore artistico del Concerto del Primo Maggio di Roma, oltre che consulente discografico, event manager e produttore, e della sua iCompany (<a href=\"http:\/\/www.icompany.it\/\" data-saferedirecturl=\"https:\/\/www.google.com\/url?q=http:\/\/www.icompany.it&amp;source=gmail&amp;ust=1663329379335000&amp;usg=AOvVaw1fMCtvr4LjJQeDw7C4pMUa\">www.icompany.it<\/a>), tra le realt\u00e0 di riferimento della scena musicale attuale nazionale.<\/p>\n<p style=\"font-weight: 400;\">Media partner ufficiali dell\u2019evento sono:<strong>\u00a0Rai Isoradio, il Giornale di Sicilia, TGS\u00a0<\/strong>e<strong>\u00a0RGS.<\/strong><\/p>\n<p style=\"font-weight: 400;\"><strong>Sul sito ufficiale del festival \u00e8 possibile consultare il programma completo dettagliato, conoscere gli chef dei Paesi partecipanti, la giuria e costi di ingresso:<\/strong>\u00a0<a href=\"http:\/\/www.couscousfest.it\/\" data-saferedirecturl=\"https:\/\/www.google.com\/url?q=http:\/\/www.couscousfest.it&amp;source=gmail&amp;ust=1663329379335000&amp;usg=AOvVaw1Hp4deAx3ydv342iMAAUtp\">www.couscousfest.it<\/a>.<\/p>\n<p style=\"font-weight: 400;\"><strong>QUESTO IL CARTELLONE DEI CONCERTI E INCONTRI ARTISTICI DELLA 25^ EDIZIONE DEL COUS COUS FEST:<\/strong><\/p>\n<p style=\"font-weight: 400;\"><strong>\u00a0<\/strong><\/p>\n<p style=\"font-weight: 400;\"><strong>VENERD\u00cc 16 SETTEMBRE<\/strong><\/p>\n<p style=\"font-weight: 400;\"><strong>DARGEN D&#8217;AMICO\u00a0<\/strong>in concerto &#8211; ore 22.30<\/p>\n<p style=\"font-weight: 400;\">Il cantautorap, che sta portando in giro per l\u2019Italia la sua hit \u201c<strong>Dove si balla<\/strong>\u201d lanciata al Festival di Sanremo, ha saputo inventare una chiave del tutto personale al rap, tra tradizione cantautorale italiana e una ricerca che attraversa i territori della musica classica e dell&#8217;elettronica per ricongiungersi al pop.<\/p>\n<p style=\"font-weight: 400;\"><strong>SABATO 17 SETTEMBRE<\/strong><\/p>\n<p style=\"font-weight: 400;\"><strong>EUGENIO BENNATO TARANTAPOWER\u00a0<\/strong>in concerto &#8211; ore 22.30<\/p>\n<p style=\"font-weight: 400;\">Dalla Nuova Compagnia di Canto Popolare a Taranta power, oltre 50 anni di carriera dedicata alla ricerca della musica popolare dell\u2019Italia meridionale.<\/p>\n<p style=\"font-weight: 400;\"><strong>DOMENICA 18 SETTEMBRE<\/strong><\/p>\n<p style=\"font-weight: 400;\"><strong>ANTONELLA RUGGIERO E I MUSICANTI\u00a0<\/strong>in concerto \u2013 ore 21.00<\/p>\n<p style=\"font-weight: 400;\"><strong>Antonella Ruggiero,\u00a0<\/strong>storica voce dei Matia Bazar considerata fra le pi\u00f9 belle del panorama italiano,<strong>\u00a0insieme a I Musicanti,\u00a0<\/strong>ensemble di musicisti che da oltre 20 anni, sotto la guida di Gregorio Caimi, contaminano la tradizione musicale siciliana con quella di altri Paesi del Mediterraneo e dell\u2019Africa, per un concerto unico nel suo genere.<\/p>\n<p style=\"font-weight: 400;\"><em>\u00a0<\/em><\/p>\n<p style=\"font-weight: 400;\"><strong>LUNED\u00cc 19 SETTEMBRE<\/strong><\/p>\n<p style=\"font-weight: 400;\"><strong>MED FREE ORKESTRA<\/strong>\u00a0in concerto \u2013 ore 21.30<\/p>\n<p style=\"font-weight: 400;\">Nata 12 anni fa nel quartiere romano di Testaccio da un\u2019idea di Francesco Fiore, da sempre un melting pot di suoni e culture, da sempre vicina agli \u201cultimi\u201d ha fatto della musica un luogo di aggregazione e di scambio.<\/p>\n<p style=\"font-weight: 400;\"><strong>MARTED\u00cc 20 SETTEMBRE<\/strong><\/p>\n<p style=\"font-weight: 400;\"><strong>ERMAL META\u00a0<\/strong>talk and music \u2013 ore 21.30<\/p>\n<p style=\"font-weight: 400;\">Tra i pi\u00f9 grandi e apprezzati cantautori di oggi, autore, produttore, polistrumentista e cantante, ora anche scrittore con l&#8217;uscita del suo primo romanzo \u201c<em>Domani e per sempre<\/em>\u201d.<\/p>\n<p style=\"font-weight: 400;\">Aftershow @\u00a0<strong>EMAN<\/strong>\u00a0+\u00a0<strong>CORDIO<\/strong><\/p>\n<p style=\"font-weight: 400;\">Eman, all\u2019anagrafe Emanuele Aceto, \u00e8 un cantautore dalla grande originalit\u00e0 compositiva, che incontra testi profondi, spesso veicolo di messaggi a carattere sociale o di denuncia, ma anche ironici e provocatori. Pierfrancesco Cordio, in arte Cordio, \u00e8 un giovane cantautore catanese, scoperto da Ermal Meta, che ne ha curato la produzione artistica nella sua prima parte di carriera e che lo ha portato in tour come opening act nei suoi concerti per oltre 50 date in tutta Italia.<\/p>\n<p style=\"font-weight: 400;\"><strong>MERCOLED\u00cc 21 SETTEMBRE<\/strong><\/p>\n<p style=\"font-weight: 400;\"><strong>PIERO PEL\u00d9\u00a0<\/strong>talk \u201cSpacca l\u2019infinito\u201d \u2013 ore 21.30<\/p>\n<p style=\"font-weight: 400;\">Cantautore, frontman e co-fondatore dei\u00a0<strong>Litfiba,<\/strong>\u00a0ha pubblicato 20 album di studio e 7 album live vendendo oltre 7 milioni di copie. Grande performer, si \u00e8 esibito in tutto il mondo e al Cous Cous Fest 2022 verr\u00e0 a raccontarsi attraverso il suo\u00a0<strong>Spacca l\u2019infinito<\/strong>, il \u201c<em>romanzo di una vita<\/em>\u201d che ha recentemente pubblicato per Giunti editore.<\/p>\n<p style=\"font-weight: 400;\">Aftershow @\u00a0<strong>BRAMA<\/strong><\/p>\n<p style=\"font-weight: 400;\">Brama, nome d\u2019arte di Pierpaolo Saccomandi, nei suoi testi \u00e8 spesso presente una reminiscenza acida del cantautorato italiano che si contrappone a un\u2019estetica musicale appartenente alla scena elettronica europea.<\/p>\n<p style=\"font-weight: 400;\"><strong>\u00a0<\/strong><\/p>\n<p style=\"font-weight: 400;\"><strong>GIOVED\u00cc 22 SETTEMBRE<\/strong><\/p>\n<p style=\"font-weight: 400;\"><strong>LELLO ANALFINO<\/strong>\u00a0in concerto \u2013 ore 22.00<\/p>\n<p style=\"font-weight: 400;\">Frontman del gruppo siciliano\u00a0<strong>Tinturia<\/strong>, nel corso degli anni si afferma come vero e proprio \u201canimale da palcoscenico\u201d. Un artista esaltante e coinvolgente per chi guarda le sue performance dal vivo. Un moderno folletto che non disdegna di trasformarsi in giullare per dire quello che pensa nelle sue canzoni.<\/p>\n<p style=\"font-weight: 400;\"><strong>VENERD\u00cc 23 SETTEMBRE<\/strong><\/p>\n<p style=\"font-weight: 400;\"><strong>ORCHESTRA POPOLARE NOTTE DELLA TARANTA<\/strong>\u00a0in concerto \u2013 ore 22.30<\/p>\n<p style=\"font-weight: 400;\">Una visione contemporanea ma sempre legata alla forza ancestrale della musica popolare e tribale del ritmo del tamburello, portata in tutto il mondo: dall\u2019Argentina alla Cina, dagli Emirati Arabi al Cile.<\/p>\n<p style=\"font-weight: 400;\"><strong>SABATO 24 SETTEMBRE<\/strong><\/p>\n<p style=\"font-weight: 400;\"><strong>SHANTEL<\/strong>\u00a0dj set live on the beach \u2013 ore 23.00<\/p>\n<p style=\"font-weight: 400;\">Uno degli artisti live pi\u00f9 impressionanti del nostro tempo. Shantel interagisce con il pubblico e il pubblico lo adora per questo. Chi ha mai visto un concerto di Shantel lo sa: tutti danzeranno in modo estatico ed euforico.<\/p>\n<p style=\"font-weight: 400;\"><strong>DOMENICA 25 SETTEMBRE<\/strong><\/p>\n<p style=\"font-weight: 400;\"><strong>AGRICANTUS<\/strong>\u00a0in concerto &#8211; ore 21.00<\/p>\n<p style=\"font-weight: 400;\">La chiusura della 25\u00b0 edizione del Cous Cous Fest \u00e8 affidata al grande ritorno degli Agricantus, una delle band pi\u00f9 iconiche della musica popolare siciliana e ospiti tra i pi\u00f9 graditi delle primissime edizioni dell\u2019evento, ormai un quarto di secolo fa. La band siciliana \u00e8 certamente uno dei gruppi italiani pi\u00f9 famosi sulla scena internazionale della world music prodotta in Italia. La loro \u00e8 una miscela musicale particolare creata con strumenti tradizionali, elettronici, tecniche moderne ed arcaiche che trasportano l\u2019ascoltatore in un viaggio in cui le tradizioni orali, le voci ed i rituali del Sud Italia e del Mediterraneo descrivono lontani territori musicali e di grande evocazione.<\/p>\n<p><a href=\"http:\/\/www.couscousfest.it\/\" data-saferedirecturl=\"https:\/\/www.google.com\/url?q=http:\/\/www.couscousfest.it&amp;source=gmail&amp;ust=1663329379335000&amp;usg=AOvVaw1Hp4deAx3ydv342iMAAUtp\">www.couscousfest.it<\/a><\/p>\n<p><a href=\"http:\/\/www.instagram.com\/couscousfest\/\" data-saferedirecturl=\"https:\/\/www.google.com\/url?q=http:\/\/www.instagram.com\/couscousfest\/&amp;source=gmail&amp;ust=1663329379335000&amp;usg=AOvVaw0YKf_BNBgRRKyeYjhLYSPC\">www.instagram.com\/couscousfest\/<\/a><\/p>\n<p><a href=\"http:\/\/www.facebook.com\/CousCousFest\/\" data-saferedirecturl=\"https:\/\/www.google.com\/url?q=http:\/\/www.facebook.com\/CousCousFest\/&amp;source=gmail&amp;ust=1663329379335000&amp;usg=AOvVaw2Kiv67bofHVpKbwGxNMxL4\">www.facebook.com\/CousCousFest\/<\/a><\/p>\n","protected":false},"excerpt":{"rendered":"<p>DIECI GIORNI DI GARE TRA CHEF INTERNAZIONALI, INCONTRI E CONCERTI GRATUITI SULLA SPIAGGIA \u00a0 QUESTA LA LINE-UP COMPLETA: DARGEN D&#8217;AMICO,\u00a0EUGENIO BENNATO, ANTONELLA RUGGIERO E I MUSICANTI, MED FREE ORKESTRA,\u00a0ERMAL META,<\/p>\n<div><a class=\"permalink\" href=\"https:\/\/www.radioempire.it\/index.php\/2022\/09\/15\/al-via-da-domani-a-domenica-25-settembre-a-san-vito-lo-capo-trapani-il-cous-cous-fest-il-festival-internazionale-dellintegrazione-culturale-dieci-giorni-di-gare-tra-chef-internazionali-incontri\/\">Read More&#8230;<\/a><\/div>\n","protected":false},"author":2,"featured_media":34854,"comment_status":"closed","ping_status":"closed","sticky":false,"template":"","format":"standard","meta":[],"categories":[3,36],"tags":[],"_links":{"self":[{"href":"https:\/\/www.radioempire.it\/index.php\/wp-json\/wp\/v2\/posts\/34853"}],"collection":[{"href":"https:\/\/www.radioempire.it\/index.php\/wp-json\/wp\/v2\/posts"}],"about":[{"href":"https:\/\/www.radioempire.it\/index.php\/wp-json\/wp\/v2\/types\/post"}],"author":[{"embeddable":true,"href":"https:\/\/www.radioempire.it\/index.php\/wp-json\/wp\/v2\/users\/2"}],"replies":[{"embeddable":true,"href":"https:\/\/www.radioempire.it\/index.php\/wp-json\/wp\/v2\/comments?post=34853"}],"version-history":[{"count":3,"href":"https:\/\/www.radioempire.it\/index.php\/wp-json\/wp\/v2\/posts\/34853\/revisions"}],"predecessor-version":[{"id":34886,"href":"https:\/\/www.radioempire.it\/index.php\/wp-json\/wp\/v2\/posts\/34853\/revisions\/34886"}],"wp:featuredmedia":[{"embeddable":true,"href":"https:\/\/www.radioempire.it\/index.php\/wp-json\/wp\/v2\/media\/34854"}],"wp:attachment":[{"href":"https:\/\/www.radioempire.it\/index.php\/wp-json\/wp\/v2\/media?parent=34853"}],"wp:term":[{"taxonomy":"category","embeddable":true,"href":"https:\/\/www.radioempire.it\/index.php\/wp-json\/wp\/v2\/categories?post=34853"},{"taxonomy":"post_tag","embeddable":true,"href":"https:\/\/www.radioempire.it\/index.php\/wp-json\/wp\/v2\/tags?post=34853"}],"curies":[{"name":"wp","href":"https:\/\/api.w.org\/{rel}","templated":true}]}}