{"id":34856,"date":"2022-09-15T12:22:33","date_gmt":"2022-09-15T12:22:33","guid":{"rendered":"https:\/\/www.radioempire.it\/?p=34856"},"modified":"2022-09-15T12:22:33","modified_gmt":"2022-09-15T12:22:33","slug":"daniela-spalletta-a-partire-da-domenica-18-settembre-fino-a-sabato-29-ottobre-sara-impegnata-in-una-serie-di-concerti-fra-ungheria-e-italia","status":"publish","type":"post","link":"https:\/\/www.radioempire.it\/index.php\/2022\/09\/15\/daniela-spalletta-a-partire-da-domenica-18-settembre-fino-a-sabato-29-ottobre-sara-impegnata-in-una-serie-di-concerti-fra-ungheria-e-italia\/","title":{"rendered":"DANIELA SPALLETTA A PARTIRE DA DOMENICA 18 SETTEMBRE FINO A SABATO 29 OTTOBRE, SAR\u00c1 IMPEGNATA IN UNA SERIE DI CONCERTI FRA UNGHERIA E ITALIA"},"content":{"rendered":"<p>La cantante, compositrice e arrangiatrice siciliana Daniela Spalletta, in diversi contesti, sar\u00e0 protagonista in svariati e prestigiosi concerti per festival ed eventi di blasone internazionale<\/p>\n<p>Dopo una stagione estiva fitta di impegni e grandi riscontri di pubblico, fra i quali l\u2019\u201dImpossible Tour\u201d di Geg\u00e8 Telesforo 5et, tourn\u00e9e di oltre venti date, il memorabile concerto in omaggio a Lelio Luttazzi dove Daniela Spalletta, solista della FVG Orchestra, ha interpretato gli intensi arrangiamenti di Glauco Venier, Valter Sivilotti e Michele Corcella, oltre alla nascita di un nuovo progetto in duo con la pianista Stefania Tallini, ecco che la talentuosa artista siciliana torner\u00e0 a calcare i palchi all\u2019estero e in Italia durante il periodo autunnale. L\u2019Ungheria, precisamente Budapest, sar\u00e0 la prima tappa di questa serie di date nell\u2019ambito di una residenza artistica promossa da Midj in collaborazione con l\u2019IIC di Budapest. Domenica 18 settembre, infatti, Daniela Spalletta sar\u00e0 ospite (in duo) insieme al pianista e compositore Mario Mariani in seno al J\u00f2zsef\u00e0vros Jazz Festival. Sabato 24 settembre, invece, torner\u00e0 al fianco di Geg\u00e8 Telesforo 5et per il \u201cRoma Unplugged Festival\u201d al \u201cParco Archeologico dell\u2019Appia Antica\u201d. Mercoled\u00ec 28 settembre Daniela Spalletta sar\u00e0 di ritorno in Ungheria, al Budapest Jazz Club, con J\u00f9lia Karosi, Kriszti\u00e0n Ol\u00e0h, Adam Bogothy, Bendeg\u00f9z Varga, per poi tenere alcune masterclass presso il conservatorio di \u201cBela Bartok\u201d di Budapest e il conservatorio di V\u00e0c. A ottobre, venerd\u00ec 14, ancora una volta con Geg\u00e8 Telesforo 5et a Camogli, in terra ligure, per poi scendere a Roma, dal 21 al 23 ottobre, in occasione dello European Jazz\u2019Cool. Infine, sabato 29 ottobre al \u201cMoncalieri Jazz Festival\u201d, Daniela Spalletta condivider\u00e0 il palco con Albert Hera. Dunque, una serie di live per la cantante sicula, che esporter\u00e0 il suo inestimabile talento anche oltre i confini nazionali.<\/p>\n<p>Biografia<\/p>\n<p>Cantante, compositrice e arrangiatrice totale, Daniela Spalletta \u00e8 un\u2019artista dalla toccante sensibilit\u00e0. Magistrale nel controllo del mezzo vocale, mirabile nell\u2019intonazione, nella gestione del diaframma e chirurgica nel timing, nonch\u00e9 sopraffina compositrice, ascoltare Daniela Spalletta (nei dischi e dal vivo) \u00e8<br \/>\nuna pura leccorn\u00eca per l\u2019udito, balsamo per l\u2019anima. La sua estasiante vocalit\u00e0, soulful, pregna di pathos, rappresenta un\u2019esplosione di colori: dal jazz alla musica mediterranea, dal contemporary jazz alla musica colta, dall\u2019ethno jazz al soul, fino alla world music. La sua poliedricit\u00e0 timbrica, grande valore aggiunto, la rende riconoscibile e molto personale nell\u2019interpretazione dei brani che lei affronta con disarmante naturalezza. Talento cristallino, Daniela Spalletta \u00e8 una stella luminosa del firmamento musicale italiano, a prescindere dall\u2019ambito stilistico nel quale si muove. Negli ultimi anni si \u00e8 classificata ai primi posti, tra le voci femminili italiane, dei Jazzit Awards della rivista Jazzit. Annovera collaborazioni con blasonati musicisti del panorama jazzistico italiano e internazionale (fra cui Urban Fabula, Seamus Blake, Giovanni Mazzarino, Geg\u00e8 Telesforo, Enrico Intra, Fabrizio Bosso, Max Ionata). Ha all\u2019attivo tre album da leader (D\/Birth \u2013 Alfa Music 2015, Sikania \u2013 Jazzy Records 2017 e Per Aspera ad Astra \u2013 TRP Music 2021) e numerose collaborazioni (fra questi, il nuovo disco di Geg\u00e8 Telesforo intitolato Il Mondo in testa \u2013 Jando Music 2020). Molti i premi internazionali vinti: fra questi, il Premio Claudio Abbado, Premio Nazionale delle Arti, Lucca Jazz Donna 2014, Multiculturita Europe Contest, AIR \u2013 Artisti in Residenza. Nel 2019 si classifica al secondo posto del prestigioso \u201cSarah Vaughan International Jazz Vocal Competition\u201d, esibendosi al New Jesey Performing Art Center (Newark, NJ) dinanzi a una giuria composta da Christian McBride, Dee Dee Bridgwater, Jane Monet Monifa Brown e Matt Pierson. Nel 2021 \u00e8 stata inserita nella \u201cTop Jazz 2021\u201d di<br \/>\nMusica Jazz per la categoria \u201cNuovo Talento Italiano\u201d, nella classifica \u201cDieci Dischi Degni di Nota del 2021\u201d per Musicabile (Tgcom24), a cura del giornalista musicale Beppe Ceccato, con il suo nuovo disco Per Aspera ad Astra e, ancora, questo suo album, che ha riscosso un eccellente successo di critica, \u00e8 entrato nei \u201c100 Greatest Jazz Album-Jazzit Awards 2021\u201d, quindi scelto da \u201cJazzit\u201d come uno fra i migliori cento dischi jazz internazionali del 2021. Molti i festival in cui si \u00e8 esibita in tutto il mondo, fra i quali il NJPAC, Rendez Vous de l\u2019Erdre, IIC in Nice, Jazz al Piccolo, Umbria Jazz, Django World Music Festival. Affianca, all\u2019attivit\u00e0 artistica, quella di docente di Canto Jazz in diversi conservatori italiani.<\/p>\n<p>Official Website: www.danielaspalletta.it<br \/>\nFacebook: www.facebook.com\/danielaspallettamusica<br \/>\nInstagram: www.instagram.com\/danielaspalletta27\/<br \/>\nwww.ctbox.it<br \/>\nwww.diyticket.it<\/p>\n","protected":false},"excerpt":{"rendered":"<p>La cantante, compositrice e arrangiatrice siciliana Daniela Spalletta, in diversi contesti, sar\u00e0 protagonista in svariati e prestigiosi concerti per festival ed eventi di blasone internazionale Dopo una stagione estiva fitta<\/p>\n<div><a class=\"permalink\" href=\"https:\/\/www.radioempire.it\/index.php\/2022\/09\/15\/daniela-spalletta-a-partire-da-domenica-18-settembre-fino-a-sabato-29-ottobre-sara-impegnata-in-una-serie-di-concerti-fra-ungheria-e-italia\/\">Read More&#8230;<\/a><\/div>\n","protected":false},"author":2,"featured_media":34857,"comment_status":"closed","ping_status":"closed","sticky":false,"template":"","format":"standard","meta":[],"categories":[3,36],"tags":[],"_links":{"self":[{"href":"https:\/\/www.radioempire.it\/index.php\/wp-json\/wp\/v2\/posts\/34856"}],"collection":[{"href":"https:\/\/www.radioempire.it\/index.php\/wp-json\/wp\/v2\/posts"}],"about":[{"href":"https:\/\/www.radioempire.it\/index.php\/wp-json\/wp\/v2\/types\/post"}],"author":[{"embeddable":true,"href":"https:\/\/www.radioempire.it\/index.php\/wp-json\/wp\/v2\/users\/2"}],"replies":[{"embeddable":true,"href":"https:\/\/www.radioempire.it\/index.php\/wp-json\/wp\/v2\/comments?post=34856"}],"version-history":[{"count":1,"href":"https:\/\/www.radioempire.it\/index.php\/wp-json\/wp\/v2\/posts\/34856\/revisions"}],"predecessor-version":[{"id":34858,"href":"https:\/\/www.radioempire.it\/index.php\/wp-json\/wp\/v2\/posts\/34856\/revisions\/34858"}],"wp:featuredmedia":[{"embeddable":true,"href":"https:\/\/www.radioempire.it\/index.php\/wp-json\/wp\/v2\/media\/34857"}],"wp:attachment":[{"href":"https:\/\/www.radioempire.it\/index.php\/wp-json\/wp\/v2\/media?parent=34856"}],"wp:term":[{"taxonomy":"category","embeddable":true,"href":"https:\/\/www.radioempire.it\/index.php\/wp-json\/wp\/v2\/categories?post=34856"},{"taxonomy":"post_tag","embeddable":true,"href":"https:\/\/www.radioempire.it\/index.php\/wp-json\/wp\/v2\/tags?post=34856"}],"curies":[{"name":"wp","href":"https:\/\/api.w.org\/{rel}","templated":true}]}}