{"id":34859,"date":"2022-09-15T12:41:33","date_gmt":"2022-09-15T12:41:33","guid":{"rendered":"https:\/\/www.radioempire.it\/?p=34859"},"modified":"2022-09-15T12:41:33","modified_gmt":"2022-09-15T12:41:33","slug":"magenta-e-il-nuovo-singolo-dei-basiliscus-p","status":"publish","type":"post","link":"https:\/\/www.radioempire.it\/index.php\/2022\/09\/15\/magenta-e-il-nuovo-singolo-dei-basiliscus-p\/","title":{"rendered":"MAGENTA \u00e8 il nuovo singolo dei Basiliscus P"},"content":{"rendered":"<p><strong>Gioved\u00ec 15 settembre 2022<\/strong>\u00a0torna il progetto made in Sicily dei\u00a0<strong>Basiliscus P<\/strong>\u00a0con un nuovo capitolo dal titolo &#8220;<strong><em>Magenta<\/em><\/strong>&#8221; (<strong>Tuma Records \/ The Orchard<\/strong>). La band di Messina ci regala un singolo che si articola con un incedere claudicante che alterna esplosioni e implosioni e nel finale trova una chiusura strumentale benaugurante e potente con un rossore come colore dominante: magenta di sera bel tempo si spera. L&#8217;estate che finisce cos\u00ec, con un brano che sa di concerti all&#8217;aperto, macchinate infinite con le persone giuste e disturbanti post-sbronza psichedelici.<\/p>\n<p>Il brano anticipa un nuovo disco di prossima pubblicazione dal titolo &#8220;<em><strong>Spuma<\/strong><\/em>&#8220;, figlio della pandemia e rifinito in uno studio ricavato all\u2019interno di un ex Forte militare di fine \u2018800. I brani di questo album, di cui &#8220;<em><strong>Magenta<\/strong><\/em>&#8221; \u00e8 un primo assaggio, sono nati da lunghe sessioni di improvvisazione in sala che poi sono state sviscerate e riarrangiate al forte, sotto la guida di\u00a0<strong>Marco Fasolo<\/strong>, leader dei\u00a0<strong>Jennifer Gentle<\/strong>\u00a0e produttore tra gli altri di<strong>\u00a0I Hate My Village<\/strong>\u00a0e\u00a0<strong>Bud Spencer Blues Explosion<\/strong>.<\/p>\n<p><strong>SCOPRI IL BRANO SU SPOTIFY:\u00a0<\/strong><br \/>\n<a href=\"https:\/\/conzapress.us7.list-manage.com\/track\/click?u=4c11e8baa94397de80760836f&amp;id=a75c5821bd&amp;e=541e1ba31e\" target=\"_blank\" rel=\"noopener\" data-saferedirecturl=\"https:\/\/www.google.com\/url?q=https:\/\/conzapress.us7.list-manage.com\/track\/click?u%3D4c11e8baa94397de80760836f%26id%3Da75c5821bd%26e%3D541e1ba31e&amp;source=gmail&amp;ust=1663329379304000&amp;usg=AOvVaw2UvmUn18BbyP1P2cQ_rMBd\">https:\/\/open.spotify.com\/<wbr \/>album\/2sjsV8WuAkg7Y1s3GamsgS?<wbr \/>si=7F7s4h1mQTGarAknbAWDOQ<\/a><\/p>\n<p><img loading=\"lazy\" class=\"CToWUd a6T\" tabindex=\"0\" src=\"https:\/\/ci6.googleusercontent.com\/proxy\/kSOS3qGsjStQOkzaqgY3jHIyZXnoAepigbE2JE6DvgFCAWJin5oha-ZTev4HOE_RyFmpomecomIgfvRkhd1Dng2br9xXUWfAZeO3_gjEMkPUPdMATcfHT46hf7GXaUOQYlG_fSsF5CY-vp1-EbS2rL0po60p4NHH9sgLXg=s0-d-e1-ft#https:\/\/mcusercontent.com\/4c11e8baa94397de80760836f\/_compresseds\/fa4fb435-4c79-15bc-0323-a6095c57f09c.jpg\" width=\"600\" height=\"600\" data-bit=\"iit\" \/><\/p>\n<p dir=\"ltr\"><strong>Prodotto e registrato da<\/strong>\u00a0Marco Fasolo presso il The Cave Studio, Catania.<br \/>\n<strong>Assistente di studio:<\/strong>\u00a0Matteo D&#8217;Alessandro.<br \/>\n<strong>Missato da\u00a0<\/strong>Marco Fasolo presso il Big Tree Studio, Brescia.<br \/>\n<strong>Masterizzato da\u00a0<\/strong>Riccardo Zamboni.<br \/>\n<strong>Musiche di\u00a0<\/strong>Basiliscus P<br \/>\n<strong>Arrangiamenti di\u00a0<\/strong>Basiliscus P e Marco Fasolo<br \/>\n<strong>Testi di\u00a0<\/strong>Marco Mangraviti<\/p>\n<p><strong>Basiliscus P:\u00a0<\/strong>Marco Mangraviti, Federica Fornaro, Luca Risitano<\/p>\n<p><strong>BIO:<\/strong><\/p>\n<p dir=\"ltr\">I\u00a0<strong>Basiliscus P<\/strong>\u00a0nascono a Messina nell&#8217;inverno del 2011, inizialmente come progetto parallelo di Marco (basso, voce), Federica (chitarra) e Luca (batteria), gi\u00e0 componenti dei Light Sound Diamond. L&#8217;obiettivo del gruppo \u00e8 riuscire a coadiuvare le proprie passioni musicali creando brani che abbiano una loro riconoscibilit\u00e0 e personalit\u00e0, spaziando tra progressive, psichedelia, la ruvidezza degli anni &#8217;90 e qualche ammiccamento al jazz.<\/p>\n<p dir=\"ltr\">Il gruppo per anni si chiude in sala per scrivere brani da zero ed elaborare idee rimaste nel cassetto per tanto tempo. Il risultato di questo lungo lavoro vedr\u00e0 la luce nel 2017 in \u201cPlacenta\u201d, un album di 9 brani registrati nel Dalek Studios di Messina e ultimati nei Ludnica Studio, dove viene effettuato il master rigorosamente su nastro.<\/p>\n<p dir=\"ltr\">Segue un&#8217;intensa attivit\u00e0 live, specialmente in Sicilia. Nel 2018 vincono Arezzo Wave Band Sicilia. Aumentano le occasioni di suonare dal vivo, aprendo alcuni concerti degli<strong>\u00a0Uzeda<\/strong>, il tour si chiuder\u00e0 con un concerto al Mish Mash Festival nel 2019.<\/p>\n<p dir=\"ltr\">A fine anno, dopo l&#8217;incontro con\u00a0<strong>Marco Fasolo<\/strong>\u00a0a un concerto dei Jennifer Gentle, la band si chiude nuovamente in sala per lavorare su nuovi brani, con un lavoro di ricerca e arrangiamento condiviso con lo stesso Fasolo che viene assoldato come produttore artistico. Le canzoni verranno registrati al\u00a0<strong>The Cave<\/strong>\u00a0di Catania. Per l&#8217;occasione,i tre si avvalgono anche della partecipazione di\u00a0<strong>Bruno Bonaiuto<\/strong>, polistrumentista che li accompagner\u00e0 anche dal vivo.<\/p>\n<p><a href=\"https:\/\/conzapress.us7.list-manage.com\/track\/click?u=4c11e8baa94397de80760836f&amp;id=0376812489&amp;e=541e1ba31e\" target=\"_blank\" rel=\"noopener\" data-saferedirecturl=\"https:\/\/www.google.com\/url?q=https:\/\/conzapress.us7.list-manage.com\/track\/click?u%3D4c11e8baa94397de80760836f%26id%3D0376812489%26e%3D541e1ba31e&amp;source=gmail&amp;ust=1663329379304000&amp;usg=AOvVaw2ybF86goKLHmzysmI9DqdO\">https:\/\/www.instagram.com\/<wbr \/>basiliscusp\/<\/a><br \/>\n<a href=\"https:\/\/conzapress.us7.list-manage.com\/track\/click?u=4c11e8baa94397de80760836f&amp;id=5818d2236d&amp;e=541e1ba31e\" target=\"_blank\" rel=\"noopener\" data-saferedirecturl=\"https:\/\/www.google.com\/url?q=https:\/\/conzapress.us7.list-manage.com\/track\/click?u%3D4c11e8baa94397de80760836f%26id%3D5818d2236d%26e%3D541e1ba31e&amp;source=gmail&amp;ust=1663329379304000&amp;usg=AOvVaw2vu-3_C-nQoz4tNd8_GMsc\">https:\/\/www.facebook.com\/<wbr \/>basiliscusp<\/a><\/p>\n","protected":false},"excerpt":{"rendered":"<p>Gioved\u00ec 15 settembre 2022\u00a0torna il progetto made in Sicily dei\u00a0Basiliscus P\u00a0con un nuovo capitolo dal titolo &#8220;Magenta&#8221; (Tuma Records \/ The Orchard). La band di Messina ci regala un singolo<\/p>\n<div><a class=\"permalink\" href=\"https:\/\/www.radioempire.it\/index.php\/2022\/09\/15\/magenta-e-il-nuovo-singolo-dei-basiliscus-p\/\">Read More&#8230;<\/a><\/div>\n","protected":false},"author":2,"featured_media":34860,"comment_status":"closed","ping_status":"closed","sticky":false,"template":"","format":"standard","meta":[],"categories":[3,36],"tags":[],"_links":{"self":[{"href":"https:\/\/www.radioempire.it\/index.php\/wp-json\/wp\/v2\/posts\/34859"}],"collection":[{"href":"https:\/\/www.radioempire.it\/index.php\/wp-json\/wp\/v2\/posts"}],"about":[{"href":"https:\/\/www.radioempire.it\/index.php\/wp-json\/wp\/v2\/types\/post"}],"author":[{"embeddable":true,"href":"https:\/\/www.radioempire.it\/index.php\/wp-json\/wp\/v2\/users\/2"}],"replies":[{"embeddable":true,"href":"https:\/\/www.radioempire.it\/index.php\/wp-json\/wp\/v2\/comments?post=34859"}],"version-history":[{"count":1,"href":"https:\/\/www.radioempire.it\/index.php\/wp-json\/wp\/v2\/posts\/34859\/revisions"}],"predecessor-version":[{"id":34861,"href":"https:\/\/www.radioempire.it\/index.php\/wp-json\/wp\/v2\/posts\/34859\/revisions\/34861"}],"wp:featuredmedia":[{"embeddable":true,"href":"https:\/\/www.radioempire.it\/index.php\/wp-json\/wp\/v2\/media\/34860"}],"wp:attachment":[{"href":"https:\/\/www.radioempire.it\/index.php\/wp-json\/wp\/v2\/media?parent=34859"}],"wp:term":[{"taxonomy":"category","embeddable":true,"href":"https:\/\/www.radioempire.it\/index.php\/wp-json\/wp\/v2\/categories?post=34859"},{"taxonomy":"post_tag","embeddable":true,"href":"https:\/\/www.radioempire.it\/index.php\/wp-json\/wp\/v2\/tags?post=34859"}],"curies":[{"name":"wp","href":"https:\/\/api.w.org\/{rel}","templated":true}]}}