{"id":34876,"date":"2022-09-15T16:04:46","date_gmt":"2022-09-15T16:04:46","guid":{"rendered":"https:\/\/www.radioempire.it\/?p=34876"},"modified":"2022-09-15T16:06:36","modified_gmt":"2022-09-15T16:06:36","slug":"etnabook-2022-il-programma-tra-incontri-ospiti-e-premiazioni","status":"publish","type":"post","link":"https:\/\/www.radioempire.it\/index.php\/2022\/09\/15\/etnabook-2022-il-programma-tra-incontri-ospiti-e-premiazioni\/","title":{"rendered":"Etnabook 2022: il programma tra incontri, ospiti e premiazioni"},"content":{"rendered":"<p>Dal 27 settembre all\u20191 ottobre, torna il Festival Internazionale del libro e della cultura di Catania con un fitto calendario di appuntamenti.<\/p>\n<p>CATANIA &#8211; Tutto pronto per la IV edizione di Etnabook, cinque giornate ricche di incontri, presentazioni, workshop, arte, musica, proiezioni che appassioneranno sia il pubblico adulto che quello dei pi\u00f9 piccoli, che saranno coinvolti in tanti eventi con il solo scopo di promuovere i libri e la cultura in tutte le sue forme.<\/p>\n<p>Questa mattina all\u2019Auditorium Concetto Marchesi, presso il Palazzo della Cultura di Catania, \u00e8 stato presentato, alla stampa e alla citt\u00e0, il programma del Festival che si svolger\u00e0 dal 27 settembre all\u20191 ottobre.<br \/>\nHanno partecipato alla conferenza, moderata dalla giornalista Agnese Maugeri, il presidente di Etnabook Cirino Cristaldi, il presidente del comitato scientifico Massimo Fazio e il direttore della direzione culturale e rete museale del Comune di Catania, Paolo Di Caro. Assente giustificato, ma presente con un messaggio, il consulente artistico del festival Alessandro Cecchi Paone che con la sua omnia conoscenza ha apportato un surplus a questa edizione di Etnabook: \u201cConto di fare del festival un\u2019occasione per orientarsi in un mondo sempre pi\u00f9 complesso e irrequieto\u201d, ha affermato Cecchi Paone.<\/p>\n<p>Il tema di questa edizione, Diventare, vuol segnare una vera evoluzione, il cambiamento che tanto stavamo aspettando dopo questi lunghi anni di chiusure e pandemia. Ora \u00e8 giunto il tempo che i libri e la cultura si riappropriano del loro posto, tornino a essere un faro per il nostro futuro, la cura e la guida necessarie per illuminare il mondo, dipanando il buio di questo difficile momento storico.<br \/>\nTanti gli appuntamenti in cartellone, tra le varie sezioni ricordiamo: EtnaKids, coordinata da Matilde Leonforte, che si svolger\u00e0 nella sede del Campus Athena e presso il Mondadori Bookstore D\u2019Annunzio; la rassegna EtnaStar, diretta da Debora Scalzo e dedicata al maestro Franco Battiato, che vedr\u00e0 tra gli ospiti premiati Bruno Torrisi, Dj SSD Project Music, Giovanni La Perla, Antonio Vullo e Rori Di Benedetto.<br \/>\nCresce l\u2019attesa anche per la sezione Booktrailer a cui hanno partecipato molti autori e registri. che decreter\u00e0 l\u2019opera vincitrice dell\u2019edizione 2022, scelta da una speciale giuria composta da Tony Sperandeo, Barbara Bacci, Max Nardari, Roberto Carruba, Carlotta Bonadonna e Riccardo Camilli.<br \/>\nIl programma di Etnabook si compone di numerosi eventi, in un susseguirsi di presentazioni, incontri, dibattiti, ma non solo, workshop e laboratori, che si terranno in tutto l\u2019hinterland etneo passando da la Rinascente Catania, al Palazzo della Cultura polo centrale della kermesse e anche per Gravina di Catania (Mondadori Bookstore c.Katan\u00e8) Pedara (Centro Expo).<\/p>\n<p>Il presidente del comitato scientifico Massimo Fazio, durante la conferenza ha espresso il suo entusiasmo per questa quarta edizione affermando: \u201cSono molto contento che nonostante la pandemia l\u2019organizzazione del festival abbia avuto la forza di proseguire, grazie all\u2019impegno inarrestabile del suo presidente. Le difficolt\u00e0 economiche hanno pesato e continuano a pesare su tutto e il non fermarsi, trovando alleanze che hanno sortito una grande squadra sempre in crescita non pu\u00f2, che aver dato fiducia a tutti i collaboratori. Per quanto mi riguarda nel personale, per il doppio ruolo che copro, di Presidente di Giuria dell\u2019annesso Premio \u201cEtnabook-Cultura sotto il Vulcano\u201d, mi reputo soddisfatto per le opere candidatesi quest\u2019anno, che annoverano sia l\u2019autoproduzione, sia editori indipendenti che major, in quanto al ruolo di Presidente del comitato scientifico, esprimo molta gioia nel aver saputo che Alessandro Cecchi Paone, quest\u2019anno ha dato un grande contributo al festival. \u00c8 un onore avere in squadra un tale personaggio di spessore, non soltanto per il nome che porta, quanto per l\u2019arditezza che ha sempre dimostrato\u201d.<\/p>\n<p>L\u2019appuntamento d\u2019apertura \u00e8 previsto per il 27 settembre al Mondadori Bookstore del Centro Commerciale Katan\u00e8 con Francesca Maccani che dialogher\u00e0 con Lucio Di Mauro del suo libro Le donne dell\u2019Acquasanta. Una storia palermitana (Rizzoli). A seguire Viola Di Grado presenter\u00e0 il suo ultimo romanzo Fame Blu (La Nave di Teseo).<br \/>\nNei giorni seguenti il programma \u00e8 fitto e intenso. Sono previsti tra gli altri, gli incontri con la giornalista, fotografa e scrittrice italo-siriana Asmae Dachan; il dibattito sui diritti LGBT in cui Alessandro Cecchi Paone dialogher\u00e0 con Carlo Tumino e Christian De Florio autori del libro Quattro uomini e una stella (Rizzoli); Drusilia Gucci, che presenter\u00e0 il suo libro Lilith &amp; Abraham. Le origini\u201d (Risfoglia editorE).<br \/>\nTra i vari appuntamenti spiccano l\u2019incontro con la scrittrice Cristina Cassar Scalia che parler\u00e0 del suo romanzo La carrozza della santa (Einaudi), e quello con il giornalista e scrittore Francesco Musolino che dialogher\u00e0 insieme a Francesca Cal\u00ec del suo libro Mare Mosso (E\/O edizioni) e ricever\u00e0 il Premio Etnabook. Lo stesso riconoscimento verr\u00e0 assegnato anche agli autori etnei Barbara Bellomo e Adriano Di Gregorio.<\/p>\n<p>Questi sono solo alcuni degli appuntamenti in programma che avr\u00e0 come clou la sera di Premiazione del 28 settembre alle ore 21.00, condotta da Paolo Maria Noseda e Rossella Pagano, in cui verranno svelati i vincitori della quarta edizione del Premio Letterario Etnabook- Cultura sotto il Vulcano.<\/p>\n<p>Il presidente Cirino Cristaldi durante la conferenza ha affermato: \u201cda fondatore del festival ma soprattutto da cittadino catanese, sono sempre pi\u00f9 orgoglioso di poter portare avanti il progetto di Etnabook perch\u00e9 riesce a far parlare di Catania in modo positivo, accomunando la nostra citt\u00e0 alla cultura, cos\u00ec come merita. \u00c8 un evento organizzato da giovani e mi piace raccontare la passione che abbiamo e portiamo avanti con intraprendenza e coraggio, anche perch\u00e9 il periodo che stiamo vivendo \u00e8 tuttora difficile. \u00c8 bello notare che questa piccola realt\u00e0 sta crescendo e si sta affermando nel panorama nazionale e internazionale.\u201d<\/p>\n<p>Etnabook Festival Internazionale del Libro e della Cultura di Catania \u00e8 organizzato dall\u2019Associazione Culturale NO_NAME presieduta da Cirino Cristaldi, con la co-organizzazione della Citt\u00e0 di Catania. Il festival rientra nel cartellone degli eventi del Catania SummerFest ed \u00e8 inoltre patrocinato dai Comuni di Gravina di Catania e Pedara. Si ringraziano i main partner, CC.Katan\u00e8, Il Rigattiere, The Guardian e ITS Catania.<\/p>\n<p>Ecco di seguito le opere finaliste del Premio Letterario &#8220;Etnabook &#8211; Cultura sotto il Vulcano\u201d e della sezione BookTrailer (in ordine alfabetico)<\/p>\n<p>Sezione A (Poesia):<br \/>\n&#x25aa;\u201cA Osip Mandel\u2019Stam\u201d &#8211; Lucia Triolo;<br \/>\n&#x25aa;\u201cAgosto a Hiroshima\u201d &#8211; Antonello Di Grazia;<br \/>\n&#x25aa;\u201cDi radice memoria profonda\u201d &#8211; Carmelino De Luca;<br \/>\n&#x25aa;\u201cLa pioggia dell\u2019olmo\u201d &#8211; Antonello Di Grazia;<br \/>\n&#x25aa;\u201cPalermo\u201d (Trittico 1 di 3) &#8211; Marco Colonna;<br \/>\n&#x25aa;\u201cPalermo\u201d (Trittico 3 di 3) &#8211; Marco Colonna;<br \/>\n&#x25aa;Senza titolo (1) &#8211; Claudia Alfino;<br \/>\n&#x25aa;Senza titolo (4) &#8211; Laura Alfino;<br \/>\n&#x25aa;Senza titolo (5) &#8211; Laura Alfino;<br \/>\n&#x25aa;Senza titolo (6) &#8211; Margherita Ingoglia;<br \/>\n&#x25aa;Senza titolo (7) &#8211; Margherita Ingoglia;<br \/>\n&#x25aa;Senza titolo (8) &#8211; Margherita Ingoglia.<\/p>\n<p>  (\/):<br \/>\n&#x25aa;\u201cAntica Fiaschetteria Toscana\u201d (Albatros) &#8211; Rodolfo Antonio Zanardi;<br \/>\n&#x25aa;\u201cLa casa color zafferano\u201d (inedito) &#8211; Giovanni Antonio Gambera;<br \/>\n&#x25aa;\u201cL\u2019estate dura poco\u201d (Scatole Parlanti) &#8211; Silvestro Lo Cascio;<br \/>\n&#x25aa;\u201cLapilli\u201d (Bookabook) &#8211; Barbara Caputo;<br \/>\n&#x25aa;\u201cMancavi tu\u201d (Bertoni Editore) &#8211; Giuseppina Sarni;<br \/>\n&#x25aa;\u201cNon toglietemi subito il sole\u201d (self publishing) &#8211; Grazia La Paglia;<br \/>\n&#x25aa;\u201cPane e saline\u201d (Caste Editore) &#8211; Rita Caramma;<br \/>\n&#x25aa;\u201cRi-trovare la propria voce\u201d (Il Convivio) &#8211; Antonio De Caro;<br \/>\n&#x25aa;\u201cTempesta solare &#8211; I giorni del sole\u201d (Booksprint Ed.) &#8211; Rosalba Mio;<br \/>\n&#x25aa;\u201cUna comune storia sbagliata\u201d (Algra Editore) &#8211; Giovanni Coppola.<\/p>\n<p>  (    ):<br \/>\n&#x25aa;\u201cA pap\u00e0\u201d &#8211; Sergio Clerici;<br \/>\n&#x25aa;\u201cIl cammino ancor non \u00e8 finito\u201d &#8211; Giuseppe Galati;<br \/>\n&#x25aa;\u201cLa dedica\u201d &#8211; Eleonora Ricciardo;<br \/>\n&#x25aa;\u201cLa foto\u201d &#8211; Anna De Romanis;<br \/>\n&#x25aa;\u201cPaola e Francesco\u201d &#8211; Giovanni Rattini.<\/p>\n<p> :<br \/>\n&#x25aa;\u201cAile e il leggendario villaggio di Fundr\u00f2\u201d (Giada Calzetta, La Moderna Ed.),<br \/>\n&#x25aa;\u201cLa legione del Danubio\u201d (Luigi Mancuso, Carthago),<br \/>\n&#x25aa;\u201cLa vicenda di Sarabax. La leggenda ha inizio\u201d<br \/>\n&#x25aa;\u201cL\u2019occhio del pettirosso\u201d (Giuliana Altamura, Mondadori), Il mio nome \u00e8 Brian.<br \/>\n&#x25aa;\u201cStoria di un autismo\u201d (Valentina BriBre, Carthago).<\/p>\n","protected":false},"excerpt":{"rendered":"<p>Dal 27 settembre all\u20191 ottobre, torna il Festival Internazionale del libro e della cultura di Catania con un fitto calendario di appuntamenti. CATANIA &#8211; Tutto pronto per la IV edizione<\/p>\n<div><a class=\"permalink\" href=\"https:\/\/www.radioempire.it\/index.php\/2022\/09\/15\/etnabook-2022-il-programma-tra-incontri-ospiti-e-premiazioni\/\">Read More&#8230;<\/a><\/div>\n","protected":false},"author":2,"featured_media":34877,"comment_status":"closed","ping_status":"closed","sticky":false,"template":"","format":"standard","meta":[],"categories":[3,36],"tags":[],"_links":{"self":[{"href":"https:\/\/www.radioempire.it\/index.php\/wp-json\/wp\/v2\/posts\/34876"}],"collection":[{"href":"https:\/\/www.radioempire.it\/index.php\/wp-json\/wp\/v2\/posts"}],"about":[{"href":"https:\/\/www.radioempire.it\/index.php\/wp-json\/wp\/v2\/types\/post"}],"author":[{"embeddable":true,"href":"https:\/\/www.radioempire.it\/index.php\/wp-json\/wp\/v2\/users\/2"}],"replies":[{"embeddable":true,"href":"https:\/\/www.radioempire.it\/index.php\/wp-json\/wp\/v2\/comments?post=34876"}],"version-history":[{"count":1,"href":"https:\/\/www.radioempire.it\/index.php\/wp-json\/wp\/v2\/posts\/34876\/revisions"}],"predecessor-version":[{"id":34878,"href":"https:\/\/www.radioempire.it\/index.php\/wp-json\/wp\/v2\/posts\/34876\/revisions\/34878"}],"wp:featuredmedia":[{"embeddable":true,"href":"https:\/\/www.radioempire.it\/index.php\/wp-json\/wp\/v2\/media\/34877"}],"wp:attachment":[{"href":"https:\/\/www.radioempire.it\/index.php\/wp-json\/wp\/v2\/media?parent=34876"}],"wp:term":[{"taxonomy":"category","embeddable":true,"href":"https:\/\/www.radioempire.it\/index.php\/wp-json\/wp\/v2\/categories?post=34876"},{"taxonomy":"post_tag","embeddable":true,"href":"https:\/\/www.radioempire.it\/index.php\/wp-json\/wp\/v2\/tags?post=34876"}],"curies":[{"name":"wp","href":"https:\/\/api.w.org\/{rel}","templated":true}]}}