{"id":34879,"date":"2022-09-15T16:40:04","date_gmt":"2022-09-15T16:40:04","guid":{"rendered":"https:\/\/www.radioempire.it\/?p=34879"},"modified":"2022-09-15T16:40:04","modified_gmt":"2022-09-15T16:40:04","slug":"liscia-festival-16-17-18-settembre-2022-lungomare-cosenz-di-santagata-di-militello-me","status":"publish","type":"post","link":"https:\/\/www.radioempire.it\/index.php\/2022\/09\/15\/liscia-festival-16-17-18-settembre-2022-lungomare-cosenz-di-santagata-di-militello-me\/","title":{"rendered":"Lisc\u00eca Festival  16 &#8211; 17 &#8211; 18 settembre 2022 \/\/ Lungomare Cosenz di sant&#8217;Agata Di Militello (Me)"},"content":{"rendered":"<p><strong>Parte domani con il live degli<\/strong><\/p>\n<p><strong>Ottoni Animati conRoy Paci.<\/strong><\/p>\n<p><strong>Poi sabato 17 settembreErmal Meta presenter\u00e0 il suo libro &#8220;Domani e per Sempre&#8221; (6^ ristampa) <\/strong><\/p>\n<p><strong>e dopo si esibir\u00e0 live in acustico<\/strong><\/p>\n<p><strong>Il festival chiuder\u00e0 domenica 18 settembrecon il concerto di Clementino <\/strong><\/p>\n<p><strong>\u00a0<\/strong><strong>Ingresso gratuito<\/strong><\/p>\n<p><strong>Domani<\/strong> inaugura il <strong>Lisc\u00eca Festival,<\/strong> appuntamento ditre giorni in cui la grande musica e le sue diverse interpretazioni, dal folk al jazz, dal cantautoratoal <img loading=\"lazy\" class=\"alignleft size-medium wp-image-34883\" src=\"https:\/\/www.radioempire.it\/wp-content\/uploads\/2022\/09\/Foto-Roy-Paci-by-Marco-Fato-Maiorana-200x300.jpeg\" alt=\"\" width=\"200\" height=\"300\" srcset=\"https:\/\/www.radioempire.it\/wp-content\/uploads\/2022\/09\/Foto-Roy-Paci-by-Marco-Fato-Maiorana-200x300.jpeg 200w, https:\/\/www.radioempire.it\/wp-content\/uploads\/2022\/09\/Foto-Roy-Paci-by-Marco-Fato-Maiorana-683x1024.jpeg 683w, https:\/\/www.radioempire.it\/wp-content\/uploads\/2022\/09\/Foto-Roy-Paci-by-Marco-Fato-Maiorana-768x1152.jpeg 768w, https:\/\/www.radioempire.it\/wp-content\/uploads\/2022\/09\/Foto-Roy-Paci-by-Marco-Fato-Maiorana-1024x1536.jpeg 1024w, https:\/\/www.radioempire.it\/wp-content\/uploads\/2022\/09\/Foto-Roy-Paci-by-Marco-Fato-Maiorana-1366x2048.jpeg 1366w, https:\/\/www.radioempire.it\/wp-content\/uploads\/2022\/09\/Foto-Roy-Paci-by-Marco-Fato-Maiorana.jpeg 1707w\" sizes=\"(max-width: 200px) 100vw, 200px\" \/>rap, saranno protagoniste sul <strong>Lungomare Cosenz di sant&#8217;Agata Di Militello (Me). <\/strong><\/p>\n<p>Si parte <strong>domani<\/strong>(dalle ore 20.00) con il concerto degli gli <strong>Ottoni Animati<\/strong> che per questa occasione si arricchiscono della collaborazione di <strong>Roy Paci<\/strong> e della sua tromba, per un inedito mix esplosivo di strumenti, di gioia, tradizione e modernit\u00e0. Nati 2008 da un\u2019idea di <strong>Alessandro Mancuso<\/strong> e <strong>Alberto Anguzza<\/strong>, gli <strong>Ottoni Animati<\/strong> sono il risultato di una continua ricerca tra i suoni della tradizionale banda siciliana e la musica moderna. Il loro scopo \u00e8 far rivivere la cultura siciliana attraverso i suoni degli strumenti a fiato per rievocare i ricordi delle passate celebrazioni dei paesi, dove la musica \u00e8 stata affidata alla banda, portando l\u2019amore e la passione dei musicisti tra la gente.<\/p>\n<p>Ad aprire la serata <strong>La Soluzione Band<\/strong>, formazione messinese, finalista di Sanremo Rock,\u00a0composta dal cantante e compositore <strong>Salvo Albano<\/strong>, il tastierista <strong>Peppino Conti<\/strong>, il batterista <strong>Domenico Mistretta<\/strong>, il bassista <strong>Peppe Imbrosc\u00ec<\/strong> e il chitarrista <strong>Dario Mangano<\/strong>. A seguireil cantante siciliano <strong>William Manera<\/strong>.<\/p>\n<p><strong>Sabato 17 settembre<\/strong>salir\u00e0 sul palco <strong>Ermal Meta<\/strong>, per un appuntamento sia letterario che musicale: il cantautore e compositore, vincitore del Festival di Sanremo 2018, presenter\u00e0 il suo libro <strong><em>&#8220;Domani e per Sempre&#8221;<\/em><\/strong>(6^ ristampa) e dopo <img loading=\"lazy\" class=\"alignleft size-medium wp-image-34881\" src=\"https:\/\/www.radioempire.it\/wp-content\/uploads\/2022\/09\/Ermal-Meta-300x200.jpeg\" alt=\"\" width=\"300\" height=\"200\" srcset=\"https:\/\/www.radioempire.it\/wp-content\/uploads\/2022\/09\/Ermal-Meta-300x200.jpeg 300w, https:\/\/www.radioempire.it\/wp-content\/uploads\/2022\/09\/Ermal-Meta-1024x682.jpeg 1024w, https:\/\/www.radioempire.it\/wp-content\/uploads\/2022\/09\/Ermal-Meta-768x512.jpeg 768w, https:\/\/www.radioempire.it\/wp-content\/uploads\/2022\/09\/Ermal-Meta-1536x1024.jpeg 1536w, https:\/\/www.radioempire.it\/wp-content\/uploads\/2022\/09\/Ermal-Meta.jpeg 1772w\" sizes=\"(max-width: 300px) 100vw, 300px\" \/>si esibir\u00e0 live in acustico, regalando al pubblico tutta la poesia dei brani di un artista, umile e gentile, con grande passione per il proprio mestiere di autore, compositore, musicista e cantante, che \u00e8 riuscito ad affermare s\u00e9 stesso e godere di numerosi riconoscimenti e del successo di pubblico, pi\u00f9 che meritati.<\/p>\n<p>Ermal Meta sar\u00e0 preceduto dal cantautore siciliano<strong>Cordio<\/strong>, artista in bilico tra la grande tradizione cantautorale italiana e la contemporaneit\u00e0 fatta di semplicit\u00e0 da non confondere con la leggerezza, ma sintesi di eleganza compositiva, venata d\u2019ironia. Poi<strong>I Cassandra<\/strong>, a conclusione dj-set <strong>Antonio Bonina &amp; co.<\/strong><\/p>\n<p><strong><img loading=\"lazy\" class=\"alignleft size-medium wp-image-34882\" src=\"https:\/\/www.radioempire.it\/wp-content\/uploads\/2022\/09\/Clementino-FOTO2-200x300.jpg\" alt=\"\" width=\"200\" height=\"300\" srcset=\"https:\/\/www.radioempire.it\/wp-content\/uploads\/2022\/09\/Clementino-FOTO2-200x300.jpg 200w, https:\/\/www.radioempire.it\/wp-content\/uploads\/2022\/09\/Clementino-FOTO2.jpg 682w\" sizes=\"(max-width: 200px) 100vw, 200px\" \/>Sabato 18 settembre<\/strong>il Festival chiuder\u00e0 con il live di <strong>Clementino,<\/strong> uno dei pi\u00f9 importanti rapper della scena hip-hop italiana, con collaborazioni con <strong>Fabri Fibra, Jovanotti, Marracash, Noyz Narcos, Gigi Finizio, Rocco Hunt, Gemitaiz, Nayt e Caparezza<\/strong> e tanti riconoscimenti tra dischi d\u2019oro e platino. Tra i brani pi\u00f9 conosciuti, le hit firmate Clementino sono <strong><em>Buongiorno<\/em><\/strong>, contenuta nell\u2019omonimo album del 2020 di Gigi D\u2019Alessio in collaborazione con numerosi artisti come Geolier ed Enzo Dong, e il brano <strong><em>Se\u00f1orita<\/em><\/strong>realizzato insieme alla cantante Nina Zilli. Opening actIvezae a conclusione il dj-set di Antonio Bonina &amp; co.<\/p>\n<p>il Festival, che sar\u00e0 presentato da<strong>Giuseppe Spignola e Sonia Hamza<\/strong> ed \u00e8 ad ingresso gratuito, \u00e8 organizzato dall&#8217;Ass. <strong>Fandango Entertainment<\/strong> in collaborazione con la <strong>Pro Loco Agatirno<\/strong>, la societ\u00e0 DalVivo ed il comune di Sant&#8217;Agata Di Militello e con il patrocinio dell&#8217;ARS.<\/p>\n<p>&nbsp;<\/p>\n<p>Palermo, 15 settembre 2022<\/p>\n<p>Resp comunicazione: Gabriele Lo Piccolo \u2013 <a href=\"mailto:info@gabrielelopiccolo.it\">info@gabrielelopiccolo.it<\/a> 3204424268<\/p>\n<p>&nbsp;<\/p>\n","protected":false},"excerpt":{"rendered":"<p>Parte domani con il live degli Ottoni Animati conRoy Paci. Poi sabato 17 settembreErmal Meta presenter\u00e0 il suo libro &#8220;Domani e per Sempre&#8221; (6^ ristampa) e dopo si esibir\u00e0 live<\/p>\n<div><a class=\"permalink\" href=\"https:\/\/www.radioempire.it\/index.php\/2022\/09\/15\/liscia-festival-16-17-18-settembre-2022-lungomare-cosenz-di-santagata-di-militello-me\/\">Read More&#8230;<\/a><\/div>\n","protected":false},"author":2,"featured_media":34880,"comment_status":"closed","ping_status":"closed","sticky":false,"template":"","format":"standard","meta":[],"categories":[3,36],"tags":[],"_links":{"self":[{"href":"https:\/\/www.radioempire.it\/index.php\/wp-json\/wp\/v2\/posts\/34879"}],"collection":[{"href":"https:\/\/www.radioempire.it\/index.php\/wp-json\/wp\/v2\/posts"}],"about":[{"href":"https:\/\/www.radioempire.it\/index.php\/wp-json\/wp\/v2\/types\/post"}],"author":[{"embeddable":true,"href":"https:\/\/www.radioempire.it\/index.php\/wp-json\/wp\/v2\/users\/2"}],"replies":[{"embeddable":true,"href":"https:\/\/www.radioempire.it\/index.php\/wp-json\/wp\/v2\/comments?post=34879"}],"version-history":[{"count":1,"href":"https:\/\/www.radioempire.it\/index.php\/wp-json\/wp\/v2\/posts\/34879\/revisions"}],"predecessor-version":[{"id":34884,"href":"https:\/\/www.radioempire.it\/index.php\/wp-json\/wp\/v2\/posts\/34879\/revisions\/34884"}],"wp:featuredmedia":[{"embeddable":true,"href":"https:\/\/www.radioempire.it\/index.php\/wp-json\/wp\/v2\/media\/34880"}],"wp:attachment":[{"href":"https:\/\/www.radioempire.it\/index.php\/wp-json\/wp\/v2\/media?parent=34879"}],"wp:term":[{"taxonomy":"category","embeddable":true,"href":"https:\/\/www.radioempire.it\/index.php\/wp-json\/wp\/v2\/categories?post=34879"},{"taxonomy":"post_tag","embeddable":true,"href":"https:\/\/www.radioempire.it\/index.php\/wp-json\/wp\/v2\/tags?post=34879"}],"curies":[{"name":"wp","href":"https:\/\/api.w.org\/{rel}","templated":true}]}}