{"id":34907,"date":"2022-09-16T10:12:31","date_gmt":"2022-09-16T10:12:31","guid":{"rendered":"https:\/\/www.radioempire.it\/?p=34907"},"modified":"2022-09-16T10:12:31","modified_gmt":"2022-09-16T10:12:31","slug":"dopo-il-tutto-esaurito-della-tournee-estiva-venditti-de-gregori","status":"publish","type":"post","link":"https:\/\/www.radioempire.it\/index.php\/2022\/09\/16\/dopo-il-tutto-esaurito-della-tournee-estiva-venditti-de-gregori\/","title":{"rendered":"Dopo il tutto esaurito della tourn\u00e9e estiva VENDITTI &#038; DE GREGORI"},"content":{"rendered":"<p>I DUE ARTISTI TORNERANNO LIVE IL 5 OTTOBRE ALL\u2019ARENA DI VERONA<\/p>\n<p>E DA NOVEMBRE NEI PRINCIPALI TEATRI ITALIANI<\/p>\n<p>&nbsp;<\/p>\n<p>E per celebrare il grande successo del tour<\/p>\n<p>hanno registrato e reinterpretato due classici del loro repertorio<\/p>\n<p>&nbsp;<\/p>\n<p>\u201cPEPPINO\u201d e \u201cLA DONNA CANNONE\u201d<\/p>\n<p>IN RADIO E IN DIGITALE<\/p>\n<p>&nbsp;<\/p>\n<p>I DUE BRANI ESEGUITI IN OCCASIONE DEI TIM MUSIC AWARDS<\/p>\n<p>&nbsp;<\/p>\n<p>&nbsp;<\/p>\n<p>Per celebrare il grande successo di pubblico e critica del concerto allo Stadio Olimpico di Roma e della tourn\u00e9e estiva, FRANCESCO DE GREGORI e ANTONELLO VENDITTI hanno inciso e reinterpretato due grandi classici del loro repertorio e della storia della musica italiana, \u201cPeppino\u201d (https:\/\/VendittiDeGregori.lnk.to\/Peppino) e \u201cLa Donna Cannone\u201d (https:\/\/VendittiDeGregori.lnk.to\/ladonnacannone), in radio e in digitale.<\/p>\n<p>&nbsp;<\/p>\n<p>Pubblicata nel 1983, La Donna Cannone, \u00e8 una delle canzoni pi\u00f9 note del repertorio di De Gregori con una melodia inconfondibile, e riconoscibile fin dalla prime note, \u00e8 anche il brano che Venditti ha sempre dichiarato di amare e aver voluto scrivere. Allo stesso modo \u201cPeppino\u201d, incisa da Antonello nel 1986 dopo un viaggio in Eritrea, \u00e8 una delle canzoni che pi\u00f9 ha emozionato Francesco, mentre prendeva le misure nell\u2019interpretarla durante le prove del tour.<\/p>\n<p>Le due canzoni eseguite live dai due artisti in occasione dei Tim Music Awards, tenutosi il 9 e 10 settembre, in diretta su Rai1 dall\u2019Arena di Verona.<\/p>\n<p>&nbsp;<\/p>\n<p>E sul palco dell\u2019Arena di Verona Antonello Venditti e Francesco De Gregori torneranno il 5 ottobre, per l\u2019ultima data nelle location all\u2019aperto del tour, che poi proseguir\u00e0 da novembre nei principali teatri d\u2019Italia.<\/p>\n<p>&nbsp;<\/p>\n<p>Queste le date del tour \u201cVENDITTI &amp; DE GREGORI\u201d nei principali teatri italiani:<\/p>\n<p>1 novembre &#8211; ROMA &#8211; Auditorium Parco della Musica<\/p>\n<p>4 novembre &#8211; NAPOLI &#8211; Pala Partenope<\/p>\n<p>7 novembre &#8211; CATANIA &#8211; Teatro Metropolitan<\/p>\n<p>8 novembre &#8211; CATANIA &#8211; Teatro Metropolitan<\/p>\n<p>12 novembre &#8211; BARI &#8211; Teatro Team<\/p>\n<p>13 novembre &#8211; BARI &#8211; Teatro Team<\/p>\n<p>18 novembre &#8211; ROMA &#8211; Auditorium Parco della Musica<\/p>\n<p>21 novembre &#8211; MILANO &#8211; Teatro degli Arcimboldi<\/p>\n<p>22 novembre &#8211; MILANO &#8211; Teatro degli Arcimboldi<\/p>\n<p>26 novembre &#8211; FIRENZE &#8211; Teatro Verdi<\/p>\n<p>27 novembre &#8211; FIRENZE &#8211; Teatro Verdi<\/p>\n<p>3 dicembre &#8211; BRESCIA &#8211; Teatro Dis_Play<\/p>\n<p>5 dicembre &#8211; MILANO &#8211; Teatro Degli Arcimboldi<\/p>\n<p>7 dicembre &#8211; MILANO &#8211; Teatro Degli Arcimboldi<\/p>\n<p>26 dicembre &#8211; ROMA &#8211; Auditorium Parco Della Musica<\/p>\n<p>27 dicembre &#8211; ROMA &#8211; Auditorium Parco Della Musica<\/p>\n<p>5 gennaio &#8211; MONTECATINI (PT) &#8211; Teatro Verdi<\/p>\n<p>6 gennaio &#8211; MONTECATINI (PT) &#8211; Teatro Verdi<\/p>\n<p>10 gennaio &#8211; BOLOGNA &#8211; EuropAuditorium<\/p>\n<p>11 gennaio &#8211; BOLOGNA \u2013 EuropAuditorium<\/p>\n<p>17 gennaio &#8211; TORINO &#8211; Teatro Colosseo<\/p>\n<p>18 gennaio &#8211; TORINO &#8211; Teatro Colosseo<\/p>\n<p>30 gennaio &#8211; BERGAMO &#8211; Teatro Creberg<\/p>\n<p>31 gennaio &#8211; BERGAMO &#8211; Teatro Creberg<\/p>\n<p>&nbsp;<\/p>\n<p>I biglietti per la date del tour sono disponibili nei circuiti di vendita e prevendita abituale. Ulteriori informazioni su www.friendsandpartners.it<\/p>\n<p>&nbsp;<\/p>\n<p>Si informa che restano validi per la data del 7 novembre al Teatro Metropolitan di Catania i biglietti acquistati inizialmente per la data del 9 novembre.<\/p>\n<p>&nbsp;<\/p>\n<p>Il tour, prodotto e organizzato da Friends &amp; Partners, dar\u00e0 al pubblico l\u2019occasione di assistere a uno spettacolo unico ed emozionante, in cui FRANCESCO DE GREGORI e ANTONELLO VENDITTI daranno nuova veste ai loro pi\u00f9 grandi successi: canzoni che sono entrate nel cuore della gente, nelle storie delle persone, che sono la colonna sonora di intere generazioni.<\/p>\n<p>&nbsp;<\/p>\n<p>Insieme a FRANCESCO DE GREGORI e ANTONELLO VENDITTI sul palco una band che unisce per la prima volta i musicisti che da anni collaborano separatamente con i due artisti: Alessandro CANINI (batteria), Danilo CHERNI (tastiere), Carlo GAUDIELLO (piano), Primiano DI BIASE (hammond), Fabio PIGNATELLI (basso), Amedeo BIANCHI (sax), Paolo GIOVENCHI (chitarre), Alessandro VALLE (pedal steel guitar e mandolino). Sul palco anche Fabiana SIRIGU al violino e le coriste Laura UGOLINI e Laura MARAFIOTI.<\/p>\n<p>Il coordinamento musicale \u00e8 a cura di GUIDO GUGLIELMINETTI e ALESSANDRO CANINI.<\/p>\n<p>&nbsp;<\/p>\n<p>\u00c8 disponibile in binge sulla piattaforma streaming discovery+ la serie \u201cVENDITTI &amp; DE GREGORI &#8211; FALEGNAMI &amp; FILOSOFI\u201d, il racconto filmato delle prove che hanno visto impegnati i due cantautori romani prima della partenza del tour. Diretta da Stefano Pistolini, la serie in 6 episodi \u00e8 un progetto inedito, realizzato in collaborazione con Caravan, Friends&amp;Partners e New Sound City, che per la prima volta apre al pubblico il cantiere musicale dei due artisti alle prese con gli arrangiamenti delle loro canzoni pi\u00f9 famose, e svela i loro caratteri, le loro diverse personalit\u00e0 e i loro spigoli in una lunga storia di amicizia e complicit\u00e0 musicale.<\/p>\n<p>&nbsp;<\/p>\n<p>&nbsp;<\/p>\n<p>Disponibili sulle piattaforme streaming e in digital download, i brani \u201cGenerale\u201d (https:\/\/smi.lnk.to\/generale_) e \u201cRicordati di Me\u201d (https:\/\/smi.lnk.to\/ricordatidime) sono contenuti in un esclusivo 45 giri da collezione disponibile su Amazon.<\/p>\n","protected":false},"excerpt":{"rendered":"<p>I DUE ARTISTI TORNERANNO LIVE IL 5 OTTOBRE ALL\u2019ARENA DI VERONA E DA NOVEMBRE NEI PRINCIPALI TEATRI ITALIANI &nbsp; E per celebrare il grande successo del tour hanno registrato e<\/p>\n<div><a class=\"permalink\" href=\"https:\/\/www.radioempire.it\/index.php\/2022\/09\/16\/dopo-il-tutto-esaurito-della-tournee-estiva-venditti-de-gregori\/\">Read More&#8230;<\/a><\/div>\n","protected":false},"author":2,"featured_media":34908,"comment_status":"closed","ping_status":"closed","sticky":false,"template":"","format":"standard","meta":[],"categories":[3,36],"tags":[],"_links":{"self":[{"href":"https:\/\/www.radioempire.it\/index.php\/wp-json\/wp\/v2\/posts\/34907"}],"collection":[{"href":"https:\/\/www.radioempire.it\/index.php\/wp-json\/wp\/v2\/posts"}],"about":[{"href":"https:\/\/www.radioempire.it\/index.php\/wp-json\/wp\/v2\/types\/post"}],"author":[{"embeddable":true,"href":"https:\/\/www.radioempire.it\/index.php\/wp-json\/wp\/v2\/users\/2"}],"replies":[{"embeddable":true,"href":"https:\/\/www.radioempire.it\/index.php\/wp-json\/wp\/v2\/comments?post=34907"}],"version-history":[{"count":1,"href":"https:\/\/www.radioempire.it\/index.php\/wp-json\/wp\/v2\/posts\/34907\/revisions"}],"predecessor-version":[{"id":34909,"href":"https:\/\/www.radioempire.it\/index.php\/wp-json\/wp\/v2\/posts\/34907\/revisions\/34909"}],"wp:featuredmedia":[{"embeddable":true,"href":"https:\/\/www.radioempire.it\/index.php\/wp-json\/wp\/v2\/media\/34908"}],"wp:attachment":[{"href":"https:\/\/www.radioempire.it\/index.php\/wp-json\/wp\/v2\/media?parent=34907"}],"wp:term":[{"taxonomy":"category","embeddable":true,"href":"https:\/\/www.radioempire.it\/index.php\/wp-json\/wp\/v2\/categories?post=34907"},{"taxonomy":"post_tag","embeddable":true,"href":"https:\/\/www.radioempire.it\/index.php\/wp-json\/wp\/v2\/tags?post=34907"}],"curies":[{"name":"wp","href":"https:\/\/api.w.org\/{rel}","templated":true}]}}