{"id":34921,"date":"2022-09-16T20:34:46","date_gmt":"2022-09-16T20:34:46","guid":{"rendered":"https:\/\/www.radioempire.it\/?p=34921"},"modified":"2022-09-16T20:34:46","modified_gmt":"2022-09-16T20:34:46","slug":"scuola-intercultura-riparte-con-il-concorso-centinaia-di-borse-di-studio-per-i-programmi-allestero-2023-24","status":"publish","type":"post","link":"https:\/\/www.radioempire.it\/index.php\/2022\/09\/16\/scuola-intercultura-riparte-con-il-concorso-centinaia-di-borse-di-studio-per-i-programmi-allestero-2023-24\/","title":{"rendered":"SCUOLA: INTERCULTURA RIPARTE CON IL CONCORSO &#8211; CENTINAIA DI BORSE DI STUDIO PER I PROGRAMMI ALL\u2019ESTERO 2023-24"},"content":{"rendered":"<p><strong><em>\u00a0Fino al 10 novembre \u00e8 possibile iscriversi sul sito <\/em><a href=\"http:\/\/www.intercultura.it\"><em>www.intercultura.it<\/em><\/a><em> al concorso dedicato agli adolescenti interessati a vivere a studiare all\u2019estero in 56 Paesi di tutto il mondo. <\/em><\/strong><\/p>\n<p>E\u2019 forte il desiderio diffuso tra gli adolescenti di viaggiare, anche per motivi scolastici, dopo questi ultimi due anni caratterizzati dalla chiusura in casa per lunghi periodi con i genitori, le lezioni online, la mancanza di spazi di socialit\u00e0 reale. Secondo l\u2019indagine annuale del Laboratorio Adolescenza alla domanda \u201c<strong><em>Ti piacerebbe frequentare 6 mesi\/1 anno di scuola superiore all\u2019estero<\/em><\/strong>\u201d, nel 2020 rispondeva di s\u00ec il 50,5% degli intervistati delle scuole superiori, nel 2021 la percentuale \u00e8 salita 56,1% e nel <strong>2022 si \u00e8 attestata al 49,6<\/strong>.<\/p>\n<p>Per questa generazione di adolescenti esploratori, <strong>Intercultura <\/strong>ha aperto, <strong>fino al 10 novembre<\/strong>, la possibilit\u00e0 di\u00a0 presentare la domanda per partecipare ai <strong>programmi all\u2019estero <\/strong>in<strong> 56 Paesi di tutto <\/strong>il mondo <strong>e richiedere una delle centinaia di borse di studio messe a disposizione per l\u2019anno scolastico 2023-24<\/strong>, <a href=\"http:\/\/www.intercultura.it\/concorso\">www.intercultura.it\/concorso<\/a>. In aggiunta, sono disponibili altre centinaia di borse di studio grazie alle donazioni di numerosi enti, aziende e fondazioni: l\u2019elenco \u00e8 in continuo aggiornamento alla pagina:\u00a0 <a href=\"http:\/\/www.intercultura.it\/borse-partner\">www.intercultura.it\/borse-partner<\/a><\/p>\n<p>&nbsp;<\/p>\n<p>I programmi dall\u2019Organizzazione di Volontariato che dal 1955 opera in Italia e in tutto il mondo attraverso la rete AFS Intercultural Programs <strong>consentono di frequentare una scuola locale e di vivere insieme a una famiglia selezionata<\/strong>. Sono rivolti a studenti iscritti a una scuola superiore del territorio italiano, nati prioritariamente tra il <strong>1\u00b0 luglio 2005 e il 31 agosto 2008<\/strong>.<\/p>\n<p>&nbsp;<\/p>\n<p>A questi adolescenti Intercultura propone, a partire dalle selezioni, di seguire un percorso educativo chi li aiuter\u00e0 ad aprire la mente, diventando cittadini globali consapevoli del loro ruolo nel mondo. Un\u2019esperienza di studio che cambier\u00e0 loro la vita come, in passato, \u00e8 gi\u00e0 successo a personaggi famosi <strong>come Luca Parmitano, Samantha Cristoforetti, Antonio Scurati, Maria Concetta Mattei, Marco Balich<\/strong> e tanti altri.<\/p>\n<p><strong><em>Per maggiori informazion<\/em><\/strong><em>i su Intercultura e per entrare in contatto con i volontari presenti a Palermo, contattare il responsabile dei programmi di studio all\u2019estero, <\/em><em>Alessandro Merlo, 351 625 2730.<\/em><\/p>\n<p><em>Sempre sul sito sono consultabili le date di tutti gli <strong>incontri informativi in presenza e online<\/strong> con i volontari e gli ex partecipanti ai programmi di Intercultura <\/em><a href=\"http:\/\/www.intercultura.it\/calendario-incontri-informativi\"><em>www.intercultura.it\/calendario-incontri-informativi<\/em><\/a><\/p>\n<p><strong><em>Prossimo appuntamento: Presentazione programmi intercultura 2023\/24, sabato 24 settembre ore 16.30, Istituto Gramsci Siciliano \u2013 presso Cantieri Culturali della Zisa(Via Paolo Gili, 4).<\/em><\/strong><\/p>\n","protected":false},"excerpt":{"rendered":"<p>\u00a0Fino al 10 novembre \u00e8 possibile iscriversi sul sito www.intercultura.it al concorso dedicato agli adolescenti interessati a vivere a studiare all\u2019estero in 56 Paesi di tutto il mondo. E\u2019 forte<\/p>\n<div><a class=\"permalink\" href=\"https:\/\/www.radioempire.it\/index.php\/2022\/09\/16\/scuola-intercultura-riparte-con-il-concorso-centinaia-di-borse-di-studio-per-i-programmi-allestero-2023-24\/\">Read More&#8230;<\/a><\/div>\n","protected":false},"author":2,"featured_media":34922,"comment_status":"closed","ping_status":"closed","sticky":false,"template":"","format":"standard","meta":[],"categories":[36,78],"tags":[],"_links":{"self":[{"href":"https:\/\/www.radioempire.it\/index.php\/wp-json\/wp\/v2\/posts\/34921"}],"collection":[{"href":"https:\/\/www.radioempire.it\/index.php\/wp-json\/wp\/v2\/posts"}],"about":[{"href":"https:\/\/www.radioempire.it\/index.php\/wp-json\/wp\/v2\/types\/post"}],"author":[{"embeddable":true,"href":"https:\/\/www.radioempire.it\/index.php\/wp-json\/wp\/v2\/users\/2"}],"replies":[{"embeddable":true,"href":"https:\/\/www.radioempire.it\/index.php\/wp-json\/wp\/v2\/comments?post=34921"}],"version-history":[{"count":1,"href":"https:\/\/www.radioempire.it\/index.php\/wp-json\/wp\/v2\/posts\/34921\/revisions"}],"predecessor-version":[{"id":34923,"href":"https:\/\/www.radioempire.it\/index.php\/wp-json\/wp\/v2\/posts\/34921\/revisions\/34923"}],"wp:featuredmedia":[{"embeddable":true,"href":"https:\/\/www.radioempire.it\/index.php\/wp-json\/wp\/v2\/media\/34922"}],"wp:attachment":[{"href":"https:\/\/www.radioempire.it\/index.php\/wp-json\/wp\/v2\/media?parent=34921"}],"wp:term":[{"taxonomy":"category","embeddable":true,"href":"https:\/\/www.radioempire.it\/index.php\/wp-json\/wp\/v2\/categories?post=34921"},{"taxonomy":"post_tag","embeddable":true,"href":"https:\/\/www.radioempire.it\/index.php\/wp-json\/wp\/v2\/tags?post=34921"}],"curies":[{"name":"wp","href":"https:\/\/api.w.org\/{rel}","templated":true}]}}