{"id":35724,"date":"2022-10-20T13:04:52","date_gmt":"2022-10-20T13:04:52","guid":{"rendered":"https:\/\/www.radioempire.it\/?p=35724"},"modified":"2022-10-20T13:04:52","modified_gmt":"2022-10-20T13:04:52","slug":"conto-alla-rovescia-per-il-catania-film-fest-levento-dedicato-al-cinema-indipendente-europeo","status":"publish","type":"post","link":"https:\/\/www.radioempire.it\/index.php\/2022\/10\/20\/conto-alla-rovescia-per-il-catania-film-fest-levento-dedicato-al-cinema-indipendente-europeo\/","title":{"rendered":"Conto alla rovescia per il Catania Film Fest, l\u2019evento dedicato al cinema indipendente europeo"},"content":{"rendered":"<p>La undicesima edizione del festival si terr\u00e0 dal 23 al 28 novembre 2022 con film inediti, ospiti internazionali e tanti eventi speciali.<\/p>\n<p>&nbsp;<\/p>\n<p>Il Catania Film Fest \u2013 giunto alla undicesima edizione \u2013 si terr\u00e0 dal 23 al 28 novembre presso lo ZO Centro Culture Contemporanee e prevede anche quest\u2019anno tanti eventi, anteprime, una mostra su Vittorio De Seta, un focus sul nuovo cinema tunisino, una sezione dedicata al regista greco Yorgos Lanthimos e una dedicata alla musica, con presentazioni e incontri con ospiti. Oltre sessanta opere, provenienti da venti Paesi anche grazie alle sezioni Catania Italiana e Catania Europa.<\/p>\n<p>&nbsp;<\/p>\n<p>Il festival \u00e8 diretto da Cateno Piazza, Emanuele Rauco e Laura Luchetti e organizzato dall\u2019Associazione Culturale \u201cAlfiere Productions\u201d di Daniele Urciuolo, con il sostegno della Regione Siciliana, Assessorato Turismo, Sport e Spettacolo &#8211; Sicilia Film Commission, nell&#8217;ambito del Programma \u201cSensi Contemporanei\u201d e \u201cFondo per lo Sviluppo e la Coesione\u201d, e con il patrocinio di Enti pubblici e privati.<\/p>\n<p>&nbsp;<\/p>\n<p>Cateno Piazza, founder e co-direttore artistico afferma: &#8220;Sono fiero di quello che abbiamo realizzato con questa undicesima edizione del Catania Film Fest, con una selezione che oltre ad accrescere il valore culturale ed artistico del festival, coinvolge ospiti di prestigio valorizzando concretamente il territorio di Catania e della Sicilia come centro nevralgico della scena internazionale del cinema indipendente europeo&#8221;.<\/p>\n<p>&nbsp;<\/p>\n<p>&#8220;Il compito di un festival come il nostro \u00e8 quello di condividere nuovi film indipendenti europei nonch\u00e9 far scoprire giovani talenti del cinema ad un pubblico di massa, con un\u2019offerta artistica, sociale e formativa accessibile a tutti attraverso mostre, masterclass, proiezioni e unendo altre arti oltre al cinema come la musica e la fotografia&#8221;, ha aggiunto Daniele Urciuolo, presidente e organizzatore del Festival.<\/p>\n<p>&nbsp;<\/p>\n<p>Il programma della prima giornata, mercoled\u00ec 23 novembre sar\u00e0 di seguito annunciato: alle ore 18:00 ci sar\u00e0 l\u2019inaugurazione della mostra fotografica \u201cVittorio de Seta. Cinema di un maestro\u201d, a cura di Eugenio Attanasio e Antonio Renda della Cineteca della Calabria, che ripercorrer\u00e0 il cammino cinematografico di Vittorio de Seta, dalla stagione dei primi documentari tra Sicilia, Sardegna e Calabria, fino all\u2019ultimo lungometraggio \u201cLettera dal Sahara\u201d. Interverranno il presidente del Festival, Daniele Urciuolo, il fondatore e co-direttore artistico Cateno Piazza, Emanuele Rauco e Laura Luchetti, co-direttori artistici, il presidente della Commissione Scientifica Enrico Nicosia, le autorit\u00e0, gli ospiti e i partner che sostengono il Catania Film Fest. Mentre alle ore 21:00 sar\u00e0 promosso il concerto Omaggio a Franco Battiato a cura del Guarnieri ensemble con special guest il cantautore Luca Madonia, acoustic trio. Lo spettacolo rappresenter\u00e0 un viaggio a ritroso nel tempo, un percorso musicale e narrativo che superando correnti gravitazionali far\u00e0 vibrare l\u2019essenza artistica unica e inconfondibile del maestro Franco Battiato.<\/p>\n<p>&nbsp;<\/p>\n<p>Programmi completi, prezzi e modalit\u00e0 di acquisto dei biglietti saranno disponibili dal 25 ottobre sul sito del festival al seguente link: https:\/\/cataniafilmfest.it<\/p>\n","protected":false},"excerpt":{"rendered":"<p>La undicesima edizione del festival si terr\u00e0 dal 23 al 28 novembre 2022 con film inediti, ospiti internazionali e tanti eventi speciali. &nbsp; Il Catania Film Fest \u2013 giunto alla<\/p>\n<div><a class=\"permalink\" href=\"https:\/\/www.radioempire.it\/index.php\/2022\/10\/20\/conto-alla-rovescia-per-il-catania-film-fest-levento-dedicato-al-cinema-indipendente-europeo\/\">Read More&#8230;<\/a><\/div>\n","protected":false},"author":2,"featured_media":35725,"comment_status":"closed","ping_status":"closed","sticky":false,"template":"","format":"standard","meta":[],"categories":[3,36],"tags":[],"_links":{"self":[{"href":"https:\/\/www.radioempire.it\/index.php\/wp-json\/wp\/v2\/posts\/35724"}],"collection":[{"href":"https:\/\/www.radioempire.it\/index.php\/wp-json\/wp\/v2\/posts"}],"about":[{"href":"https:\/\/www.radioempire.it\/index.php\/wp-json\/wp\/v2\/types\/post"}],"author":[{"embeddable":true,"href":"https:\/\/www.radioempire.it\/index.php\/wp-json\/wp\/v2\/users\/2"}],"replies":[{"embeddable":true,"href":"https:\/\/www.radioempire.it\/index.php\/wp-json\/wp\/v2\/comments?post=35724"}],"version-history":[{"count":1,"href":"https:\/\/www.radioempire.it\/index.php\/wp-json\/wp\/v2\/posts\/35724\/revisions"}],"predecessor-version":[{"id":35726,"href":"https:\/\/www.radioempire.it\/index.php\/wp-json\/wp\/v2\/posts\/35724\/revisions\/35726"}],"wp:featuredmedia":[{"embeddable":true,"href":"https:\/\/www.radioempire.it\/index.php\/wp-json\/wp\/v2\/media\/35725"}],"wp:attachment":[{"href":"https:\/\/www.radioempire.it\/index.php\/wp-json\/wp\/v2\/media?parent=35724"}],"wp:term":[{"taxonomy":"category","embeddable":true,"href":"https:\/\/www.radioempire.it\/index.php\/wp-json\/wp\/v2\/categories?post=35724"},{"taxonomy":"post_tag","embeddable":true,"href":"https:\/\/www.radioempire.it\/index.php\/wp-json\/wp\/v2\/tags?post=35724"}],"curies":[{"name":"wp","href":"https:\/\/api.w.org\/{rel}","templated":true}]}}