{"id":36300,"date":"2022-11-16T23:49:31","date_gmt":"2022-11-16T23:49:31","guid":{"rendered":"https:\/\/www.radioempire.it\/?p=36300"},"modified":"2022-11-16T23:49:31","modified_gmt":"2022-11-16T23:49:31","slug":"firmato-dai-novanta-dipendenti-a-tempo-indeterminato-e-parziale-della-citta-metropolitana-di-messina-il-contratto-di-incremento-dellorario-lavorativo","status":"publish","type":"post","link":"https:\/\/www.radioempire.it\/index.php\/2022\/11\/16\/firmato-dai-novanta-dipendenti-a-tempo-indeterminato-e-parziale-della-citta-metropolitana-di-messina-il-contratto-di-incremento-dellorario-lavorativo\/","title":{"rendered":"Firmato dai novanta dipendenti a tempo indeterminato e parziale della Citt\u00e0 Metropolitana di Messina il contratto di incremento dell&#8217;orario lavorativo"},"content":{"rendered":"<div><span style=\"color: #0000ff; font-size: 10pt;\"><strong>Il nuovo orario di lavoro \u00e8 fissato in trenta ore settimanali<\/strong><\/span><\/div>\n<div><\/div>\n<div>\u00c8 stato siglato stamane, dai novanta dipendenti a tempo indeterminato e parziale della Citt\u00e0 Metropolitana di Messina, il contratto di lavoro a trenta ore settimanali.<\/div>\n<div>La formalizzazione odierna segue l&#8217;atto di incremento orario firmato dal Sindaco Metropolitano di Messina, Federico Basile, nello scorso mese di settembre.<\/div>\n<div>Si tratta di un altro importante passaggio per gli ex precari che, circa due anni fa, avevano sottoscritto il contratto di stabilizzazione dopo oltre trent\u2019anni di attesa.<\/div>\n<div>Soddisfazione \u00e8 stata espressa dal Sindaco Basile per l&#8217;ulteriore passo in avanti nel percorso di trasformazione del rapporto di lavoro da tempo parziale a tempo pieno per tutti gli \u201cex precari\u201d dell\u2019Ente.<\/div>\n<div><\/div>\n<div>Comunicato Stampa redatto da<\/div>\n<div>Addetto Stampa dott. Giuseppe Span\u00f2<\/div>\n<div><\/div>\n<div>Responsabile del Servizio<\/div>\n<div>Dott. Francesco Roccaforte<\/div>\n","protected":false},"excerpt":{"rendered":"<p>Il nuovo orario di lavoro \u00e8 fissato in trenta ore settimanali \u00c8 stato siglato stamane, dai novanta dipendenti a tempo indeterminato e parziale della Citt\u00e0 Metropolitana di Messina, il contratto<\/p>\n<div><a class=\"permalink\" href=\"https:\/\/www.radioempire.it\/index.php\/2022\/11\/16\/firmato-dai-novanta-dipendenti-a-tempo-indeterminato-e-parziale-della-citta-metropolitana-di-messina-il-contratto-di-incremento-dellorario-lavorativo\/\">Read More&#8230;<\/a><\/div>\n","protected":false},"author":2,"featured_media":36301,"comment_status":"closed","ping_status":"closed","sticky":false,"template":"","format":"standard","meta":[],"categories":[3,36],"tags":[],"_links":{"self":[{"href":"https:\/\/www.radioempire.it\/index.php\/wp-json\/wp\/v2\/posts\/36300"}],"collection":[{"href":"https:\/\/www.radioempire.it\/index.php\/wp-json\/wp\/v2\/posts"}],"about":[{"href":"https:\/\/www.radioempire.it\/index.php\/wp-json\/wp\/v2\/types\/post"}],"author":[{"embeddable":true,"href":"https:\/\/www.radioempire.it\/index.php\/wp-json\/wp\/v2\/users\/2"}],"replies":[{"embeddable":true,"href":"https:\/\/www.radioempire.it\/index.php\/wp-json\/wp\/v2\/comments?post=36300"}],"version-history":[{"count":1,"href":"https:\/\/www.radioempire.it\/index.php\/wp-json\/wp\/v2\/posts\/36300\/revisions"}],"predecessor-version":[{"id":36302,"href":"https:\/\/www.radioempire.it\/index.php\/wp-json\/wp\/v2\/posts\/36300\/revisions\/36302"}],"wp:featuredmedia":[{"embeddable":true,"href":"https:\/\/www.radioempire.it\/index.php\/wp-json\/wp\/v2\/media\/36301"}],"wp:attachment":[{"href":"https:\/\/www.radioempire.it\/index.php\/wp-json\/wp\/v2\/media?parent=36300"}],"wp:term":[{"taxonomy":"category","embeddable":true,"href":"https:\/\/www.radioempire.it\/index.php\/wp-json\/wp\/v2\/categories?post=36300"},{"taxonomy":"post_tag","embeddable":true,"href":"https:\/\/www.radioempire.it\/index.php\/wp-json\/wp\/v2\/tags?post=36300"}],"curies":[{"name":"wp","href":"https:\/\/api.w.org\/{rel}","templated":true}]}}