{"id":36400,"date":"2022-11-20T17:41:59","date_gmt":"2022-11-20T17:41:59","guid":{"rendered":"https:\/\/www.radioempire.it\/?p=36400"},"modified":"2022-11-20T17:41:59","modified_gmt":"2022-11-20T17:41:59","slug":"suor-cristina-la-vincitrice-di-the-voice-of-italy-2014-lascia-la-vita-consacrata-e-continua-sulla-strada-della-musica-ora-e-cristina-scuccia","status":"publish","type":"post","link":"https:\/\/www.radioempire.it\/index.php\/2022\/11\/20\/suor-cristina-la-vincitrice-di-the-voice-of-italy-2014-lascia-la-vita-consacrata-e-continua-sulla-strada-della-musica-ora-e-cristina-scuccia\/","title":{"rendered":"SUOR CRISTINA\u2026 la vincitrice di The Voice Of Italy 2014 LASCIA LA VITA CONSACRATA e continua sulla strada della musica\u2026 ora \u00e8 CRISTINA SCUCCIA."},"content":{"rendered":"<p style=\"font-weight: 400;\">\u00ab<strong><em>Se mi volto indietro guardo il mio percorso con un profondo senso di gratitudine<\/em>\u00a0<\/strong>\u2013 afferma Cristina Scuccia \u2013<strong>\u00a0<em>Il cambiamento \u00e8 un segno di evoluzione ma fa sempre paura perch\u00e9 \u00e8 pi\u00f9 facile ancorarsi alle proprie certezze piuttosto che rimettersi in discussione. Esiste un giusto o sbagliato?\u00a0Credo che con coraggio si debba soltanto ascoltare il proprio cuore!<\/em><\/strong>\u00bb.<\/p>\n<p style=\"font-weight: 400;\"><strong>\u00a0<\/strong><\/p>\n<p style=\"font-weight: 400;\"><strong>La suora con la voce pi\u00f9 famosa d\u2019Italia ha raccontato oggi, per la prima volta, in studio a Verissimo<\/strong>, programma in onda su Canale 5 condotto da Silvia Toffanin,\u00a0<strong>che non intende abbandonare il suo cammino di fede e che \u00e8 grata per tutto ci\u00f2 che ha vissuto fino ad ora.<\/strong><\/p>\n<p style=\"font-weight: 400;\"><strong>\u00a0<\/strong><\/p>\n<p style=\"font-weight: 400;\">Nata nel 1988 a Vittoria (Ragusa) e cresciuta a Comiso (Ragusa),\u00a0<strong>ha emozionato e sbalordito il pubblico fin dall\u2019audizione per il talent show\u00a0<em>The Voice of Italy<\/em>\u00a0<\/strong>presentando\u00a0<strong>la<\/strong>\u00a0<strong>cover di \u201c<em>No One<\/em>\u201d di Alicia Keys<\/strong>\u00a0e ottenendo con il video dell\u2019esibizione\u00a0<strong>pi\u00f9 di 90 milioni di visualizzazioni su YouTube in una settimana<\/strong>. Nel corso dell\u2019edizione del talent show di Rai 2 che l\u2019ha vista trionfare,\u00a0<strong>ha duettato con artisti del calibro di Ricky Martin\u00a0e\u00a0Kylie Minogue<\/strong>.<\/p>\n<p style=\"font-weight: 400;\"><strong><br \/>\nAnticipato dalla cover di \u201c<em>Like a Virgin<\/em>\u201d di Madonna, a dicembre 2014 esce il suo primo album \u201c<em>Sister Cristina<\/em>\u201d\u00a0<\/strong>(Universal Music Italia). L\u2019anno seguente \u00e8 nel cast di \u201c<strong><em>Sister Act<\/em><\/strong>\u201d, il musical diretto da Saverio Marconi che la vede vestire i panni di Suor Maria Roberta, mentre nel 2016 \u00e8 tra i protagonisti di \u201c<strong><em>Titanic \u2013 Il Musical<\/em><\/strong>\u201d. Sempre nel 2016 partecipa alla\u00a0<strong>Giornata mondiale della Giovent\u00f9 in Polonia<\/strong>\u00a0<strong>dove si esibisce davanti a pi\u00f9 di\u00a02 milioni di persone<\/strong>, sale sul palco dello\u00a0<strong>stadio di Wroclaw a Breslavia\u00a0<\/strong>(Polonia) per il concerto \u201c<strong><em>Singing Europe<\/em><\/strong>\u201d ed \u00e8 nel cast del\u00a0<strong>concerto di Natale al Lincoln Center di New York<\/strong>, evento\u00a0benefico della<strong>\u00a0<\/strong>diocesi di Brooklyn\u00a0a sostegno del progetto\u00a0Futures in Education.\u00a0<strong>Insieme al cantante\u00a0<a href=\"https:\/\/it.wikipedia.org\/wiki\/Svizzero\" data-saferedirecturl=\"https:\/\/www.google.com\/url?q=https:\/\/it.wikipedia.org\/wiki\/Svizzero&amp;source=gmail&amp;ust=1669050595756000&amp;usg=AOvVaw1D59rNuLAQmW-bgF28DvvQ\">svizzero<\/a>\u00a0Patric Scott\u00a0<\/strong>nel 2018 realizza una<strong>\u00a0cover di<\/strong>\u00a0\u201c<strong><em><a href=\"https:\/\/it.wikipedia.org\/wiki\/Hallelujah_(Leonard_Cohen)\" data-saferedirecturl=\"https:\/\/www.google.com\/url?q=https:\/\/it.wikipedia.org\/wiki\/Hallelujah_(Leonard_Cohen)&amp;source=gmail&amp;ust=1669050595756000&amp;usg=AOvVaw0pP9JLxYOtDEfakgjgp7lN\">Hallelujah<\/a><\/em><\/strong>\u201d\u00a0<strong>di\u00a0<a href=\"https:\/\/it.wikipedia.org\/wiki\/Leonard_Cohen\" data-saferedirecturl=\"https:\/\/www.google.com\/url?q=https:\/\/it.wikipedia.org\/wiki\/Leonard_Cohen&amp;source=gmail&amp;ust=1669050595756000&amp;usg=AOvVaw1ef0gi2AKXFxe0TeFP3AiC\">Leonard Cohen<\/a><\/strong>. Nello stesso anno<strong>\u00a0<\/strong>pubblica<strong>\u00a0il singolo \u201c<em>Felice<\/em>\u201d, che anticipa il suo secondo album dal titolo omonimo\u00a0<\/strong>e che presenta dal vivo in occasione del\u00a0<strong>JoyFest 2018 &#8211; Eucharist Seminars Festival<\/strong>\u00a0<strong>a Giacarta<\/strong>. Sono pi\u00f9 di 200 mila i giovani che hanno assistito al suo\u00a0<strong>concerto in\u00a0Brasile\u00a0in occasione dell\u2019Halleluya Festival 2018<\/strong>. A giugno 2019 sale sul palco del\u00a0<strong>Congresso Internazionale Eucaristico Forr\u00e1sPont a Budapest<\/strong>, mentre ad agosto 2021 partecipa al<strong>\u00a0Festiwal Muzyki Chrze\u015bcija\u0144skiej Jasna G\u00f3ra a Cz\u0119stochowa<\/strong>\u00a0(Polonia)<strong>.<\/strong><\/p>\n<p style=\"font-weight: 400;\">\n<p style=\"font-weight: 400;\"><strong>La sua voce arriva fino all\u2019estero<\/strong>, dove viene ospitata in diverse trasmissioni televisive per parlare della sua profonda fede e della forte passione per la musica come\u00a0<em>The Voice<\/em>\u00a0e\u00a0<em>Le Grand Show de<\/em>\u00a0<em>Calogero<\/em>\u00a0in Francia,\u00a0<em>Helene Fisher Show<\/em>\u00a0in Germania e\u00a0<em>Today Show<\/em>\u00a0negli Stati Uniti. Nel 2019 \u00e8 tra i concorrenti del talent show americano\u00a0<em>The World\u2019s Best<\/em>\u00a0in onda sulla CBS e della 14\u00aa edizione di\u00a0<em>Ballando con le stelle<\/em>\u00a0in onda su Rai 1.<\/p>\n","protected":false},"excerpt":{"rendered":"<p>\u00abSe mi volto indietro guardo il mio percorso con un profondo senso di gratitudine\u00a0\u2013 afferma Cristina Scuccia \u2013\u00a0Il cambiamento \u00e8 un segno di evoluzione ma fa sempre paura perch\u00e9 \u00e8<\/p>\n<div><a class=\"permalink\" href=\"https:\/\/www.radioempire.it\/index.php\/2022\/11\/20\/suor-cristina-la-vincitrice-di-the-voice-of-italy-2014-lascia-la-vita-consacrata-e-continua-sulla-strada-della-musica-ora-e-cristina-scuccia\/\">Read More&#8230;<\/a><\/div>\n","protected":false},"author":2,"featured_media":36401,"comment_status":"closed","ping_status":"closed","sticky":false,"template":"","format":"standard","meta":[],"categories":[3,36],"tags":[],"_links":{"self":[{"href":"https:\/\/www.radioempire.it\/index.php\/wp-json\/wp\/v2\/posts\/36400"}],"collection":[{"href":"https:\/\/www.radioempire.it\/index.php\/wp-json\/wp\/v2\/posts"}],"about":[{"href":"https:\/\/www.radioempire.it\/index.php\/wp-json\/wp\/v2\/types\/post"}],"author":[{"embeddable":true,"href":"https:\/\/www.radioempire.it\/index.php\/wp-json\/wp\/v2\/users\/2"}],"replies":[{"embeddable":true,"href":"https:\/\/www.radioempire.it\/index.php\/wp-json\/wp\/v2\/comments?post=36400"}],"version-history":[{"count":1,"href":"https:\/\/www.radioempire.it\/index.php\/wp-json\/wp\/v2\/posts\/36400\/revisions"}],"predecessor-version":[{"id":36402,"href":"https:\/\/www.radioempire.it\/index.php\/wp-json\/wp\/v2\/posts\/36400\/revisions\/36402"}],"wp:featuredmedia":[{"embeddable":true,"href":"https:\/\/www.radioempire.it\/index.php\/wp-json\/wp\/v2\/media\/36401"}],"wp:attachment":[{"href":"https:\/\/www.radioempire.it\/index.php\/wp-json\/wp\/v2\/media?parent=36400"}],"wp:term":[{"taxonomy":"category","embeddable":true,"href":"https:\/\/www.radioempire.it\/index.php\/wp-json\/wp\/v2\/categories?post=36400"},{"taxonomy":"post_tag","embeddable":true,"href":"https:\/\/www.radioempire.it\/index.php\/wp-json\/wp\/v2\/tags?post=36400"}],"curies":[{"name":"wp","href":"https:\/\/api.w.org\/{rel}","templated":true}]}}