{"id":36472,"date":"2022-11-24T11:38:43","date_gmt":"2022-11-24T11:38:43","guid":{"rendered":"https:\/\/www.radioempire.it\/?p=36472"},"modified":"2022-11-24T11:38:43","modified_gmt":"2022-11-24T11:38:43","slug":"a-palazzo-dei-leoni-in-programma-il-convegno-zancle-citta-sospesa-tra-ieri-e-domani","status":"publish","type":"post","link":"https:\/\/www.radioempire.it\/index.php\/2022\/11\/24\/a-palazzo-dei-leoni-in-programma-il-convegno-zancle-citta-sospesa-tra-ieri-e-domani\/","title":{"rendered":"A Palazzo dei Leoni in programma il convegno &#8220;Zancle&#8230;citt\u00e0 sospesa tra ieri e domani&#8221;"},"content":{"rendered":"<div><strong style=\"color: #0000ff; font-size: 10pt;\">Appuntamento mercoled\u00ec 30 novembre 2022, ore 16.00, nel Salone degli Specchi<\/strong><\/div>\n<div>\n<div><\/div>\n<div>\n<div class=\"moz-text-html\" lang=\"x-unicode\">\n<div>\n<div>\n<div>Si svolger\u00e0 nel Salone degli Specchi di Palazzo dei Leoni il convegno su &#8220;Zancle&#8230;citt\u00e0 sospesa tra ieri e domani&#8221;.<\/div>\n<div>L&#8217;evento culturale, in programma mercoled\u00ec 30 novembre 2022, alle ore 16.00, sar\u00e0 aperto dai saluti del Sindaco Metropolitano di Messina, dott. Federico Basile, e della Segretaria Generale dell&#8217;Ente, avv. Rossana Carrubba.<\/div>\n<div>Il programma prevede la proiezione del video &#8220;Zancle\u201c, ispirato dall&#8217;omonimo testo di Fabrizio Cocciola &#8211; il Poeta di Sparta, realizzato con le riprese di Antonino Malfitano e con la partecipazione dell&#8217;attore, regista e produttore Antonio Fermi e dell&#8217;attrice e sceneggiatrice Rosy Trapa.<\/div>\n<div>L&#8217;incontro, introdotto e moderato dalla Dirigente della I Direzione, avv. Anna Maria Tripodo, si avvarr\u00e0 degli interventi della prof.ssa Michela D&#8217;Angelo che relazioner\u00e0 su &#8220;Messina sospesa tra malcontento e aspirazioni&#8221;, dell&#8217;arch. Nino Principato su &#8220;Messina incoronata, storia di un antico privilegio&#8221; e di Fabrizio Cocciola &#8211; il Poeta di Sparta &#8211; che declamer\u00e0 la poesia &#8220;A me citt\u00e0&#8221;.<\/div>\n<div>Ospite d&#8217;onore sar\u00e0 l&#8217;attrice Alexandra Celi mentre madrina dell&#8217;evento sar\u00e0 l&#8217;attrice Daniela Conti.<\/div>\n<div>L&#8217;appuntamento \u00e8 stato organizzato dal Servizio &#8220;Cultura&#8221; della I Direzione della Citt\u00e0 Metropolitana di Messina, coordinato dal responsabile del Servizio arch. Attilio Griso e dalla responsabile del progetto dott.ssa Nuccia Di Gennaro.<\/div>\n<div><\/div>\n<div>Comunicato Stampa redatto da<\/div>\n<div>Addetto Stampa dott. Giuseppe Span\u00f2<\/div>\n<div><\/div>\n<div>Responsabile del Servizio<\/div>\n<div>Dott. Francesco Roccaforte<\/div>\n<div><img loading=\"lazy\" class=\"alignnone size-medium wp-image-36473\" src=\"https:\/\/www.radioempire.it\/wp-content\/uploads\/2022\/11\/Locandina-Zancle-Citta-sospesa-tra-ieri-e-domani-212x300.jpg\" alt=\"\" width=\"212\" height=\"300\" srcset=\"https:\/\/www.radioempire.it\/wp-content\/uploads\/2022\/11\/Locandina-Zancle-Citta-sospesa-tra-ieri-e-domani-212x300.jpg 212w, https:\/\/www.radioempire.it\/wp-content\/uploads\/2022\/11\/Locandina-Zancle-Citta-sospesa-tra-ieri-e-domani-722x1024.jpg 722w, https:\/\/www.radioempire.it\/wp-content\/uploads\/2022\/11\/Locandina-Zancle-Citta-sospesa-tra-ieri-e-domani-768x1089.jpg 768w, https:\/\/www.radioempire.it\/wp-content\/uploads\/2022\/11\/Locandina-Zancle-Citta-sospesa-tra-ieri-e-domani.jpg 1080w\" sizes=\"(max-width: 212px) 100vw, 212px\" \/><\/div>\n<\/div>\n<\/div>\n<\/div>\n<div class=\"moz-attached-image-container\"><\/div>\n<\/div>\n<div><\/div>\n<\/div>\n","protected":false},"excerpt":{"rendered":"<p>Appuntamento mercoled\u00ec 30 novembre 2022, ore 16.00, nel Salone degli Specchi Si svolger\u00e0 nel Salone degli Specchi di Palazzo dei Leoni il convegno su &#8220;Zancle&#8230;citt\u00e0 sospesa tra ieri e domani&#8221;.<\/p>\n<div><a class=\"permalink\" href=\"https:\/\/www.radioempire.it\/index.php\/2022\/11\/24\/a-palazzo-dei-leoni-in-programma-il-convegno-zancle-citta-sospesa-tra-ieri-e-domani\/\">Read More&#8230;<\/a><\/div>\n","protected":false},"author":2,"featured_media":36475,"comment_status":"closed","ping_status":"closed","sticky":false,"template":"","format":"standard","meta":[],"categories":[36,78],"tags":[],"_links":{"self":[{"href":"https:\/\/www.radioempire.it\/index.php\/wp-json\/wp\/v2\/posts\/36472"}],"collection":[{"href":"https:\/\/www.radioempire.it\/index.php\/wp-json\/wp\/v2\/posts"}],"about":[{"href":"https:\/\/www.radioempire.it\/index.php\/wp-json\/wp\/v2\/types\/post"}],"author":[{"embeddable":true,"href":"https:\/\/www.radioempire.it\/index.php\/wp-json\/wp\/v2\/users\/2"}],"replies":[{"embeddable":true,"href":"https:\/\/www.radioempire.it\/index.php\/wp-json\/wp\/v2\/comments?post=36472"}],"version-history":[{"count":1,"href":"https:\/\/www.radioempire.it\/index.php\/wp-json\/wp\/v2\/posts\/36472\/revisions"}],"predecessor-version":[{"id":36476,"href":"https:\/\/www.radioempire.it\/index.php\/wp-json\/wp\/v2\/posts\/36472\/revisions\/36476"}],"wp:featuredmedia":[{"embeddable":true,"href":"https:\/\/www.radioempire.it\/index.php\/wp-json\/wp\/v2\/media\/36475"}],"wp:attachment":[{"href":"https:\/\/www.radioempire.it\/index.php\/wp-json\/wp\/v2\/media?parent=36472"}],"wp:term":[{"taxonomy":"category","embeddable":true,"href":"https:\/\/www.radioempire.it\/index.php\/wp-json\/wp\/v2\/categories?post=36472"},{"taxonomy":"post_tag","embeddable":true,"href":"https:\/\/www.radioempire.it\/index.php\/wp-json\/wp\/v2\/tags?post=36472"}],"curies":[{"name":"wp","href":"https:\/\/api.w.org\/{rel}","templated":true}]}}