{"id":36508,"date":"2022-11-25T11:29:40","date_gmt":"2022-11-25T11:29:40","guid":{"rendered":"https:\/\/www.radioempire.it\/?p=36508"},"modified":"2022-11-25T11:29:40","modified_gmt":"2022-11-25T11:29:40","slug":"milo-bagno-di-folla-per-lannullo-filatelico-in-omaggio-a-franco-battiato-cosentino-questo-evento-lega-ancora-di-piu-milo-a-questo-grande-artista","status":"publish","type":"post","link":"https:\/\/www.radioempire.it\/index.php\/2022\/11\/25\/milo-bagno-di-folla-per-lannullo-filatelico-in-omaggio-a-franco-battiato-cosentino-questo-evento-lega-ancora-di-piu-milo-a-questo-grande-artista\/","title":{"rendered":"Milo, bagno di folla per l\u2019annullo filatelico in omaggio a Franco Battiato. Cosentino: \u201cQuesto evento lega ancora di pi\u00f9 Milo a questo grande artista\u201d. \u00a0"},"content":{"rendered":"<p class=\"x_x_x_MsoNoSpacing\"><span class=\"x_x_x_ContentPasted0\">Dopo Giorgio Gaber, Lucio Dalla e Pino Daniele, da oggi c\u2019\u00e8 anche Franco Battiato tra i grandi artisti italiani celebrati dai francobolli della serie \u2018Le Eccellenze italiane dello spettacolo\u2019. A emettere materialmente il bollo, dedicato al cantautore siciliano, l\u2019Istituto Poligrafico Zecca dello Stato, dopo il via libera del Ministero delle Imprese e del Made in Italy (ex Mise), che ha accolto favorevolmente la proposta lanciata dall\u2019amministrazione comunale di Milo. E stamani, proprio nel comune pedemontano, la folla delle grandi occasioni ha preso d\u2019assalto l\u2019Ufficio Postale, dove \u00e8 stato svelato il francobollo,raffigurante Franco Battiato con cuffie e microfono su sfondo verde, e si \u00e8 svolto l\u2019atteso annullo filatelico. <img loading=\"lazy\" class=\"alignnone size-medium wp-image-36510\" src=\"https:\/\/www.radioempire.it\/wp-content\/uploads\/2022\/11\/Francobollo-Franco-Battiato-300x225.jpg\" alt=\"\" width=\"300\" height=\"225\" srcset=\"https:\/\/www.radioempire.it\/wp-content\/uploads\/2022\/11\/Francobollo-Franco-Battiato-300x225.jpg 300w, https:\/\/www.radioempire.it\/wp-content\/uploads\/2022\/11\/Francobollo-Franco-Battiato-768x576.jpg 768w, https:\/\/www.radioempire.it\/wp-content\/uploads\/2022\/11\/Francobollo-Franco-Battiato.jpg 1024w\" sizes=\"(max-width: 300px) 100vw, 300px\" \/>L\u2019ennesimo omaggio della comunit\u00e0 milese al compianto cantautore siciliano, che aveva scelto il piccolo comune alle pendici dell\u2019Etna come propria residenza. \u201cPer noi \u00e8 una bellissima giornata, una delle tante che legano ancora di pi\u00f9 la nostra comunit\u00e0 a questo grande artista \u2013 dichiara il sindaco di Milo, Alfio Cosentino &#8211; Quindi siamo felici che il Ministero delle Imprese e del Made in Italy abbia accolto la nostra istanza e che oggi si sia concretizzato questo momento cos\u00ec solenne e importante\u201d. Tra i presenti all\u2019annullo filatelico, anche Filippo De Francesco, funzionario del Ministero delle Imprese e del Made in Italy, Donatella Aprile, Sovrintendente ai Beni Culturali di Catania, Giuseppe Catalfo, direttore della filiale Catania 2 provincia di Poste Italiane, Biagio Di Maria, Referente Filatelia Macro Area Sicilia di Poste Italiane, Alberto Cardillo, gi\u00e0 segretario particolare dell\u2019Assessore Regionale al Turismo, Antonino La Spina, presidente dell\u2019Unpli, Alfredo Cavallaro, presidente della Pro Loco di Milo, Giovanni Strano, vicepresidente della Pro Loco di Milo, l\u2019attrice Lucia Sardo, presidente del Centro Studi di Gravit\u00e0 Permanente, e diverse autorit\u00e0 civili, militari, religiose e delle istituzioni scolastiche del territorio. \u201cIl Ministero delle Imprese e del Made in Italy, in collaborazione con Poste Italiane, si occupa anche di queste iniziative \u2013 spiega Filippo De Francesco \u2013 In particolare qui oggi \u00e8 stato organizzato un annullo filatelico per celebrare una delle grandi personalit\u00e0 della cultura italiana, Franco Battiato, artista molto amato, che aveva scelto il comune di Milo come luogo in cui vivere\u201d. I valori bollati, andati letteralmente a ruba stamani, saranno nuovamente disponibili nei prossimi giorni presso gli Uffici Postali di Milo e di Acireale. Dopo l\u2019annullo si \u00e8 svolto un incontro presso il Centro Servizi di Milo per ricordare il maestro Franco Battiato. <\/span><span class=\"x_x_x_ContentPasted0\">\u00a0<\/span><\/p>\n<p><strong><span class=\"x_x_x_ContentPasted0\"><span class=\"x_x_x_ContentPasted2\">U.S. Maria Bella<\/span><\/span><\/strong><\/p>\n<p>&nbsp;<\/p>\n<p class=\"x_x_x_MsoNoSpacing\">\n","protected":false},"excerpt":{"rendered":"<p>Dopo Giorgio Gaber, Lucio Dalla e Pino Daniele, da oggi c\u2019\u00e8 anche Franco Battiato tra i grandi artisti italiani celebrati dai francobolli della serie \u2018Le Eccellenze italiane dello spettacolo\u2019. A<\/p>\n<div><a class=\"permalink\" href=\"https:\/\/www.radioempire.it\/index.php\/2022\/11\/25\/milo-bagno-di-folla-per-lannullo-filatelico-in-omaggio-a-franco-battiato-cosentino-questo-evento-lega-ancora-di-piu-milo-a-questo-grande-artista\/\">Read More&#8230;<\/a><\/div>\n","protected":false},"author":2,"featured_media":36509,"comment_status":"closed","ping_status":"closed","sticky":false,"template":"","format":"standard","meta":[],"categories":[3,36],"tags":[],"_links":{"self":[{"href":"https:\/\/www.radioempire.it\/index.php\/wp-json\/wp\/v2\/posts\/36508"}],"collection":[{"href":"https:\/\/www.radioempire.it\/index.php\/wp-json\/wp\/v2\/posts"}],"about":[{"href":"https:\/\/www.radioempire.it\/index.php\/wp-json\/wp\/v2\/types\/post"}],"author":[{"embeddable":true,"href":"https:\/\/www.radioempire.it\/index.php\/wp-json\/wp\/v2\/users\/2"}],"replies":[{"embeddable":true,"href":"https:\/\/www.radioempire.it\/index.php\/wp-json\/wp\/v2\/comments?post=36508"}],"version-history":[{"count":1,"href":"https:\/\/www.radioempire.it\/index.php\/wp-json\/wp\/v2\/posts\/36508\/revisions"}],"predecessor-version":[{"id":36511,"href":"https:\/\/www.radioempire.it\/index.php\/wp-json\/wp\/v2\/posts\/36508\/revisions\/36511"}],"wp:featuredmedia":[{"embeddable":true,"href":"https:\/\/www.radioempire.it\/index.php\/wp-json\/wp\/v2\/media\/36509"}],"wp:attachment":[{"href":"https:\/\/www.radioempire.it\/index.php\/wp-json\/wp\/v2\/media?parent=36508"}],"wp:term":[{"taxonomy":"category","embeddable":true,"href":"https:\/\/www.radioempire.it\/index.php\/wp-json\/wp\/v2\/categories?post=36508"},{"taxonomy":"post_tag","embeddable":true,"href":"https:\/\/www.radioempire.it\/index.php\/wp-json\/wp\/v2\/tags?post=36508"}],"curies":[{"name":"wp","href":"https:\/\/api.w.org\/{rel}","templated":true}]}}