{"id":36716,"date":"2022-12-02T21:12:45","date_gmt":"2022-12-02T21:12:45","guid":{"rendered":"https:\/\/www.radioempire.it\/?p=36716"},"modified":"2022-12-02T21:12:45","modified_gmt":"2022-12-02T21:12:45","slug":"zancle-citta-sospesa-tra-ieri-e-domani-un-viaggio-tra-il-passato-il-presente-e-il-futuro-di-messina","status":"publish","type":"post","link":"https:\/\/www.radioempire.it\/index.php\/2022\/12\/02\/zancle-citta-sospesa-tra-ieri-e-domani-un-viaggio-tra-il-passato-il-presente-e-il-futuro-di-messina\/","title":{"rendered":"&#8220;Zancle&#8230;citt\u00e0 sospesa tra ieri e domani&#8221;, un viaggio tra il passato, il presente e il futuro di Messina"},"content":{"rendered":"<p><strong><span dir=\"ltr\" role=\"presentation\">A Palazzo dei Leoni un viaggio nella storia millenaria di Messina<\/span><\/strong><br role=\"presentation\" \/><span dir=\"ltr\" role=\"presentation\">Si \u00e8 svolto in un Salone degli Specchi di Palazzo dei Leoni, gremito di pubblico, il convegno<\/span><br role=\"presentation\" \/><span dir=\"ltr\" role=\"presentation\">&#8220;Zancle&#8230;citt\u00e0 sospesa tra ieri e domani&#8221;, un racconto coinvolgente che si \u00e8 soffermato non solo<\/span><br role=\"presentation\" \/><span dir=\"ltr\" role=\"presentation\">sulle vicende storiche e culturali di Messina ma soprattutto su quelle che hanno caratterizzato<\/span><br role=\"presentation\" \/><span dir=\"ltr\" role=\"presentation\">la vita della comunit\u00e0 che, nell&#8217;arco dei secoli, \u00e8 riuscita a reagire e ripartire con tenacia<\/span><br role=\"presentation\" \/><span dir=\"ltr\" role=\"presentation\">nonostante le frequenti vicende avverse.<\/span><br role=\"presentation\" \/><span dir=\"ltr\" role=\"presentation\">In un periodo come quello attuale, in cui Messina appare segnata da una profonda crisi sociale<\/span><br role=\"presentation\" \/><span dir=\"ltr\" role=\"presentation\">ed economica, risulta fondamentale ritrovare un senso di unit\u00e0 che possa ridestare l&#8217;orgoglio di<\/span><br role=\"presentation\" \/><span dir=\"ltr\" role=\"presentation\">far parte di una comunit\u00e0, cos\u00ec come ha evidenziato la Segretaria Generale della Citt\u00e0<\/span><br role=\"presentation\" \/><span dir=\"ltr\" role=\"presentation\">Metropolitana di Messina, avv. Rossana Carrubba, che, nel porgere i saluti del Sindaco<\/span><br role=\"presentation\" \/><span dir=\"ltr\" role=\"presentation\">Metropolitano dott. Federico Basile, assente per improrogabili impegni istituzionali, ha posto<\/span><br role=\"presentation\" \/><span dir=\"ltr\" role=\"presentation\">l&#8217;attenzione sulla necessit\u00e0 di amare la propria citt\u00e0 e rispettarla.<\/span><br role=\"presentation\" \/><span dir=\"ltr\" role=\"presentation\">\u201cOggi sono felice di essere qui \u2013 ha affermato Rossana Carrubba \u2013 a parlare della citt\u00e0 dove<\/span><br role=\"presentation\" \/><span dir=\"ltr\" role=\"presentation\">sono nata e cresciuta e che oggi ho la fortuna di servire operando all&#8217;interno delle Istituzioni. E&#8217;<\/span><br role=\"presentation\" \/><span dir=\"ltr\" role=\"presentation\">necessario risvegliare le coscienze e l&#8217;identit\u00e0, promuovere lo sviluppo e fare tutto ci\u00f2 che \u00e8<\/span><br role=\"presentation\" \/><span dir=\"ltr\" role=\"presentation\">possibile affinch\u00e9 i messinesi sentano di nuovo l&#8217;orgoglio di appartenere a questa comunit\u00e0.<\/span><br role=\"presentation\" \/><span dir=\"ltr\" role=\"presentation\">Stiamo venendo fuori da un periodo di grande difficolt\u00e0, in cui gli sforzi delle Istituzioni sono<\/span><br role=\"presentation\" \/><span dir=\"ltr\" role=\"presentation\">stati rivolti a risanare una situazione debitoria che ha frenato la crescita della citt\u00e0, e l&#8217;impegno \u00e8<\/span><br role=\"presentation\" \/><span dir=\"ltr\" role=\"presentation\">quello di proseguire in questo percorso virtuoso per assicurare un futuro migliore a tutti i<\/span><br role=\"presentation\" \/><span dir=\"ltr\" role=\"presentation\">messinesi\u201d.<\/span><br role=\"presentation\" \/><span dir=\"ltr\" role=\"presentation\">Interessante la proiezione del video &#8220;Zancle\u201c, ispirato dall&#8217;omonimo testo di Fabrizio Cocciola &#8211; il<\/span><br role=\"presentation\" \/><span dir=\"ltr\" role=\"presentation\">Poeta di Sparta, con le riprese di Antonino Malfitano e con la partecipazione dell&#8217;attore, regista e<\/span><br role=\"presentation\" \/><span dir=\"ltr\" role=\"presentation\">produttore Antonio Fermi e dell&#8217;attrice e sceneggiatrice Rosy Trapa, che hanno raccontato la<\/span><br role=\"presentation\" \/><span dir=\"ltr\" role=\"presentation\">loro esperienza e le loro sensazioni legate ai contenuti ed alla modalit\u00e0 realizzative delle<\/span><br role=\"presentation\" \/><span dir=\"ltr\" role=\"presentation\">suggestive riprese notturne.<\/span><br role=\"presentation\" \/><span dir=\"ltr\" role=\"presentation\">Il via agli interventi in programma \u00e8 stato dato dall&#8217;arch. Nino Principato.<\/span><br role=\"presentation\" \/><span dir=\"ltr\" role=\"presentation\">Si \u00e8 trattato di un viaggio attraverso i fasti e le decadenze di una citt\u00e0 che ha segnato la storia<\/span><br role=\"presentation\" \/><span dir=\"ltr\" role=\"presentation\">del bacino del Mediterraneo: dai miti di Zancle, alle vicende storiche delle popolazioni che ne<\/span><br role=\"presentation\" \/><span dir=\"ltr\" role=\"presentation\">hanno contraddistinto il suo percorso; dalla sua Zecca, che inizi\u00f2 a battere moneta duecento<\/span><br role=\"presentation\" \/><span dir=\"ltr\" role=\"presentation\">anni prima di Roma, ai suoi simboli che raccontano di una citt\u00e0 opulenta dove, per secoli,<\/span><br role=\"presentation\" \/><span dir=\"ltr\" role=\"presentation\">commercio e cultura costituivano elementi trainanti del suo sviluppo. E poi Antonello da<\/span><\/p>\n<div class=\"canvasWrapper\"><span dir=\"ltr\" role=\"presentation\">Messina, Caravaggio, Juvara, per citare alcuni dei grandi personaggi che hanno legato il loro<\/span><br role=\"presentation\" \/><span dir=\"ltr\" role=\"presentation\">nome alla citt\u00e0 di Messina, fino ad arrivare agli eventi che hanno caratterizzato le vicende<\/span><br role=\"presentation\" \/><span dir=\"ltr\" role=\"presentation\">cittadine negli ultimi due secoli.<\/span><br role=\"presentation\" \/><span dir=\"ltr\" role=\"presentation\">La prof.ssa Michela D&#8217;Angelo ha posto la sua attenzione sul dualismo che connota la Messina<\/span><br role=\"presentation\" \/><span dir=\"ltr\" role=\"presentation\">del post terremoto, sospesa tra malcontento e aspirazioni, contraddizioni frutto della perdita di<\/span><br role=\"presentation\" \/><span dir=\"ltr\" role=\"presentation\">una propria identit\u00e0 che tarda ad essere riconquistata. Nel racconto traspare la forza di una<\/span><br role=\"presentation\" \/><span dir=\"ltr\" role=\"presentation\">comunit\u00e0 sempre pronta a ripartire, anche dopo eventi disastrosi; una capacit\u00e0 che, dopo il<\/span><br role=\"presentation\" \/><span dir=\"ltr\" role=\"presentation\">terremoto del 1908, sembra essersi persa, sovrastata da individualismi e scarso senso di<\/span><br role=\"presentation\" \/><span dir=\"ltr\" role=\"presentation\">aggregazione.<\/span><br role=\"presentation\" \/><span dir=\"ltr\" role=\"presentation\">Nel corso dell&#8217;incontro Fabrizio Cocciola ha declamato la poesia &#8220;A me citt\u00e0&#8221; e sono state<\/span><br role=\"presentation\" \/><span dir=\"ltr\" role=\"presentation\">consegnate tre targhe alla Segretaria Rossana Carrubba, all&#8217;attrice Alexandra Celi, figlia del<\/span><br role=\"presentation\" \/><span dir=\"ltr\" role=\"presentation\">grande attore Adolfo Celi, e all&#8217;attrice Daniela Conti.<\/span><br role=\"presentation\" \/><span dir=\"ltr\" role=\"presentation\">Il<\/span> <span dir=\"ltr\" role=\"presentation\">convegno<\/span> <span dir=\"ltr\" role=\"presentation\">si<\/span> <span dir=\"ltr\" role=\"presentation\">\u00e8<\/span> <span dir=\"ltr\" role=\"presentation\">chiuso<\/span> <span dir=\"ltr\" role=\"presentation\">con<\/span> <span dir=\"ltr\" role=\"presentation\">l&#8217;intervento<\/span> <span dir=\"ltr\" role=\"presentation\">dell&#8217;architetto<\/span> <span dir=\"ltr\" role=\"presentation\">Principato<\/span> <span dir=\"ltr\" role=\"presentation\">che<\/span> <span dir=\"ltr\" role=\"presentation\">ha<\/span> <span dir=\"ltr\" role=\"presentation\">ricordato<\/span> <span dir=\"ltr\" role=\"presentation\">due<\/span><br role=\"presentation\" \/><span dir=\"ltr\" role=\"presentation\">protagonisti della storia culturale di Messina, recentemente scomparsi: Giovanni Molonia e<\/span><br role=\"presentation\" \/><span dir=\"ltr\" role=\"presentation\">Franz Riccobono.<\/span><br role=\"presentation\" \/><span dir=\"ltr\" role=\"presentation\">L&#8217;incontro, ideato dalla I Direzione \u201cCultura\u201d, diretta dall&#8217;avv. Anna Maria Tripodo, ed organizzato<\/span><br role=\"presentation\" \/><span dir=\"ltr\" role=\"presentation\">dal Servizio &#8220;Cultura&#8221; della I Direzione della Citt\u00e0 Metropolitana di Messina, coordinato dal<\/span><br role=\"presentation\" \/><span dir=\"ltr\" role=\"presentation\">responsabile del Servizio arch. Attilio Griso e dalla responsabile del progetto dott.ssa Nuccia Di<\/span><br role=\"presentation\" \/><span dir=\"ltr\" role=\"presentation\">Gennaro., \u00e8 stato moderato dalla dott.ssa Daniela Cuc\u00e8 Cafeo.<\/span><br role=\"presentation\" \/><span dir=\"ltr\" role=\"presentation\">Comunicato Stampa redatto da<\/span><br role=\"presentation\" \/><span dir=\"ltr\" role=\"presentation\">Addetto Stampa dott. Giuseppe Span\u00f2<\/span><\/div>\n","protected":false},"excerpt":{"rendered":"<p>A Palazzo dei Leoni un viaggio nella storia millenaria di MessinaSi \u00e8 svolto in un Salone degli Specchi di Palazzo dei Leoni, gremito di pubblico, il convegno&#8220;Zancle&#8230;citt\u00e0 sospesa tra ieri<\/p>\n<div><a class=\"permalink\" href=\"https:\/\/www.radioempire.it\/index.php\/2022\/12\/02\/zancle-citta-sospesa-tra-ieri-e-domani-un-viaggio-tra-il-passato-il-presente-e-il-futuro-di-messina\/\">Read More&#8230;<\/a><\/div>\n","protected":false},"author":2,"featured_media":36717,"comment_status":"closed","ping_status":"closed","sticky":false,"template":"","format":"standard","meta":[],"categories":[36,78],"tags":[],"_links":{"self":[{"href":"https:\/\/www.radioempire.it\/index.php\/wp-json\/wp\/v2\/posts\/36716"}],"collection":[{"href":"https:\/\/www.radioempire.it\/index.php\/wp-json\/wp\/v2\/posts"}],"about":[{"href":"https:\/\/www.radioempire.it\/index.php\/wp-json\/wp\/v2\/types\/post"}],"author":[{"embeddable":true,"href":"https:\/\/www.radioempire.it\/index.php\/wp-json\/wp\/v2\/users\/2"}],"replies":[{"embeddable":true,"href":"https:\/\/www.radioempire.it\/index.php\/wp-json\/wp\/v2\/comments?post=36716"}],"version-history":[{"count":1,"href":"https:\/\/www.radioempire.it\/index.php\/wp-json\/wp\/v2\/posts\/36716\/revisions"}],"predecessor-version":[{"id":36718,"href":"https:\/\/www.radioempire.it\/index.php\/wp-json\/wp\/v2\/posts\/36716\/revisions\/36718"}],"wp:featuredmedia":[{"embeddable":true,"href":"https:\/\/www.radioempire.it\/index.php\/wp-json\/wp\/v2\/media\/36717"}],"wp:attachment":[{"href":"https:\/\/www.radioempire.it\/index.php\/wp-json\/wp\/v2\/media?parent=36716"}],"wp:term":[{"taxonomy":"category","embeddable":true,"href":"https:\/\/www.radioempire.it\/index.php\/wp-json\/wp\/v2\/categories?post=36716"},{"taxonomy":"post_tag","embeddable":true,"href":"https:\/\/www.radioempire.it\/index.php\/wp-json\/wp\/v2\/tags?post=36716"}],"curies":[{"name":"wp","href":"https:\/\/api.w.org\/{rel}","templated":true}]}}