{"id":36781,"date":"2022-12-06T14:40:39","date_gmt":"2022-12-06T14:40:39","guid":{"rendered":"https:\/\/www.radioempire.it\/?p=36781"},"modified":"2022-12-06T14:40:39","modified_gmt":"2022-12-06T14:40:39","slug":"new-mobility-messina-messinariparte-15-18-dicembre-area-pedonale-viale-san-martino","status":"publish","type":"post","link":"https:\/\/www.radioempire.it\/index.php\/2022\/12\/06\/new-mobility-messina-messinariparte-15-18-dicembre-area-pedonale-viale-san-martino\/","title":{"rendered":"NEW MOBILITY MESSINA &#8211; #MESSINARIPARTE 15 &#8211; 18 dicembre Area Pedonale Viale San Martino"},"content":{"rendered":"<p><strong><em>ALLA PRESENZA DEL SINDACO, FEDERICO BASILE, DEL VICESINDACO, SALVATORE MONDELLO, E DEL PRESIDENTE DI ATM SPA, GIUSEPPE CAMPAGNA E\u2019 STATA PRESENTATA QUESTA MATTINA IN CONFERENZA STAMPA LA MANIFESTAZIONE NEW MOBILITY MESSINA &#8211; #MESSINARIPARTE, UNA QUATTRO GIORNI INTERAMENTE DEDICATA ALLA MOBILITA\u2019 ALTERNATIVA CHE SI TERRA\u2019 NELL\u2019ISOLA PEDONALE DI VIALE SAN MARTINO DAL 15 AL 18 DICEMBRE. <\/em><\/strong><\/p>\n<p>6 dicembre 2022 &#8211; Una quattro giorni interamente dedicata alla mobilit\u00e0 alternativa. Pi\u00f9 di 50 mezzi votati alla mobilit\u00e0 del futuro in rappresentanza di oltre 10 brand. Un viaggio attraverso la storia della mobilit\u00e0 sostenibile, dalle carrozze d\u2019epoca, passando per le auto stradali EV\/PHEV, fino alla DS E-TENSE FE due volte campione del mondo, la Giulia ETCR by ROMEO FERRARIS, protagonista del mondiale ETCR,\u00a0 le smart e-cup, prime auto al mondo a dare vita a un campionato turismo elettrico e le nuove Tesla Model 3 che daranno vita ad una serie full electric il prossimo anno. E poi monopattini elettrici, e-bike, scooter, bus elettrici. Filo conduttore l\u2019apertura della citt\u00e0 alla mobilit\u00e0 sostenibile, alla mobilit\u00e0 del futuro e a tutte le opportunit\u00e0 che essa offre.<\/p>\n<p>L\u2019evento, organizzato da Atm Spa con la collaborazione del Comune di Messina, si terr\u00e0 dal 15 al 18 dicembre nella nuova area pedonale di viale San Martino e vedr\u00e0 una serie di iniziative volte a scoprire l\u2019affascinante mondo del motor sport elettrico, eseguire test drive con monopattini, e-bike e scooter, cimentarsi con simulatori di guida e visitare l\u2019expo di auto EV e auto e mezzi d\u2019epoca.<\/p>\n<p>Un viaggio attraverso la storia della mobilit\u00e0 a partire dal carretto siciliano, legato a doppio filo con il territorio, fino alle nuovissime auto elettriche, e alle meravigliose sportive che per la prima volta da Abu Dhabi, passando per Montecarlo, approdano a Messina portando con s\u00e9 tutto il fascino del Vecchio Nurburgring! Protagoniste dei due Campionati del Mondo pi\u00f9 importanti per monoposto e auto, la DS di Formula E e la Giulia by Romeo Ferraris mostreranno tutta la forza e il fascino del nuovo motorsport, accanto alle protagoniste della smart e-cup, il primo campionato al mondo turismo elettrico, e alle nuovissime Tesla da competizione.<\/p>\n<p>\u201cDa sempre \u2013 dichiara il presidente di Atm Giuseppe Campagna \u2013 Atm SpA \u00e8 impegnata sul tema della mobilit\u00e0 sostenibile. Dopo il successo riscosso dalla passata edizione dell\u2019E-motor show continuiamo a seguire il filone della nuova mobilit\u00e0 portando a Messina un evento unico nel suo genere. Per una mobilit\u00e0 che cambia e si evolve rimanendo sempre al fianco dei cittadini. Atm infatti &#8211; prosegue il presidente Campagna &#8211; \u00e8 l\u2019azienda con il numero pi\u00f9 alto di mezzi elettrici nel Meridione ed ingente \u00e8 stato negli ultimi anni l\u2019impegno per il rinnovamento del parco mezzi e la promozione della mobilit\u00e0 sostenibile. Per dare un ulteriore segnale per poter collegare tutte le aree interessate alla manifestazione ATM metter\u00e0 a disposizione bus elettrici di nuova generazione che con un percorso predefinito, porteranno il pubblico in tutte le location interessate. L\u2019obiettivo \u00e8 incentivare l\u2019utilizzo dei parcheggi di interscambio, permettendo di scoprire l\u2019efficacia del trasporto pubblico e di una mobilit\u00e0 diversa.\u00a0 A tale obiettivo \u2013 conclude Campagna \u2013 rispondono anche le tariffe promozionali create ad hoc per l\u2019entrata in vigore delle aree pedonali, dall\u20198 dicembre all\u20198 gennaio, che consentiranno di utilizzare i parcheggi di interscambio (Cavallotti e Villa Dante) ad una tariffa speciale di \u20ac 2.50 per l\u2019intera giornata. Si potranno anche acquistare abbonamenti trimestrali, semestrali o annuali anche per parcheggiare all\u2019interno della ZTL con un risparmio su base annuale di \u20ac400. Anche per ci\u00f2 che riguarda l\u2019abbonamento annuale al TPL per tutti i dipendenti pubblici \u00e8 prevista una riduzione di 70 euro rispetto al prezzo base con una riduzione del 30 per cento. Tutti gli abbonamenti potranno essere sottoscritti on line.\u201d<\/p>\n<p>\u201cIl Natale 2022 \u2013 ha spiegato il sindaco Federico Basile \u2013 \u00e8 un banco di prova. Questa pedonalizzazione serve a fare comprendere ai cittadini che \u00e8 possibile vivere la citt\u00e0 in maniera diversa, sostenibile anche dal punto di vista della mobilit\u00e0. La citt\u00e0 \u00e8 pronta e il cambiamento \u00e8 possibile, bisogna per\u00f2 avere la consapevolezza che si tratta di un modo diverso di vivere la mobilit\u00e0. Stiamo mettendo in campo tutti gli accorgimenti per rendere quest\u2019isola pedonale agevole, con bus navetta di collegamento con i parcheggi di interscambio che avranno tariffe agevolate e sistemi di mobilit\u00e0 alternativa. E\u2019 l\u2019inizio di un percorso che ci deve vedere protagonisti. Siamo pronti a fare un salto di qualit\u00e0.\u201d<\/p>\n<p>\u201cSi tratta di un passaggio che ha il suo fondamento in quella transizione che \u00e8 fondamento di un nuovo modo di vivere la citt\u00e0 \u2013 afferma il vicesindaco Salvatore Mondello &#8211; Stiamo cercando di mettere in campo tutta una serie di iniziative che vanno dalla programmazione alla realizzazione di infrastrutture di base ma puntiamo fortemente a quello che \u00e8 l\u2019approccio culturale, un cambio di passo nella coscienza di ogni cittadino che deve portare a nuove abitudini di utilizzo sia delle sedi viarie che, pi\u00f9 in generale, di tutti gli assetti della mobilit\u00e0.\u201d<\/p>\n<p><strong><em>Nello specifico la manifestazione prevede:<\/em><\/strong><\/p>\n<p>&#8211; <strong><em>area expo Motorsport elettrico<\/em><\/strong>: Giulia ETCR by ROMEO FERRARIS, DS E-TENSE FE due volte campione del mondo nelle stagioni 2018\/2019 e 2019\/2020, smart e-cup, TESLA RACING;<\/p>\n<p>&#8211; <strong><em>prove monopattini Lime tramite app ATM MovUp<\/em><\/strong>;<\/p>\n<p><strong><em>&#8211; area prova scooter e e-bike;<\/em><\/strong><\/p>\n<p><strong><em>&#8211; prova simulatori di guida professionali dinamici;<\/em><\/strong><\/p>\n<p>&#8211; <strong><em>expo auto storiche;<\/em><\/strong><\/p>\n<p><strong><em>&#8211; expo carrozze storiche;<\/em><\/strong><\/p>\n<p><strong><em>&#8211; expo bus atm dal bus storico agli ultramoderni elettrici;<\/em><\/strong><\/p>\n<p><strong><em>&#8211; expo auto moderne elettriche e ibride;<\/em><\/strong><\/p>\n<p><strong><em>-expo auto e moto elettriche;<\/em><\/strong><\/p>\n<p><strong><em>&#8211; area bambini;<\/em><\/strong><\/p>\n","protected":false},"excerpt":{"rendered":"<p>ALLA PRESENZA DEL SINDACO, FEDERICO BASILE, DEL VICESINDACO, SALVATORE MONDELLO, E DEL PRESIDENTE DI ATM SPA, GIUSEPPE CAMPAGNA E\u2019 STATA PRESENTATA QUESTA MATTINA IN CONFERENZA STAMPA LA MANIFESTAZIONE NEW MOBILITY<\/p>\n<div><a class=\"permalink\" href=\"https:\/\/www.radioempire.it\/index.php\/2022\/12\/06\/new-mobility-messina-messinariparte-15-18-dicembre-area-pedonale-viale-san-martino\/\">Read More&#8230;<\/a><\/div>\n","protected":false},"author":2,"featured_media":36782,"comment_status":"closed","ping_status":"closed","sticky":false,"template":"","format":"standard","meta":[],"categories":[3,36],"tags":[],"_links":{"self":[{"href":"https:\/\/www.radioempire.it\/index.php\/wp-json\/wp\/v2\/posts\/36781"}],"collection":[{"href":"https:\/\/www.radioempire.it\/index.php\/wp-json\/wp\/v2\/posts"}],"about":[{"href":"https:\/\/www.radioempire.it\/index.php\/wp-json\/wp\/v2\/types\/post"}],"author":[{"embeddable":true,"href":"https:\/\/www.radioempire.it\/index.php\/wp-json\/wp\/v2\/users\/2"}],"replies":[{"embeddable":true,"href":"https:\/\/www.radioempire.it\/index.php\/wp-json\/wp\/v2\/comments?post=36781"}],"version-history":[{"count":1,"href":"https:\/\/www.radioempire.it\/index.php\/wp-json\/wp\/v2\/posts\/36781\/revisions"}],"predecessor-version":[{"id":36783,"href":"https:\/\/www.radioempire.it\/index.php\/wp-json\/wp\/v2\/posts\/36781\/revisions\/36783"}],"wp:featuredmedia":[{"embeddable":true,"href":"https:\/\/www.radioempire.it\/index.php\/wp-json\/wp\/v2\/media\/36782"}],"wp:attachment":[{"href":"https:\/\/www.radioempire.it\/index.php\/wp-json\/wp\/v2\/media?parent=36781"}],"wp:term":[{"taxonomy":"category","embeddable":true,"href":"https:\/\/www.radioempire.it\/index.php\/wp-json\/wp\/v2\/categories?post=36781"},{"taxonomy":"post_tag","embeddable":true,"href":"https:\/\/www.radioempire.it\/index.php\/wp-json\/wp\/v2\/tags?post=36781"}],"curies":[{"name":"wp","href":"https:\/\/api.w.org\/{rel}","templated":true}]}}