{"id":36899,"date":"2022-12-11T13:32:24","date_gmt":"2022-12-11T13:32:24","guid":{"rendered":"https:\/\/www.radioempire.it\/?p=36899"},"modified":"2022-12-11T13:32:24","modified_gmt":"2022-12-11T13:32:24","slug":"via-dei-corti-2022-tutti-gli-ospiti-e-i-premiati-del-festival","status":"publish","type":"post","link":"https:\/\/www.radioempire.it\/index.php\/2022\/12\/11\/via-dei-corti-2022-tutti-gli-ospiti-e-i-premiati-del-festival\/","title":{"rendered":"Via dei Corti 2022: Tutti gli ospiti e i premiati del Festival"},"content":{"rendered":"<p>Il 16 e il 17 dicembre torna il Festival di Cinema Breve a Gravina di Catania. Appuntamenti, ospiti, proiezioni e il concorso internazionale di cortometraggi<\/p>\n<p>GRAVINA DI CATANIA \u2013 Torna il cinema alle pendici dell\u2019Etna, nel Comune di Gravina di Catania, dove il 16 e il 17 dicembre si svolger\u00e0 l\u2019ottava edizione del Festival Indipendente di Cinema Breve \u201cVia dei Corti\u201d.<br \/>\nL\u2019Auditorium Angelo Musco far\u00e0, ancora una volta, da cornice alle giornate del festival, ma non solo, anche il centro commerciale Katan\u00e9, da sempre main partner dell\u2019evento, ospiter\u00e0 due importantissimi incontri. Il tema di questa edizione \u00e8 \u201cPace\u201d come ci spiega il direttore artistico Cirino Cristaldi: \u201cla tematica non ha una correlazione specifica con i corti presentati al festival, l\u2019abbiamo scelta perch\u00e9 vogliamo lanciare un messaggio. \u00c8 una presa di posizione da parte della direzione artistica del festival, un augurio affinch\u00e9 la Pace possa tornare presto in tutto il mondo\u201d.<\/p>\n<p>Via dei Corti \u00e8 realizzato dalle associazioni Gravina Arte e No_Name, con il patrocinio del Comune di Gravina di Catania, il sindaco, Massimiliano Giammusso, entusiasta ha affermato: \u201cil compito di una buona amministrazione comunale \u00e8 anche quello di diffondere la cultura, quando poi parliamo di iniziative come questa allora possiamo dire che l\u2019obiettivo \u00e8 stato raggiunto. Questa amministrazione comunale ha sempre creduto nel festival \u201cVia dei Corti\u201d. Una kermesse cinematografica che abbiamo visto crescere e che oggi si \u00e8 affermata a livello internazionale pur mantenendo forte il legame con la sua terra, dando lustro alle eccellenze locali\u201d.<\/p>\n<p>Due giornate ricche di incontri, quelle del 16 e 17 dicembre, si comincia subito venerd\u00ec mattina con la sezione \u201cCorti Scolastici\u201d che come ogni anno conferma la forte adesione di tanti studenti, curati dal presidente del festival Marcella Messina, che ha sottolineato l\u2019importanza di questa sezione: \u201ci corti scolastici, provenienti da diverse parti dell&#8217;Italia, riprendono tematiche sociali e problematiche adolescenziali, facendo emergere i disagi e le speranze dei nostri giovani. \u00c8 proprio per cercare di aiutare i ragazzi ad affrontare al meglio la loro crescita che l&#8217;associazione Gravina Arte, da anni propone loro varie discipline, dalla danza al teatro, dalla musica allo studio delle tradizioni popolari. Saranno proprio loro, con la loro voglia di vivere e con le loro speranze di pace, ad arricchire e a dare inizio alle serate del festival\u201d.<\/p>\n<p>Il calendario degli appuntamenti poi prosegue con due incontri esclusivi nel pomeriggio di giorno 16, al Centro Commerciale Katan\u00e9 insieme ai registi Daniele Gangemi e Nino Giuffrida. Le due serate del festival saranno come sempre caratterizzate dalla proiezione dei corti finalisti provenienti da tutto il mondo e divisi in due sezioni: Animazione e Concorso Internazionale. A giudicare queste opere e anche quelle della sezione Documentari, una giuria composta da eccellenti artisti e professionisti del panorama nazionale: Antonio Catania, Rosaria Russo, Claudio Masenza, Ester Pantano, Liliana Fiorelli, Angela Curri, Davide Vigore, Roberto Carrubba, Francesco Zarzana, Salvatore Lizzio, Ruggero Sardo, Ines Manca, Alessandro Marinaro, Rosario Scuderi, Nicola Conversa, Chiara Rapisarda, Ermete Labbadia.<br \/>\nUltime, ma non per importanza, la Giuria Popolare che ogni sera potr\u00e0 essere chiamata in causa per votare le opere preferite e la Giuria dei Giovani che sar\u00e0 composta da giovani provenienti da diversi istituti scolastici dell\u2019hinterland e dai talentuosi allievi dei \u201cViagrande Studios\u201d e dall\u2019Accademia \u201cCiak si gira\u201d.<\/p>\n<p>Durante le serate si svolgeranno anche le tanto attese premiazioni speciali, che arricchiscono il programma della manifestazione: al regista Daniele Gangemi verr\u00e0 assegnato il Premio Film in Sicily per il documentario Qualcosa brucia ancora, mentre il Premio Via dei Corti al Talento Siciliano andr\u00e0 all\u2019attore Giovanni Arezzo. Anche quest\u2019anno, grazie alla collaborazione con Globus Network e il suo direttore Enzo Stroscio, sar\u00e0 consegnato il Premio Globus \u2013 Via dei Corti per la valorizzazione del territorio al cortometraggio Cuore marchiato prodotto dalla poliedrica artista Debora Scalzo. Una menzione speciale, quella per la regia, andr\u00e0 invece regista Nino Giuffrida per l\u2019opera Distretto Etneo &#8211; Argante.<br \/>\nNel corso delle serate si svolgeranno anche altre premiazioni, tra cui il Premio Cinemigrare, il Premio Armando Bonadonna alla Miglior Regia per la sezione documentari e il Premio alla Miglior Regia per la sezione Corti D\u2019Animazione, assegnato dai membri della associazione culturale Dirty Dozen.<\/p>\n<p>Di seguito tutti i finalisti delle varie sezioni e in allegato il programma del festival.<\/p>\n<p>Concorso Internazionale<br \/>\nBig, Italia, Daniele Pini<br \/>\nDiritto di voto, Italia, Gianluca Zonta<br \/>\nDon vs Lightning, Regno Unito, Big Red Button<br \/>\nIl Guerriero, Italia, Francesco e Gianmarco Latilla<br \/>\nIl viaggio di Emma, Italia, Sade Patti<br \/>\nL\u2019impianto umano, Italia, Andrea Sbarbaro<br \/>\nLe buone maniere, Italia, Valerio Vestoso<br \/>\nPorapp\u00e8, Spagna, Jesus Martinez Nota<br \/>\nReimagine, Italia, Gianluca Mangiasciutti<\/p>\n<p>Sezione Animazione<br \/>\n\u00c0 l\u2019article de l\u2019amour, Francia, Clara Duvert, Margot Chauchoy, C\u00e9dric Bagein, Laure Maitrehenry, Matt\u00e9o Martinez, Julien Cabezas<br \/>\nCromosoma X, Italia, Lucia Bulgherioni<br \/>\nDouglass, Francia, Geoffrey Amesse, Flavie Carin, Jordan Da Silva, Julien Heye<br \/>\nFetch, Nuova Zelanda, Sam Gil<br \/>\nYallah!, Francia, Nayla Nassar, Edouard Pitula, Renaud de Saint Albin, C\u00e9cile Adant, Ana\u00efs Sassatelli, Candice Behague<br \/>\nSpectrum, Italia, Franz Padula<br \/>\nThe black reCAT, Italia, Paolo Gaudio<\/p>\n<p>Sezione Documentari<br \/>\nArgonauti, Italia, Giancarmine Arena<br \/>\nCe la far\u00f2, Italia\/Francia\/Spagna, Loreto Saiz, Corentin Barrial<br \/>\nMamme volanti, Italia, Paolo Fossati, Giulio Tonincelli<br \/>\nSbagliando s\u2019inventa, Italia, Alice Sagrati<\/p>\n<p>Sezione Corti Scolastici<br \/>\nMoncada, Italia, Liceo Artistico Angelo Musco, Catania<br \/>\nMama, Italia, IIS Algeri Marino, Chieti<br \/>\nJoy, Italia, I.C. Dusmet Doria, Catania<br \/>\nVengo da lontano, Italia, Liceo Concetto Marchesi, Mascalucia (CT)<br \/>\nVincenzo Bellini: il cigno di Catania, Italia, Liceo Artistico Angelo Musco, Catania<br \/>\nIn un mondo di lupi, Italia, I.C. Sarnelli &#8211; De Donato &#8211; Rodari, Bari<br \/>\nMaledetto Pinocchio, Italia, Scuola Primaria A. Moro &#8211; I.C. Margaritone, Arezzo<br \/>\nAlice nella DAD delle meraviglie, Italia, Scuola Primaria A. Moro &#8211; I.C. Margaritone, Arezzo<br \/>\nRicordando la commedia, Italia, Liceo Scientifico Statale L.B. Aliberti, Minturno (LT)<br \/>\nAladdin, Italia, I.C. Giovanni Paolo II, Gravina di Catania (CT)<br \/>\nHorrible, Italia, I.C. Giuseppe Tomasi di Lampedusa, Gravina di Catania (CT)<br \/>\nStoria di corpi, Italia, Liceo classico Europeo del Convitto Nazionale Mario Cutelli &#8211; Catania<\/p>\n","protected":false},"excerpt":{"rendered":"<p>Il 16 e il 17 dicembre torna il Festival di Cinema Breve a Gravina di Catania. Appuntamenti, ospiti, proiezioni e il concorso internazionale di cortometraggi GRAVINA DI CATANIA \u2013 Torna<\/p>\n<div><a class=\"permalink\" href=\"https:\/\/www.radioempire.it\/index.php\/2022\/12\/11\/via-dei-corti-2022-tutti-gli-ospiti-e-i-premiati-del-festival\/\">Read More&#8230;<\/a><\/div>\n","protected":false},"author":2,"featured_media":36900,"comment_status":"closed","ping_status":"closed","sticky":false,"template":"","format":"standard","meta":[],"categories":[3,36],"tags":[],"_links":{"self":[{"href":"https:\/\/www.radioempire.it\/index.php\/wp-json\/wp\/v2\/posts\/36899"}],"collection":[{"href":"https:\/\/www.radioempire.it\/index.php\/wp-json\/wp\/v2\/posts"}],"about":[{"href":"https:\/\/www.radioempire.it\/index.php\/wp-json\/wp\/v2\/types\/post"}],"author":[{"embeddable":true,"href":"https:\/\/www.radioempire.it\/index.php\/wp-json\/wp\/v2\/users\/2"}],"replies":[{"embeddable":true,"href":"https:\/\/www.radioempire.it\/index.php\/wp-json\/wp\/v2\/comments?post=36899"}],"version-history":[{"count":1,"href":"https:\/\/www.radioempire.it\/index.php\/wp-json\/wp\/v2\/posts\/36899\/revisions"}],"predecessor-version":[{"id":36901,"href":"https:\/\/www.radioempire.it\/index.php\/wp-json\/wp\/v2\/posts\/36899\/revisions\/36901"}],"wp:featuredmedia":[{"embeddable":true,"href":"https:\/\/www.radioempire.it\/index.php\/wp-json\/wp\/v2\/media\/36900"}],"wp:attachment":[{"href":"https:\/\/www.radioempire.it\/index.php\/wp-json\/wp\/v2\/media?parent=36899"}],"wp:term":[{"taxonomy":"category","embeddable":true,"href":"https:\/\/www.radioempire.it\/index.php\/wp-json\/wp\/v2\/categories?post=36899"},{"taxonomy":"post_tag","embeddable":true,"href":"https:\/\/www.radioempire.it\/index.php\/wp-json\/wp\/v2\/tags?post=36899"}],"curies":[{"name":"wp","href":"https:\/\/api.w.org\/{rel}","templated":true}]}}