{"id":38603,"date":"2023-02-23T20:54:52","date_gmt":"2023-02-23T20:54:52","guid":{"rendered":"https:\/\/www.radioempire.it\/?p=38603"},"modified":"2023-02-23T20:54:52","modified_gmt":"2023-02-23T20:54:52","slug":"gran-gala-a-taormina-per-il-motorismo-siciliano","status":"publish","type":"post","link":"https:\/\/www.radioempire.it\/index.php\/2023\/02\/23\/gran-gala-a-taormina-per-il-motorismo-siciliano\/","title":{"rendered":"GRAN GAL\u00c0 A TAORMINA PER IL MOTORISMO SICILIANO"},"content":{"rendered":"<p><strong>Si \u00e8 svolta al Palazzo dei Congressi,la premiazione dei Campioni Siciliani di tutte le specialit\u00e0 motoristiche.<\/strong><br \/>\nOrganizzata dalla delegazione Regionale Aci Sport,con a capo Daniele Settimo,la cerimonia \u00e8 stata successone,per i nomi illustri presenti.<br \/>\nIl Presidente del Coni,avv.Giovanni Malago&#8217;,il presidente dell&#8217;Aci Italia Avv.Angelo Sticchi Damiani,il pilota di F.1 e del Wec (Ferrari) Antonio Giovinazzi,il Capo della divisione Corse Ferrari, Antonello Coletta,l&#8217;ex capo Hyundai nel Mondiale Rally,l&#8217;ing.Andrea Adamo e tanti altri,i quali nei loro interventi hanno sottolineato il legame che li lega alla nostra Storia Motoristica.<br \/>\nCollegamento esterno col Ceo F.1 ,l&#8217;ex Ferrarista, Stefano Domenicali e con la speranza Regionale\/Italiana il giovane Gabriele Mini&#8217;.<br \/>\nMentre all&#8217;esterno del Teatro,facevano bella mostra la Hyundai i30 e la Citroen C3 del Mondiale Rally,sul palco Taorminesi, agghindato da fare invidia al festival di Sanremo,si sono svolte le premiazioni che hanno assegnato il volante d&#8217;oro al palermitano Angelo Lombardo, vincitore del Campionato Italiano Rally Autostoriche,il volante d&#8217;argento al pilota siracusano Luigi Fazzino,under Tricolore nella Velocit\u00e0 Montagna ed il volante di bronzo,al catanese Michele Puglisi, vincitore dell&#8217;italiano slalom.<br \/>\n&#8220;Pilota dell&#8217;anno&#8221; per il messinese Alessandro Casella,che navigato da Rosario Siracusano hanno vinto il Campionato Italiano Rally Junior.<br \/>\n<img loading=\"lazy\" class=\"size-medium wp-image-38605 alignleft\" src=\"https:\/\/www.radioempire.it\/wp-content\/uploads\/2023\/02\/palacongressi-12-225x300.jpg\" alt=\"\" width=\"225\" height=\"300\" srcset=\"https:\/\/www.radioempire.it\/wp-content\/uploads\/2023\/02\/palacongressi-12-225x300.jpg 225w, https:\/\/www.radioempire.it\/wp-content\/uploads\/2023\/02\/palacongressi-12-768x1024.jpg 768w, https:\/\/www.radioempire.it\/wp-content\/uploads\/2023\/02\/palacongressi-12-1152x1536.jpg 1152w, https:\/\/www.radioempire.it\/wp-content\/uploads\/2023\/02\/palacongressi-12.jpg 1500w\" sizes=\"(max-width: 225px) 100vw, 225px\" \/>Premi e riconoscimenti per tanti piloti di tutte le specialit\u00e0 ed anche per le varie Associazioni e per le Scuderie, nonch\u00e9 per i giornalisti di varie testate Nazionali e Regionali che hanno divulgato e divulgano ,storia ed immagini del Motorismo Siciliano.<br \/>\nPremi Speciali con i Trofei Vaccarella e Mule&#8217;,con la presenza dei rispettivi figli,ad onorare personaggi che hanno fatto Storia.<br \/>\nDal kart,alla regolarit\u00e0,alle Autostoriche,alle Bicilindriche,una marea di coppe e trofei per tanti piloti,per una lunga serata,ripresa dalle telecamere di Aci Sport Tv e condotta in modo esemplare e professionale dall&#8217;esperto Rosario Giordano.<br \/>\nA fronte delle circa 500 presenze in sala,gli onori di casa sono stati fatti dal sindaco di Taormina ,Bolognari e dal presidente dell&#8217;AC.Messina,che proprio quest&#8217;anno festeggia i 100 anni,l&#8217;ing Massimo Rinaldi.<br \/>\nIn un tourbillon di salite e discese dal palco per i premiati,da rilevare la presenza del pilota santa teresino Andrea Nucita,che punta quest&#8217;anno all&#8217; Erc,e del principe Enrico Grimaldi, sempre legato all&#8217;automobilismo catanese, nonch\u00e9 del giovane Alfio Spina presenza fissa in pista nel Campionato Italiano di F.4,come a dire passato e presente di una passione che si rinnova.<br \/>\nUn evento sublime nella citt\u00e0 del Centauro,che ha chiuso definitivamente il 2022,ed ha aperto la strada per un magico e speranzoso 2023,ormai prossimo agonisticamente parlando,per tutti.<\/p>\n<p><strong>Vincenzo Sacc\u00e0<\/strong><\/p>\n","protected":false},"excerpt":{"rendered":"<p>Si \u00e8 svolta al Palazzo dei Congressi,la premiazione dei Campioni Siciliani di tutte le specialit\u00e0 motoristiche. Organizzata dalla delegazione Regionale Aci Sport,con a capo Daniele Settimo,la cerimonia \u00e8 stata successone,per<\/p>\n<div><a class=\"permalink\" href=\"https:\/\/www.radioempire.it\/index.php\/2023\/02\/23\/gran-gala-a-taormina-per-il-motorismo-siciliano\/\">Read More&#8230;<\/a><\/div>\n","protected":false},"author":2,"featured_media":38604,"comment_status":"closed","ping_status":"closed","sticky":false,"template":"","format":"standard","meta":[],"categories":[36,78],"tags":[],"_links":{"self":[{"href":"https:\/\/www.radioempire.it\/index.php\/wp-json\/wp\/v2\/posts\/38603"}],"collection":[{"href":"https:\/\/www.radioempire.it\/index.php\/wp-json\/wp\/v2\/posts"}],"about":[{"href":"https:\/\/www.radioempire.it\/index.php\/wp-json\/wp\/v2\/types\/post"}],"author":[{"embeddable":true,"href":"https:\/\/www.radioempire.it\/index.php\/wp-json\/wp\/v2\/users\/2"}],"replies":[{"embeddable":true,"href":"https:\/\/www.radioempire.it\/index.php\/wp-json\/wp\/v2\/comments?post=38603"}],"version-history":[{"count":1,"href":"https:\/\/www.radioempire.it\/index.php\/wp-json\/wp\/v2\/posts\/38603\/revisions"}],"predecessor-version":[{"id":38606,"href":"https:\/\/www.radioempire.it\/index.php\/wp-json\/wp\/v2\/posts\/38603\/revisions\/38606"}],"wp:featuredmedia":[{"embeddable":true,"href":"https:\/\/www.radioempire.it\/index.php\/wp-json\/wp\/v2\/media\/38604"}],"wp:attachment":[{"href":"https:\/\/www.radioempire.it\/index.php\/wp-json\/wp\/v2\/media?parent=38603"}],"wp:term":[{"taxonomy":"category","embeddable":true,"href":"https:\/\/www.radioempire.it\/index.php\/wp-json\/wp\/v2\/categories?post=38603"},{"taxonomy":"post_tag","embeddable":true,"href":"https:\/\/www.radioempire.it\/index.php\/wp-json\/wp\/v2\/tags?post=38603"}],"curies":[{"name":"wp","href":"https:\/\/api.w.org\/{rel}","templated":true}]}}