{"id":38622,"date":"2023-02-24T14:52:22","date_gmt":"2023-02-24T14:52:22","guid":{"rendered":"https:\/\/www.radioempire.it\/?p=38622"},"modified":"2023-02-24T14:52:45","modified_gmt":"2023-02-24T14:52:45","slug":"sabu-alaimo-a-partire-da-oggi-e-in-rotazione-radiofonica-caffetterie-e-call-center-singolo-estratto-dal-nuovo-album-di-inediti-star-della-provincia-online-an","status":"publish","type":"post","link":"https:\/\/www.radioempire.it\/index.php\/2023\/02\/24\/sabu-alaimo-a-partire-da-oggi-e-in-rotazione-radiofonica-caffetterie-e-call-center-singolo-estratto-dal-nuovo-album-di-inediti-star-della-provincia-online-an\/","title":{"rendered":"SAB\u00d9 ALAIMO.A partire da oggi \u00e8 in rotazione radiofonica  \u201cCaffetterie e call center\u201d,  singolo estratto dal nuovo album di inediti,  \u201cStar della provincia\u201d.  Online anche il videoclip."},"content":{"rendered":"<p>A partire da oggi \u00e8 in rotazione radiofonica<strong><em>\u201cCaffetterie e call center\u201d<\/em><\/strong>(distribuito BelieveDigital), singolodel<strong> cantautore siciliano SAB\u00d9 ALAIMO<\/strong>, estratto dal nuovo album di inediti, <strong><em>\u201cStar della Provincia\u201d<\/em><\/strong><a href=\"https:\/\/open.spotify.com\/album\/0trI41FFHoiQbPX93Kl3uI?si=0ja1aS0TRA29a28m9sFCfA\">(ascolta album)<\/a>.Online anche il <strong>videoclip. <\/strong><\/p>\n<p><a href=\"https:\/\/youtu.be\/Qm1kOuiTbJw\"><strong>GUARDA VIDEOCLIP<\/strong><\/a><\/p>\n<p><strong>\u201cCaffetterie e call center\u201d<\/strong> parla della storia di una giovane barista di periferia<em>: \u201cattraverso questa storiaho voluto mostrare uno spaccato sociale sul lavoro, sulla vita e l\u2019amore dei trentenni di oggi. <\/em><\/p>\n<p><em>Fare la barista \u00e8 un lavoro dignitosissimo, ma non \u00e8 quello che la protagonista avevo immaginato dopo aver conseguito la laurea. Ed ecco che, tra un caff\u00e8 e l\u2019altro, la giovane barista immagina un piano b rispetto i sogni di un tempo\u201d.<\/em> Il sound della canzone \u00e8 quasi completamente chitarra e voce, questo la rende la pi\u00f9 intimista dell\u2019album \u201cStar della provincia\u201d.<\/p>\n<p>Il videoclip \u00e8 un piano-sequenza girato in un bar adiacente alla spiaggia di Isola delle femmine (Palermo), splendida location estiva palermitana, molto affascinante soprattutto in inverno. Il paesaggio diventa la cornice perfetta per la storia di \u201cCaffetteria e Call Center\u201d. Sab\u00f9 Alaimo, autore anche del videoclip, pone l\u2019accento sulla disillusione della protagonista del video, che cerca di immaginare un futuro diverso rispetto quello prospettato; il mare dell\u2019inverno siciliano sembra trovare le giuste risposte alle mille domande di Martina Mur\u00e8, la giovane attrice interprete del videoclip.<\/p>\n<p>Il singolo \u00e8 stato prodotto da <strong>Leo Curiale<\/strong> e da <strong>Sab\u00f9 Alaimo<\/strong>, mentre il mix del brano \u00e8 stato firmato da Leo Curiale e il mastering \u00e8 di <strong>Giovanni Versari<\/strong>, gi\u00e0 sound engineer, tra gli altri, dei Muse.<\/p>\n<p><strong>Il disco<\/strong><strong>\u00a0<\/strong><strong><em>\u201c<\/em><\/strong><strong><em>Star<\/em><\/strong><strong><em>\u00a0<\/em><\/strong><strong><em>della Provincia\u201d,<\/em><\/strong><strong><em>\u00a0<\/em><\/strong><strong>anticipato anche dai singoli<em>\u201cLa Giostra\u201d <\/em>(<\/strong><a href=\"https:\/\/www.youtube.com\/watch?v=vQgwfG6jyoI\"><strong>GUARDA VIDEOCLIP<\/strong><\/a><strong>)<em>,\u201cCattiva Strada\u201d<\/em><\/strong><strong><em>\u00a0<\/em><\/strong><strong>(accompagnato dal videoclip girato nel cuore dello Sperone, quartiere popolare di Palermo<\/strong><strong>\u00a0<\/strong><a href=\"https:\/\/www.youtube.com\/watch?v=iqizFP6_97U\"><strong>GUARDA VIDEOCLIP<\/strong><\/a><strong>)<\/strong><strong>\u00a0<\/strong><strong><em>e \u201cDiciott\u2019anni\u201d<\/em><\/strong><strong><em>\u00a0<\/em><\/strong>(Believe Digital \u2013\u00a0<a href=\"https:\/\/bfan.link\/diciott-anni\">ascolta brano<\/a><u>)<\/u><strong>\u00a0<\/strong>scorre come una pellicola d\u2019altri tempi, \u00e8 un disco che prende ispirazione dai luoghi e dalla \u2018straordinaria\u2019 normalit\u00e0 dei personaggi che abitano la provincia italiana. I<strong>l cantautore racconta il peso e la bellezza di una presunta marginalit\u00e0, che nelle sue canzoni si trasforma in centro e chiave di lettura del nostro tempo.<\/strong><strong>\u00a0<\/strong><\/p>\n<p><img loading=\"lazy\" class=\"size-medium wp-image-38624 alignleft\" src=\"https:\/\/www.radioempire.it\/wp-content\/uploads\/2023\/02\/Sabu-Alaimo-foto2-247x300.jpg\" alt=\"\" width=\"247\" height=\"300\" srcset=\"https:\/\/www.radioempire.it\/wp-content\/uploads\/2023\/02\/Sabu-Alaimo-foto2-247x300.jpg 247w, https:\/\/www.radioempire.it\/wp-content\/uploads\/2023\/02\/Sabu-Alaimo-foto2-842x1024.jpg 842w, https:\/\/www.radioempire.it\/wp-content\/uploads\/2023\/02\/Sabu-Alaimo-foto2-768x934.jpg 768w, https:\/\/www.radioempire.it\/wp-content\/uploads\/2023\/02\/Sabu-Alaimo-foto2.jpg 1200w\" sizes=\"(max-width: 247px) 100vw, 247px\" \/>Salvatore Alaimo, in arte\u00a0<strong>Sab\u00f9 Alaimo<\/strong>, frequenta il Brass Group di Palermo (rinomata scuola musicale) e integra allo studio incontri formativi con autori influenti nella scena nazionale. Comincia a muovere i primi passi tra varie band cittadine interpretando il rock italiano. Partecipa a diverse manifestazioni musicali, tra cui il\u00a0<strong>Premio della musica italiana di\u00a0<em>Radio Italia<\/em><\/strong>. Dopo varie esperienze come autore, nel 2008, con la supervisione artistica di Riccardo Piparo (TI.PI.CAL), produce (assieme la band \u201cSab\u00f9 e La Vigilia\u201d) l\u2019album\u00a0<strong>\u201cSchemi\u201d<\/strong>. \u201cCosa Resta\u201d, primo singolo dell\u2019album, viene trasmesso in diverse radio locali e nazionali, questo permette al quartetto di intraprende un tour in giro per la Sicilia. Nel 2009, la band, con il brano \u201cMeglio di Cos\u00ec\u201d, entra a far parte della compilation (prodotta da Edel)\u00a0<strong>&#8220;Sanremo Web&#8221;<\/strong>, dove vengono raccolte le migliori canzoni dell\u2019omonimo concorso indetto dall\u2019organizzazione del Festival di Sanremo. Nel 2010 la band \u00e8 ospite in una tappa di RTL (MTV). Nel 2011 Sab\u00f9 collabora alla scrittura del brano \u201cL\u2019illusione\u201d che vince il\u00a0<strong>premio R.E.A.Radio e televisioni associate<\/strong>.Nel2013 il progetto da band si trasforma in solista e viene pubblicato l\u2019album \u201c<strong><em>Logica Egoistica\u201d<\/em><\/strong>\u00a0del quale segue il relativo tour.\u00a0Nel 2014 realizza un nuovo singolo con la produzione artistica di Stefano Clessi (Eclectic Music) dal titolo\u00a0<strong>\u201cPetrolio\u201d,<\/strong>\u00a0con il quale Sab\u00f9 arriva tra i\u00a0<strong>60 finalisti di Sanremo nuove proposte 2014<\/strong>. Nell\u2019inverno dello stesso anno apre alcuni concerti di\u00a0<strong>Luca Carboni<\/strong>. Il 23 giugno 2017 pubblica un singolo per il web dal titolo \u201cStiamo Dormendo\u201d da cui segue un tour estivo. Nel giugno dello stesso anno \u00e8 tra i 18 autori nazionali (unico siciliano) selezionati da Sony\/Atv, uno stage formativo (in occasione di Medimex 2017 Bari) che riunisce autori, artisti e produttori, tra i presenti Lorenzo Fragola, Samuel (Subsonica), Colapesce, Giorgio Poi, Giuseppe Anastasi, Gianni Pollex, Danti e altri. Il 27 novembre dello stesso anno esce il nuovo album\u00a0<strong>\u201cGenerazione Digitale\u201d<\/strong>, il primo singolo estratto dall&#8217;album \u00e8 &#8220;Il Viaggio&#8221;. Nella primavera del 2018 \u00e8 tra i finalisti (con il singolo \u201cStiamo Dormendo) di\u00a0<strong>\u201c1 MaggioNext\u201d<\/strong>, concorso che d\u00e0 accesso all\u2019esibizione del concerto del Primo Maggio in piazza San Giovanni a Roma. Il 6 luglio 2018 esce il singolo (estratto dallo stesso album) \u201cSicilia Innocente\u201d, nel videoclip del brano partecipano gli attori Salvo Piparo e Ester Vinci. Nel 2019 escono i videoclip\u00a0<strong><em>\u201cSogni Multimediali\u201d<\/em><\/strong>(<a href=\"https:\/\/www.youtube.com\/watch?v=ZUZDypzTMUI\"><strong>guarda video<\/strong><\/a>) e\u00a0<strong><em>\u201cSgomito\u201d<\/em>(<\/strong><a href=\"https:\/\/www.youtube.com\/watch?v=PjgZY7dkx7g\"><strong>guarda video<\/strong><\/a>),\u00a0brani contenuti nell\u2019album \u201cGenerazione Digitale\u201d. L\u2019estate del 2019 \u00e8 in tour in giro per la Sicilia dividendo il palco con Bianca Atzei e Frend De Palma. Il 15 maggio esce il singolo\u00a0<strong>\u201cStar\u00a0della provincia\u201d<\/strong>, canzone che da una nuova veste al cantautore e che delinea il percorso artistico per la scrittura di un nuovo album di inediti. Nel 2021 esce il singolo\u00a0<strong>\u201cLa giostra\u201d (<\/strong><a href=\"https:\/\/www.youtube.com\/watch?v=vQgwfG6jyoI\"><strong>guarda video<\/strong><\/a>) che vince il contest indetto da Telesia tv, permettendo al cantautore siciliano di essere\u00a0\u00a0 trasmesso nei monitor dei principali aeroporti e metropolitane italiane (Roma, Milano, Napoli, Palermo e altri), inoltre il brano viene programmate in molte radio locali e nazionali tra le quali Radio Rai 1. Nel 2022 esce il disco <strong><em>\u201cStar della provincia\u201d.<\/em><\/strong><\/p>\n","protected":false},"excerpt":{"rendered":"<p>A partire da oggi \u00e8 in rotazione radiofonica\u201cCaffetterie e call center\u201d(distribuito BelieveDigital), singolodel cantautore siciliano SAB\u00d9 ALAIMO, estratto dal nuovo album di inediti, \u201cStar della Provincia\u201d(ascolta album).Online anche il videoclip.<\/p>\n<div><a class=\"permalink\" href=\"https:\/\/www.radioempire.it\/index.php\/2023\/02\/24\/sabu-alaimo-a-partire-da-oggi-e-in-rotazione-radiofonica-caffetterie-e-call-center-singolo-estratto-dal-nuovo-album-di-inediti-star-della-provincia-online-an\/\">Read More&#8230;<\/a><\/div>\n","protected":false},"author":2,"featured_media":38625,"comment_status":"closed","ping_status":"closed","sticky":false,"template":"","format":"standard","meta":[],"categories":[3,36],"tags":[],"_links":{"self":[{"href":"https:\/\/www.radioempire.it\/index.php\/wp-json\/wp\/v2\/posts\/38622"}],"collection":[{"href":"https:\/\/www.radioempire.it\/index.php\/wp-json\/wp\/v2\/posts"}],"about":[{"href":"https:\/\/www.radioempire.it\/index.php\/wp-json\/wp\/v2\/types\/post"}],"author":[{"embeddable":true,"href":"https:\/\/www.radioempire.it\/index.php\/wp-json\/wp\/v2\/users\/2"}],"replies":[{"embeddable":true,"href":"https:\/\/www.radioempire.it\/index.php\/wp-json\/wp\/v2\/comments?post=38622"}],"version-history":[{"count":1,"href":"https:\/\/www.radioempire.it\/index.php\/wp-json\/wp\/v2\/posts\/38622\/revisions"}],"predecessor-version":[{"id":38626,"href":"https:\/\/www.radioempire.it\/index.php\/wp-json\/wp\/v2\/posts\/38622\/revisions\/38626"}],"wp:featuredmedia":[{"embeddable":true,"href":"https:\/\/www.radioempire.it\/index.php\/wp-json\/wp\/v2\/media\/38625"}],"wp:attachment":[{"href":"https:\/\/www.radioempire.it\/index.php\/wp-json\/wp\/v2\/media?parent=38622"}],"wp:term":[{"taxonomy":"category","embeddable":true,"href":"https:\/\/www.radioempire.it\/index.php\/wp-json\/wp\/v2\/categories?post=38622"},{"taxonomy":"post_tag","embeddable":true,"href":"https:\/\/www.radioempire.it\/index.php\/wp-json\/wp\/v2\/tags?post=38622"}],"curies":[{"name":"wp","href":"https:\/\/api.w.org\/{rel}","templated":true}]}}