{"id":38808,"date":"2023-03-06T12:26:18","date_gmt":"2023-03-06T12:26:18","guid":{"rendered":"https:\/\/www.radioempire.it\/?p=38808"},"modified":"2023-03-06T12:26:18","modified_gmt":"2023-03-06T12:26:18","slug":"1-trofeo-delletna-vittoria-di-lucio-naselli-a-catania-premiati-dallautomobile-club-i-migliori-piloti-e-team-sportivi","status":"publish","type":"post","link":"https:\/\/www.radioempire.it\/index.php\/2023\/03\/06\/1-trofeo-delletna-vittoria-di-lucio-naselli-a-catania-premiati-dallautomobile-club-i-migliori-piloti-e-team-sportivi\/","title":{"rendered":"1\u00b0 Trofeo dell\u2019Etna, vittoria di Lucio Naselli. A Catania premiati dall\u2019Automobile Club i migliori piloti e team sportivi. \u00a0"},"content":{"rendered":"<p class=\"x_x_x_x_x_MsoNoSpacing\"><span class=\"x_x_x_x_x_ContentPasted0\">\u00c8 il centuripino Lucio Naselli della Scuderia Catania Corse ad aggiudicarsi la prima edizione del Trofeo dell\u2019Etna, che premia i piloti e i team sportivi protagonisti del trittico di Cronoscalate dell\u2019Etna: la Cronoscalata Giarre \u2013 Montesalice \u2013 Milo, la Cronoscalata Catania \u2013 Etna e la Cronoscalata Linguaglossa \u2013 Piano Provenzano. \u201cSono contentissimo e ringrazio tutto il mio team, la mia famiglia, la mia ragazza, il mio sponsor e la mia Scuderia, Catania Corse, che mi supportano e mi permettono di partecipare a tutte le gare \u2013 ha detto un emozionato Lucio Naselli &#8211; Il prossimo impegno sar\u00e0 la Linguaglossa \u2013 Piano Provenzano ad aprile. Speriamo di iniziare bene come l\u2019anno scorso\u201d. Secondo e terzo piazzamento per altri due piloti della Scuderia Catania Corse, Daniele Leonardi e Pietro Ragusa. Ieri mattina all\u2019Hotel Nettuno di Catania si \u00e8 svolta la cerimonia di premiazione, organizzata dall\u2019Automobile Club di Catania e dall\u2019Automobile Club di Acireale, rappresentate rispettivamente dal presidente Maurizio Magnano di San Lio e dal vicepresidente Giuseppe Trovato. \u201cUna bella mattinata di festa per l\u2019automobilismo della provincia di Catania \u2013 ha detto Magnano di San Lio \u2013 L\u2019Automobile Club di Catania \u00e8 sempre sensibile a questo tipo di attivit\u00e0 sportivo. Siamo prossimi all\u2019organizzazione dei 100 anni di quella che \u00e8 il nostro <img loading=\"lazy\" class=\"size-medium wp-image-38810 alignleft\" src=\"https:\/\/www.radioempire.it\/wp-content\/uploads\/2023\/03\/Premiazione-I-Trofeo-dellEtna-300x243.jpg\" alt=\"\" width=\"300\" height=\"243\" srcset=\"https:\/\/www.radioempire.it\/wp-content\/uploads\/2023\/03\/Premiazione-I-Trofeo-dellEtna-300x243.jpg 300w, https:\/\/www.radioempire.it\/wp-content\/uploads\/2023\/03\/Premiazione-I-Trofeo-dellEtna-768x621.jpg 768w, https:\/\/www.radioempire.it\/wp-content\/uploads\/2023\/03\/Premiazione-I-Trofeo-dellEtna.jpg 1024w\" sizes=\"(max-width: 300px) 100vw, 300px\" \/>fiore all\u2019occhiello, la Catania \u2013 Etna. Oggi chieder\u00f2 lo sforzo di tutti proprio per far s\u00ec che si abbia da parte di tutto l\u2019Automobile Club di Catania e da parte di tutti gli automobilisti sportivi catanesi il giusto riconoscimento \u2013 conclude &#8211; per una competizione storica dell\u2019automobilismo siciliano e non solo\u201d. Al Trofeo dell\u2019Etna, che comprende alcune tra le gare pi\u00f9 suggestive del circuito etneo, sono ammessi gli sportivi che prendono parte ad almeno due delle tre gare previste. \u201cIl Trofeo dell\u2019Etna nasce da un\u2019idea del gruppo operativo che organizza la Cronoscalata Giarre \u2013 Montesalice \u2013 Milo, la Cronoscalata Catania \u2013 Etna e la Cronoscalata Linguaglossa \u2013 Piano Provenzano \u2013 ha spiegato Giuseppe Trovato \u2013 Volevamo fare una sintesi e raggiungere un duplice obiettivo: valorizzare tutto il mondo dell\u2019automobilismo della provincia di Catania, ma anche l\u2019intero territorio etneo che ha storicamente una vocazione di motorismo attivo\u201d. Ieri mattina erano presenti, oltre agli sportivi, il sindaco di Nicolosi, Angelo Pulvirenti, il delegato Ac Sport Sicilia, Daniele Settimo, e i delegati Ac di Catania e di Acireale, Roberto Zappulla e Paolo Curr\u00f2. \u201cSono veramente felice di questa bellissima iniziativa e di questa unione tra Ac Catania e Acireale \u2013 ha detto Daniele Settimo &#8211; perch\u00e9 ho sempre detto che da soli non si va da nessuna parte. La Sicilia occupa un ruolo importante a livello nazionale sia per numero di gare che per numero di tesserati all\u2019Ac Sport. Siamo tra le prime regioni d\u2019Italia e questo per me \u00e8 motivo di orgoglio. Abbiamo solo una gara che non ha una titolazione, la Catania Etna e tutti abbiamo l\u2019obbligo e il dovere di collaborare affinch\u00e9 torni ad occupare il posto che aveva. La Catania Etna, la ricordo da bambino, portava migliaia e migliaia di appassionati su quel percorso. Spero che dal prossimo anno \u2013 ha concluso il delegato Ac Sport Sicilia &#8211; con l\u2019impegno di tutti, torni al vertice nazionale\u201d. Premiati anche i piloti che si sono distinti negli assoluti di specialit\u00e0: velocit\u00e0 circuito, velocit\u00e0 salita, auto storiche salita\/rally e slalom. <\/span><span class=\"x_x_x_x_x_ContentPasted0\">\u00a0<\/span><span class=\"x_x_x_x_x_ContentPasted0\">Altre due targhe, infine, sono state consegnate al campione italiano Tvm Sud, Orazio Maccarrone e al campione italiano assoluto di slalom, Michele Puglisi, entrambi della Scuderia Giarre Corse. <\/span><span class=\"x_x_x_x_x_ContentPasted0\">\u00a0<\/span><\/p>\n<p class=\"x_x_x_x_x_MsoNormal x_x_x_x_x_elementToProof\"><span class=\"x_x_x_x_x_ContentPasted0\">U.S. Maria Bella<\/span><\/p>\n<p class=\"x_x_x_x_x_MsoNormal x_x_x_x_x_elementToProof\"><span class=\"x_x_x_x_x_ContentPasted0\">3284176181<\/span><\/p>\n","protected":false},"excerpt":{"rendered":"<p>\u00c8 il centuripino Lucio Naselli della Scuderia Catania Corse ad aggiudicarsi la prima edizione del Trofeo dell\u2019Etna, che premia i piloti e i team sportivi protagonisti del trittico di Cronoscalate<\/p>\n<div><a class=\"permalink\" href=\"https:\/\/www.radioempire.it\/index.php\/2023\/03\/06\/1-trofeo-delletna-vittoria-di-lucio-naselli-a-catania-premiati-dallautomobile-club-i-migliori-piloti-e-team-sportivi\/\">Read More&#8230;<\/a><\/div>\n","protected":false},"author":2,"featured_media":38809,"comment_status":"closed","ping_status":"closed","sticky":false,"template":"","format":"standard","meta":[],"categories":[3,36],"tags":[],"_links":{"self":[{"href":"https:\/\/www.radioempire.it\/index.php\/wp-json\/wp\/v2\/posts\/38808"}],"collection":[{"href":"https:\/\/www.radioempire.it\/index.php\/wp-json\/wp\/v2\/posts"}],"about":[{"href":"https:\/\/www.radioempire.it\/index.php\/wp-json\/wp\/v2\/types\/post"}],"author":[{"embeddable":true,"href":"https:\/\/www.radioempire.it\/index.php\/wp-json\/wp\/v2\/users\/2"}],"replies":[{"embeddable":true,"href":"https:\/\/www.radioempire.it\/index.php\/wp-json\/wp\/v2\/comments?post=38808"}],"version-history":[{"count":1,"href":"https:\/\/www.radioempire.it\/index.php\/wp-json\/wp\/v2\/posts\/38808\/revisions"}],"predecessor-version":[{"id":38811,"href":"https:\/\/www.radioempire.it\/index.php\/wp-json\/wp\/v2\/posts\/38808\/revisions\/38811"}],"wp:featuredmedia":[{"embeddable":true,"href":"https:\/\/www.radioempire.it\/index.php\/wp-json\/wp\/v2\/media\/38809"}],"wp:attachment":[{"href":"https:\/\/www.radioempire.it\/index.php\/wp-json\/wp\/v2\/media?parent=38808"}],"wp:term":[{"taxonomy":"category","embeddable":true,"href":"https:\/\/www.radioempire.it\/index.php\/wp-json\/wp\/v2\/categories?post=38808"},{"taxonomy":"post_tag","embeddable":true,"href":"https:\/\/www.radioempire.it\/index.php\/wp-json\/wp\/v2\/tags?post=38808"}],"curies":[{"name":"wp","href":"https:\/\/api.w.org\/{rel}","templated":true}]}}