{"id":39071,"date":"2023-03-16T08:29:37","date_gmt":"2023-03-16T08:29:37","guid":{"rendered":"https:\/\/www.radioempire.it\/?p=39071"},"modified":"2023-03-16T08:33:04","modified_gmt":"2023-03-16T08:33:04","slug":"teatral-mente-al-mandanici-di-barcellona-p-g-un-cartellone-di-teatro-e-musica-con-tante-stelle","status":"publish","type":"post","link":"https:\/\/www.radioempire.it\/index.php\/2023\/03\/16\/teatral-mente-al-mandanici-di-barcellona-p-g-un-cartellone-di-teatro-e-musica-con-tante-stelle\/","title":{"rendered":"TEATRAL- MENTE: AL MANDANICI DI BARCELLONA P.G UN CARTELLONE DI TEATRO E MUSICA CON TANTE STELLE."},"content":{"rendered":"<p><strong>Enzo Jacchetti, Patty Pravo, Francesco Paolantoni, Vittoria Belvedere, Simoni Cristicchi<\/strong> sono solo alcuni dei grandi nomi di <strong>Teatral-mente<\/strong> la rassegna promossa dalla <strong>Ri.Ca.Eventi<\/strong> che da gennaio a maggio presenter\u00e0 al <strong>Teatro Mandanici di Barcellona Pozzo di Gotto<\/strong> sei eventi tutti di primissimo piano.<\/p>\n<p><strong>Gioved\u00ec 23 marzo \u201cO\u2026tello O\u2026io\u201d<\/strong> con <strong>Francesco Paolantoni<\/strong> una commedia dal ritmo veloce con una compagnia sempre in scena alle prese con mille ironiche disavventure.<\/p>\n<p><strong>Sabato 15 aprile \u201cESODO\u201d<\/strong> Racconto per voce, parole ed immagini di e con <strong>SIMONE CRISTICCHI<\/strong>, che trae spunto dalla vicenda storica contenuta nello spettacolo teatrale \u201cMagazzino 18 di cui Cristicchi fu magistrale interprete.<\/p>\n<p><strong>Venerd\u00ec 28 aprile<\/strong> la commedia brillante <strong>\u201cBloccati dalla neve\u201d<\/strong> con <strong>Enzo Jacchetti<\/strong> e <strong>Vittoria Belvedere<\/strong>, lo spettacolo scritto da Peter Quilter, autore delle commedie di successo &#8220;Glorious!&#8221; e &#8220;End of the Rainbow&#8221;, quest\u2019ultimo adattato per il film &#8220;Judy&#8221; (2019), premiato agli Oscar.<\/p>\n<p><strong>Sabato 6 maggio<\/strong> la <strong>Tiziano Ferro Tribute Band<\/strong> presenta <strong>Xverso European Tour 2023<\/strong>, uno spettacolo costruito ai massimi livelli musicali e scenografici per rendere il giusto omaggio al grande cantante italiano unendo la somiglianza vocale del frontman <strong>Devis Manoni<\/strong> con la qualit\u00e0 di una band di musicisti professionisti che insieme danno vita ad uno show emozionante con tutte le hit di Tiziano Ferro.<\/p>\n<p><strong>Venerd\u00ec 12 maggio<\/strong> il gran finale di Teatralmente \u00e8 affidato a <strong>Patty Pravo<\/strong>, cantante che ha fatto la storia della musica italiana e che torna dei teatri con il suo live <strong>\u201cMinaccia Bionda\u201d<\/strong> un concerto imperdibile che oltre alla tappa di Barcellona del 12 la vedr\u00e0 protagonista anche il <strong>14 maggio al Teatro Impero di Marsala.<\/strong> E saranno gli unici live di Patty Pravo in Sicilia. Insieme alla voce narrante di <strong>Pino Strabioli<\/strong> la grande interprete ricorder\u00e0 le tappe pi\u00f9 importanti della sua carriera, dal Piper ad oggi, un racconto speciale con tutte le sue canzoni pi\u00f9 amate.<\/p>\n<p>\u201cTEATRAL -MENTE\u201d si svolge con La Compartecipazione Del Comune Di Barcellona P.G. la produzione Esecutiva della Ri.Ca. Eventi l\u2019organizzazione dell\u2019Associazione Per Sempre Freddie, la direzione artistica di Vincenzo Calabr\u00f2.<\/p>\n<p>Gli abbonamenti ed i biglietti per tutti gli spettacoli, sono in vendita nel Circuito Tickettando, o presso la biglietteria del Teatro. Minaccia Bionda con Patty Pravo \u00e8 fuori abbonamento, i biglietti d\u2019ingresso si trovano nel Circuito prevendite di Barcellona, Tickettando, Ticketone.<\/p>\n","protected":false},"excerpt":{"rendered":"<p>Enzo Jacchetti, Patty Pravo, Francesco Paolantoni, Vittoria Belvedere, Simoni Cristicchi sono solo alcuni dei grandi nomi di Teatral-mente la rassegna promossa dalla Ri.Ca.Eventi che da gennaio a maggio presenter\u00e0 al<\/p>\n<div><a class=\"permalink\" href=\"https:\/\/www.radioempire.it\/index.php\/2023\/03\/16\/teatral-mente-al-mandanici-di-barcellona-p-g-un-cartellone-di-teatro-e-musica-con-tante-stelle\/\">Read More&#8230;<\/a><\/div>\n","protected":false},"author":2,"featured_media":39072,"comment_status":"closed","ping_status":"closed","sticky":false,"template":"","format":"standard","meta":[],"categories":[3,36],"tags":[],"_links":{"self":[{"href":"https:\/\/www.radioempire.it\/index.php\/wp-json\/wp\/v2\/posts\/39071"}],"collection":[{"href":"https:\/\/www.radioempire.it\/index.php\/wp-json\/wp\/v2\/posts"}],"about":[{"href":"https:\/\/www.radioempire.it\/index.php\/wp-json\/wp\/v2\/types\/post"}],"author":[{"embeddable":true,"href":"https:\/\/www.radioempire.it\/index.php\/wp-json\/wp\/v2\/users\/2"}],"replies":[{"embeddable":true,"href":"https:\/\/www.radioempire.it\/index.php\/wp-json\/wp\/v2\/comments?post=39071"}],"version-history":[{"count":2,"href":"https:\/\/www.radioempire.it\/index.php\/wp-json\/wp\/v2\/posts\/39071\/revisions"}],"predecessor-version":[{"id":39074,"href":"https:\/\/www.radioempire.it\/index.php\/wp-json\/wp\/v2\/posts\/39071\/revisions\/39074"}],"wp:featuredmedia":[{"embeddable":true,"href":"https:\/\/www.radioempire.it\/index.php\/wp-json\/wp\/v2\/media\/39072"}],"wp:attachment":[{"href":"https:\/\/www.radioempire.it\/index.php\/wp-json\/wp\/v2\/media?parent=39071"}],"wp:term":[{"taxonomy":"category","embeddable":true,"href":"https:\/\/www.radioempire.it\/index.php\/wp-json\/wp\/v2\/categories?post=39071"},{"taxonomy":"post_tag","embeddable":true,"href":"https:\/\/www.radioempire.it\/index.php\/wp-json\/wp\/v2\/tags?post=39071"}],"curies":[{"name":"wp","href":"https:\/\/api.w.org\/{rel}","templated":true}]}}