{"id":39117,"date":"2023-03-17T17:54:08","date_gmt":"2023-03-17T17:54:08","guid":{"rendered":"https:\/\/www.radioempire.it\/?p=39117"},"modified":"2023-03-17T17:54:08","modified_gmt":"2023-03-17T17:54:08","slug":"lampedusamore-premio-giornalistico-internazionale-cristiana-matano","status":"publish","type":"post","link":"https:\/\/www.radioempire.it\/index.php\/2023\/03\/17\/lampedusamore-premio-giornalistico-internazionale-cristiana-matano\/","title":{"rendered":"LAMPEDUS\u2019AMORE  PREMIO GIORNALISTICO INTERNAZIONALE CRISTIANA MATANO"},"content":{"rendered":"<p><strong>Da luned\u00ec, a Lampedusa, il corso di formazione giornalistica per le scuole<\/strong><\/p>\n<p>Si avvicina la consueta tappa di avvicinamento all\u2019ottava edizione di \u201cLampedus\u2019Amore \u2013 Premio giornalistico internazionale Cristiana Matano\u201d, in programma dal 6 all\u20198 luglio. Si tratta del progetto di formazione giornalistica e civica &#8211;\u00a0 fortemente voluto, dopo le positive esperienze degli anni scorsi, dall&#8217;Associazione Occhiblu onlus, che organizza il Premio &#8211;\u00a0 rivolto alla scuola secondaria di I e II grado del Comune di Lampedusa e Linosa, che si terr\u00e0 in tre giornate, dal 20 al 22 marzo 2023.<\/p>\n<p>Il progetto, in sinergia con il corpo docente, Amnesty International, l\u2019Ordine dei Giornalisti e il Parlamento europeo, sar\u00e0 tenuto dai giornalisti professionisti Marina Turco e Filippo Mul\u00e8, presidente dell\u2019Associazione, a Lampedusa, con il contributo, in presenza o a distanza, di alcune personalit\u00e0 delle istituzioni della cultura, del giornalismo, dello sport e dello spettacolo e avr\u00e0 lo scopo di introdurre gli studenti nel mondo dell\u2019informazione.<\/p>\n<p>Tra i temi trattati: il concetto della notizia e l\u2019importanza di una corretta informazione, le insidie delle <em>fake news<\/em>, il linguaggio del web e i new media, giornalismo e violenza di genere, i fenomeni migratori che hanno proiettato Lampedusa al centro del mondo.<\/p>\n<p>Al termine del corso gli studenti, con l&#8217;ausilio dei propri insegnanti, procederanno alla stesura di un articolo di circa 30 righe o alla realizzazione di un audio-video sui temi affrontati durante il seminario. Gli elaborati saranno valutati dai docenti e dai giornalisti curatori del progetto: i migliori saranno premiati in occasione della serata dell\u20198 luglio 2023, in cui saranno anche assegnati i riconoscimenti del Premio giornalistico Cristiana Matano.<\/p>\n<p>Nel dettaglio:<\/p>\n<p><strong>20 marzo 2023, ore 9,30-13,30 <\/strong><\/p>\n<p><u>Il giornalismo, il concetto di notizia e l\u2019importanza di una corretta informazione<\/u><\/p>\n<p><strong>21 marzo 2023, ore 8,30-12,30 <\/strong>(orario da confermare)<\/p>\n<p><u>Violenza di genere e informazione: aspetti, rappresentazioni e linguaggi<\/u><\/p>\n<p>Saranno presenti Francesca Cesarotti e Francesca Corbo, responsabili di Amnesty International, e l\u2019attrice Federica Sabatini, nota per avere interpretato il personaggio di Nadia nella serie televisiva Suburra.<\/p>\n<p><strong>22 marzo 2023, ore 8,30-12,30 <\/strong>(orario da confermare)<\/p>\n<p><u>Raccontare l\u2019immigrazione e le carte deontologiche per il rispetto della persona<\/u><\/p>\n<p>Saranno presenti il professor Cataldo Salerno, presidente dell\u2019Universit\u00e0 Kore di Enna, e l\u2019egiziano Remon Karam, giunto in Sicilia a 14 anni con un barcone: oggi, a 23 anni, \u00e8 laureato in lingue e culture moderne alla Kore e lavora come mediatore culturale. In chiusura si collegher\u00e0 il giovane afghano Enaiatollah Akbari, la cui storia \u00e8 raccontata nel libro di Fabio Geda \u201cNel mare ci sono i coccodrilli\u201d.<\/p>\n<p>&nbsp;<\/p>\n<p><strong>L\u2019ufficio stampa<\/strong><\/p>\n<p><strong>Antonella Filippi &#8211; 3394242177<\/strong><\/p>\n","protected":false},"excerpt":{"rendered":"<p>Da luned\u00ec, a Lampedusa, il corso di formazione giornalistica per le scuole Si avvicina la consueta tappa di avvicinamento all\u2019ottava edizione di \u201cLampedus\u2019Amore \u2013 Premio giornalistico internazionale Cristiana Matano\u201d, in<\/p>\n<div><a class=\"permalink\" href=\"https:\/\/www.radioempire.it\/index.php\/2023\/03\/17\/lampedusamore-premio-giornalistico-internazionale-cristiana-matano\/\">Read More&#8230;<\/a><\/div>\n","protected":false},"author":2,"featured_media":39118,"comment_status":"closed","ping_status":"closed","sticky":false,"template":"","format":"standard","meta":[],"categories":[36,78],"tags":[],"_links":{"self":[{"href":"https:\/\/www.radioempire.it\/index.php\/wp-json\/wp\/v2\/posts\/39117"}],"collection":[{"href":"https:\/\/www.radioempire.it\/index.php\/wp-json\/wp\/v2\/posts"}],"about":[{"href":"https:\/\/www.radioempire.it\/index.php\/wp-json\/wp\/v2\/types\/post"}],"author":[{"embeddable":true,"href":"https:\/\/www.radioempire.it\/index.php\/wp-json\/wp\/v2\/users\/2"}],"replies":[{"embeddable":true,"href":"https:\/\/www.radioempire.it\/index.php\/wp-json\/wp\/v2\/comments?post=39117"}],"version-history":[{"count":1,"href":"https:\/\/www.radioempire.it\/index.php\/wp-json\/wp\/v2\/posts\/39117\/revisions"}],"predecessor-version":[{"id":39119,"href":"https:\/\/www.radioempire.it\/index.php\/wp-json\/wp\/v2\/posts\/39117\/revisions\/39119"}],"wp:featuredmedia":[{"embeddable":true,"href":"https:\/\/www.radioempire.it\/index.php\/wp-json\/wp\/v2\/media\/39118"}],"wp:attachment":[{"href":"https:\/\/www.radioempire.it\/index.php\/wp-json\/wp\/v2\/media?parent=39117"}],"wp:term":[{"taxonomy":"category","embeddable":true,"href":"https:\/\/www.radioempire.it\/index.php\/wp-json\/wp\/v2\/categories?post=39117"},{"taxonomy":"post_tag","embeddable":true,"href":"https:\/\/www.radioempire.it\/index.php\/wp-json\/wp\/v2\/tags?post=39117"}],"curies":[{"name":"wp","href":"https:\/\/api.w.org\/{rel}","templated":true}]}}