{"id":39916,"date":"2023-04-19T10:44:48","date_gmt":"2023-04-19T10:44:48","guid":{"rendered":"https:\/\/www.radioempire.it\/?p=39916"},"modified":"2023-04-19T10:44:48","modified_gmt":"2023-04-19T10:44:48","slug":"citta-metropolitana-di-messina-incontro-formativo-su-selezioni-aggregate-per-la-formazione-di-un-elenco-di-idonei-ai-sensi-dellart-3-bis-del-d-l-80-2021-organizzato-con-l","status":"publish","type":"post","link":"https:\/\/www.radioempire.it\/index.php\/2023\/04\/19\/citta-metropolitana-di-messina-incontro-formativo-su-selezioni-aggregate-per-la-formazione-di-un-elenco-di-idonei-ai-sensi-dellart-3-bis-del-d-l-80-2021-organizzato-con-l\/","title":{"rendered":"Citt\u00e0 Metropolitana di Messina, incontro formativo su \u201cSelezioni aggregate per la formazione di un elenco di idonei ai sensi dell\u2019art 3 bis del d.l. 80\/2021\u201d organizzato con l&#8217;ANCI nell&#8217;ambito del progetto Metropoli Strategiche"},"content":{"rendered":"<div style=\"text-align: left;\">\n<div style=\"text-align: left;\"><span style=\"color: #0000ff; font-size: 10pt;\"><strong>L&#8217;incontro in programma il 20 aprile 2023 nel Salone degli Specchi di Palazzo dei Leoni<\/strong><\/span><\/div>\n<div style=\"text-align: left;\"><\/div>\n<div style=\"text-align: left;\">La Citt\u00e0 Metropolitana di Messina e l&#8217;ANCI organizzano un incontro formativo su \u201cSelezioni aggregate per la formazione di un elenco di idonei ai sensi dell\u2019art 3 bis del d.l. 80\/2021\u201d, nell&#8217;ambito del progetto &#8220;Metropoli Strategiche&#8221;.<\/div>\n<div style=\"text-align: left;\">L&#8217;attivit\u00e0, sostenuta dal Sindaco Metropolitano dott. Federico Basile e coordinate dalla Segretaria Generale avv. Rossana Carrubba, coinvolgeranno Sindaci, Segretari, dipendenti dei Comuni metropolitani e della Citt\u00e0 Metropolitana di Messina.<\/div>\n<div style=\"text-align: left;\">L&#8217;incontro, che vedr\u00e0 un&#8217;approfondita relazione della dott.ssa Paola Suriano, \u00e8 in programma per gioved\u00ec 20 aprile 2023, (dalle 9.30 alle 12.30 e dalle 14.30 alle 16.30) presso il Salone degli Specchi di Palazzo dei Leoni<\/div>\n<div style=\"text-align: left;\">La giornata \u00e8 curata dall&#8217;Ufficio Processi Partecipativi delle Comunit\u00e0 locali, responsabile Pina Giarraffa, e dall&#8217;Ufficio Unico della Formazione, responsabile Maria Luisa Sodo Grasso.<\/div>\n<div style=\"text-align: left;\"><\/div>\n<div style=\"text-align: left;\">Agenda<\/div>\n<div style=\"text-align: left;\">Ore 9.15 &#8211; registrazioni partecipanti<\/div>\n<div style=\"text-align: left;\">Ore 9.30 &#8211; inizio dei lavori<\/div>\n<div style=\"text-align: left;\">Programma:<\/div>\n<div style=\"text-align: left;\">&#8211; l\u2019art 3 bis del D.L.80\/2021<\/div>\n<div style=\"text-align: left;\">&#8211; La regolamentazione della gestione aggregata<\/div>\n<div style=\"text-align: left;\">&#8211; La convenzione<\/div>\n<div style=\"text-align: left;\">&#8211; I bandi<\/div>\n<div style=\"text-align: left;\">&#8211; Le esperienze in atto<\/div>\n<div style=\"text-align: left;\">Ore 16.30: fine lavori<\/div>\n<div style=\"text-align: left;\"><\/div>\n<div style=\"text-align: left;\">Il Responsabile dell&#8217;Ufficio Comunicazione Istituzionale<\/div>\n<div style=\"text-align: left;\">\u00a0 \u00a0 \u00a0 \u00a0Addetto Stampa dott. Giuseppe Span\u00f2<\/div>\n<\/div>\n","protected":false},"excerpt":{"rendered":"<p>L&#8217;incontro in programma il 20 aprile 2023 nel Salone degli Specchi di Palazzo dei Leoni La Citt\u00e0 Metropolitana di Messina e l&#8217;ANCI organizzano un incontro formativo su \u201cSelezioni aggregate per<\/p>\n<div><a class=\"permalink\" href=\"https:\/\/www.radioempire.it\/index.php\/2023\/04\/19\/citta-metropolitana-di-messina-incontro-formativo-su-selezioni-aggregate-per-la-formazione-di-un-elenco-di-idonei-ai-sensi-dellart-3-bis-del-d-l-80-2021-organizzato-con-l\/\">Read More&#8230;<\/a><\/div>\n","protected":false},"author":2,"featured_media":39917,"comment_status":"closed","ping_status":"closed","sticky":false,"template":"","format":"standard","meta":[],"categories":[3,36],"tags":[],"_links":{"self":[{"href":"https:\/\/www.radioempire.it\/index.php\/wp-json\/wp\/v2\/posts\/39916"}],"collection":[{"href":"https:\/\/www.radioempire.it\/index.php\/wp-json\/wp\/v2\/posts"}],"about":[{"href":"https:\/\/www.radioempire.it\/index.php\/wp-json\/wp\/v2\/types\/post"}],"author":[{"embeddable":true,"href":"https:\/\/www.radioempire.it\/index.php\/wp-json\/wp\/v2\/users\/2"}],"replies":[{"embeddable":true,"href":"https:\/\/www.radioempire.it\/index.php\/wp-json\/wp\/v2\/comments?post=39916"}],"version-history":[{"count":1,"href":"https:\/\/www.radioempire.it\/index.php\/wp-json\/wp\/v2\/posts\/39916\/revisions"}],"predecessor-version":[{"id":39918,"href":"https:\/\/www.radioempire.it\/index.php\/wp-json\/wp\/v2\/posts\/39916\/revisions\/39918"}],"wp:featuredmedia":[{"embeddable":true,"href":"https:\/\/www.radioempire.it\/index.php\/wp-json\/wp\/v2\/media\/39917"}],"wp:attachment":[{"href":"https:\/\/www.radioempire.it\/index.php\/wp-json\/wp\/v2\/media?parent=39916"}],"wp:term":[{"taxonomy":"category","embeddable":true,"href":"https:\/\/www.radioempire.it\/index.php\/wp-json\/wp\/v2\/categories?post=39916"},{"taxonomy":"post_tag","embeddable":true,"href":"https:\/\/www.radioempire.it\/index.php\/wp-json\/wp\/v2\/tags?post=39916"}],"curies":[{"name":"wp","href":"https:\/\/api.w.org\/{rel}","templated":true}]}}