{"id":40035,"date":"2023-04-23T19:58:17","date_gmt":"2023-04-23T19:58:17","guid":{"rendered":"https:\/\/www.radioempire.it\/?p=40035"},"modified":"2023-04-23T19:58:17","modified_gmt":"2023-04-23T19:58:17","slug":"palazzo-dei-leoni-concluso-con-la-premiazione-degli-studenti-vincitori-del-concorso-il-mediterraneo-nei-secoli-lincontro-su-omero-dante-e-pascoli-tre-poeti-un-s","status":"publish","type":"post","link":"https:\/\/www.radioempire.it\/index.php\/2023\/04\/23\/palazzo-dei-leoni-concluso-con-la-premiazione-degli-studenti-vincitori-del-concorso-il-mediterraneo-nei-secoli-lincontro-su-omero-dante-e-pascoli-tre-poeti-un-s\/","title":{"rendered":"Palazzo dei Leoni, concluso con la premiazione degli studenti vincitori del concorso \u201cIl Mediterraneo nei secoli\u201d l\u2019incontro su \u201cOmero, Dante e Pascoli: tre poeti, un solo mare\u2026il Mediterraneo\u201d"},"content":{"rendered":"<div class=\"moz-text-html\" lang=\"x-unicode\">\n<div style=\"text-align: left;\">\n<div style=\"text-align: left;\"><span style=\"color: #0000ff; font-size: 10pt;\"><strong>L\u2019appuntamento \u00e8 stato organizzato in occasione della Giornata Mondiale della Terra<\/strong><\/span><\/div>\n<div style=\"text-align: left;\"><\/div>\n<div style=\"text-align: left;\">In occasione della Giornata Mondiale della Terra, si \u00e8 svolto stamane a Palazzo dei Leoni l\u2019incontro su \u201cOmero, Dante e Pascoli: tre poeti, un solo mare\u2026il Mediterraneo\u201d.<\/div>\n<div style=\"text-align: left;\">La giornata \u00e8 stata organizzata dalla Citt\u00e0 Metropolitana di Messina, in collaborazione con l\u2019Universit\u00e0 degli Studi di Messina, il Museo della Fauna &#8211; Dipartimento Scienze Veterinarie dell\u2019Universit\u00e0 degli Studi di Messina, l\u2019USR Ambito Territoriale di Messina Ufficio VIII e il Laboratorio Museo Mineralogico, Paleantologico e della Zolfara dell&#8217;I.I.S.S. \u201cS. Mottura\u201d di Caltanissetta.<\/div>\n<div style=\"text-align: left;\">Ad introdurre l&#8217;evento \u00e8 stata l&#8217;avv. Anna Maria Tripodo, dirigente di Palazzo dei Leoni, che ha evidenziato l\u2019importanza della conoscenza del patrimonio culturale collegato ai propri luoghi, rimarcando l\u2019attenzione che la Citt\u00e0 Metropolitana di Messina ha sempre posto per tutto ci\u00f2 che \u00e8 legato alle radici culturali e storiche del capoluogo peloritano e dell\u2019intero territorio della provincia mentre l&#8217;arch. Attilio Griso del Servizio &#8220;Cultura&#8221; ha presentato i dettagli dell\u2019evento odierno.<\/div>\n<div style=\"text-align: left;\">I lavori sono proseguiti con l\u2019intervento del prof. Vincenzo Caruso, Assessore alla Cultura del Comune di Messina, che ha messo in evidenza l\u2019unicit\u00e0 dello Stretto di Messina e del Mediterraneo.<\/div>\n<div style=\"text-align: left;\">Successivamente il dott. Mauro Cavallaro del Museo della Fauna e il prof. Sergio Foscarini del Liceo &#8220;Maurolico&#8221; di Messina hanno trattato il tema &#8220;Lo Stretto di Messina nell&#8217;Odissea di Omero&#8221; narrando gli aspetti letterari pi\u00f9 interessanti, incrociandoli con quelli scientifici mentre la geologa Ester Tigano, collaboratrice del Museo della Fauna dell&#8217;Ateneo peloritano, ha approfondito le tematiche legate a &#8220;I cambiamenti climatici nell\u2019Inferno Dantesco e il Mediterraneo\u201d, mettendo in risalto come in Dante fosse presente quella sensibilit\u00e0 alle variazioni climatiche che ne fanno un uomo che, prima e meglio di altri, ha saputo cogliere l\u2019importanza, per l\u2019uomo, dell\u2019ambiente.<\/div>\n<div style=\"text-align: left;\">La dott.ssa Rosa Azzarelli dell&#8217;USR Sicilia \u2013 Messina, in rappresentanza del Dirigente dell&#8217;Ufficio VIII Ambito Territoriale di Messina dott. Stello Vadal\u00e0, e il prof. Filippo Spadola, direttore del Museo della Fauna dell&#8217;Universit\u00e0 degli Studi di Messina, hanno sottolineato la valenza didattica della giornata che \u00e8 dedicata alla valorizzazione ambientale legata ai miti e alla storia dei luoghi ed hanno ringraziato tutte le componenti scolastiche che hanno aderito all\u2019iniziativa.<\/div>\n<div style=\"text-align: left;\">Gli interventi sono stati coordinati dalla prof.ssa Elena Santagati, docente di Storia Greca dell&#8217;Universit\u00e0 di Messina, che ha commentato ed approfondito i singoli argomenti.<\/div>\n<div style=\"text-align: left;\">Al termine sono stati consegnati i premi agli studenti che hanno partecipato al concorso \u201cIl Mediterraneo nei secoli\u201d.<\/div>\n<div style=\"text-align: left;\">Dieci le scuole che hanno aderito, sei di Messina (I. T. T. I. \u201cCaio Duilio\u201d, I. C. \u201cLa Pira \u2013 Gentiluomo\u201d, I. C. di Santa Margherita, I. C. di Santa Margherita &#8211; Giampilieri\u201cSimone Neri\u201d, Liceo \u201cMaurolico\u201d, I. I. S. \u201cAntonello), e quattro della provincia (I. C. \u201cLeonardo da Vinci\u201d di Villafranca Tirrena, I. C. 1 di Taormina, I. C. 1 di Milazzo e I. C. \u201cPirandello\u201d di Patti).<\/div>\n<div style=\"text-align: left;\">I premi sono stati assegnati, per gli Istituti di 1\u00b0 grado, a:<\/div>\n<div style=\"text-align: left;\">&#8211; I. C. &#8220;La Pira &#8211; Gentiluomo&#8221;<\/div>\n<div style=\"text-align: left;\">Video su Dante: Pellegrino Giada 2^ B<\/div>\n<div style=\"text-align: left;\">Video su Pascoli: Delia Noemi 3^ C ex aequo<\/div>\n<div style=\"text-align: left;\">&#8211; I. C. S. Margherita &#8220;Leonardo Da Vinci&#8221;<\/div>\n<div style=\"text-align: left;\">Video su Pascoli: De Luca Antonino 3^ D ex aequo<\/div>\n<div style=\"text-align: left;\">&#8211; I. C. S. Margherita &#8220;Simone Neri&#8221;<\/div>\n<div style=\"text-align: left;\">Foto su Dante: Bellinghieri 3^ A e Filone 3^ E<\/div>\n<div style=\"text-align: left;\">&#8211; I. C. Villafranca Tirrena &#8220;Leonardo Da Vinci&#8221;<\/div>\n<div style=\"text-align: left;\">Video su Omero: Capilli Elvira 1^ A<\/div>\n<div style=\"text-align: left;\">Foto su Pascoli: Puleo Giulia 3^ B<\/div>\n<div style=\"text-align: left;\">Grafico\/Pittura su Dante: Crisafulli Gloria 2^ G<\/div>\n<div style=\"text-align: left;\">&#8211; I. C. 1 Taormina<\/div>\n<div style=\"text-align: left;\">Grafico\/Pittura su Omero: Grasso Romina 1^ B ex aequo Letojanni<\/div>\n<div style=\"text-align: left;\">Grafico\/Pittura su Omero: Grasso Valeria 1^ B ex aequo Letojanni<\/div>\n<div style=\"text-align: left;\">Musicale su Omero: Lanzo Agostino 1^ B Letojanni<\/div>\n<div style=\"text-align: left;\">Per gli Istituti di secondo grado i premi sono stati consegnati a:<\/div>\n<div style=\"text-align: left;\">&#8211; I.T.T.L. &#8220;Caio Duilio&#8221;<\/div>\n<div style=\"text-align: left;\">Video su Omero: classi 2^ A, 2^ B, 2^ C e 1^ F<\/div>\n<div style=\"text-align: left;\">&#8211; I.I.S. &#8220;Maurolico&#8221;<\/div>\n<div style=\"text-align: left;\">Foto su Omero: Russo Emanuele 5^ B ex aequo<\/div>\n<div style=\"text-align: left;\">Foto su Omero: De Francesco Antonina 4^ E ex aequo<\/div>\n<div style=\"text-align: left;\">&#8211; I.I.S. &#8220;Antonello&#8221;<\/div>\n<div style=\"text-align: left;\">Grafico\/Pittura su Omero: Maalla-Arena-Trinchera 1^ A<\/div>\n<div style=\"text-align: left;\"><\/div>\n<div style=\"text-align: left;\"><\/div>\n<div style=\"text-align: left;\">Il Responsabile dell\u2019Ufficio Comunicazione Istituzionale<\/div>\n<div style=\"text-align: left;\"><strong>Addetto Stampa dott. Giuseppe Span\u00f2<\/strong><\/div>\n<\/div>\n<\/div>\n","protected":false},"excerpt":{"rendered":"<p>L\u2019appuntamento \u00e8 stato organizzato in occasione della Giornata Mondiale della Terra In occasione della Giornata Mondiale della Terra, si \u00e8 svolto stamane a Palazzo dei Leoni l\u2019incontro su \u201cOmero, Dante<\/p>\n<div><a class=\"permalink\" href=\"https:\/\/www.radioempire.it\/index.php\/2023\/04\/23\/palazzo-dei-leoni-concluso-con-la-premiazione-degli-studenti-vincitori-del-concorso-il-mediterraneo-nei-secoli-lincontro-su-omero-dante-e-pascoli-tre-poeti-un-s\/\">Read More&#8230;<\/a><\/div>\n","protected":false},"author":2,"featured_media":40036,"comment_status":"closed","ping_status":"closed","sticky":false,"template":"","format":"standard","meta":[],"categories":[36,78],"tags":[],"_links":{"self":[{"href":"https:\/\/www.radioempire.it\/index.php\/wp-json\/wp\/v2\/posts\/40035"}],"collection":[{"href":"https:\/\/www.radioempire.it\/index.php\/wp-json\/wp\/v2\/posts"}],"about":[{"href":"https:\/\/www.radioempire.it\/index.php\/wp-json\/wp\/v2\/types\/post"}],"author":[{"embeddable":true,"href":"https:\/\/www.radioempire.it\/index.php\/wp-json\/wp\/v2\/users\/2"}],"replies":[{"embeddable":true,"href":"https:\/\/www.radioempire.it\/index.php\/wp-json\/wp\/v2\/comments?post=40035"}],"version-history":[{"count":1,"href":"https:\/\/www.radioempire.it\/index.php\/wp-json\/wp\/v2\/posts\/40035\/revisions"}],"predecessor-version":[{"id":40037,"href":"https:\/\/www.radioempire.it\/index.php\/wp-json\/wp\/v2\/posts\/40035\/revisions\/40037"}],"wp:featuredmedia":[{"embeddable":true,"href":"https:\/\/www.radioempire.it\/index.php\/wp-json\/wp\/v2\/media\/40036"}],"wp:attachment":[{"href":"https:\/\/www.radioempire.it\/index.php\/wp-json\/wp\/v2\/media?parent=40035"}],"wp:term":[{"taxonomy":"category","embeddable":true,"href":"https:\/\/www.radioempire.it\/index.php\/wp-json\/wp\/v2\/categories?post=40035"},{"taxonomy":"post_tag","embeddable":true,"href":"https:\/\/www.radioempire.it\/index.php\/wp-json\/wp\/v2\/tags?post=40035"}],"curies":[{"name":"wp","href":"https:\/\/api.w.org\/{rel}","templated":true}]}}