{"id":40352,"date":"2023-05-08T07:27:17","date_gmt":"2023-05-08T07:27:17","guid":{"rendered":"https:\/\/www.radioempire.it\/?p=40352"},"modified":"2023-05-08T07:32:27","modified_gmt":"2023-05-08T07:32:27","slug":"archeoclub-maggio-tra-libri-arte-e-territorio-sabato-scorso-presentato-un-libro-su-gaspare-camarda-sabato-prossimo-previsto-un-tour-con-in-mano-un-testo-di-cavarra","status":"publish","type":"post","link":"https:\/\/www.radioempire.it\/index.php\/2023\/05\/08\/archeoclub-maggio-tra-libri-arte-e-territorio-sabato-scorso-presentato-un-libro-su-gaspare-camarda-sabato-prossimo-previsto-un-tour-con-in-mano-un-testo-di-cavarra\/","title":{"rendered":"Archeoclub, maggio tra libri, arte e territorio\u00a0 Sabato scorso presentato un libro su Gaspare Camarda, sabato prossimo previsto un tour con \u201cin mano\u201d un testo di Cavarra."},"content":{"rendered":"<p><strong><em>In occasione del Maggio dei Libri, la sede Area Jonica Messina ha deciso di promuoverne due che esaltano alcune caratteristiche del territorio jonico.<\/em><\/strong><\/p>\n<p><em>SABATO SCORSO, \u2026 \u201caffresco\u201d su CAMARDA &#8211; <\/em><\/p>\n<p><em>Sabato 6 maggio, presso il Palazzo della Cultura di S. Teresa di Riva, \u00e8 stato presentato \u201cGaspare Camarda, un pittore tra due secoli\u201d, scritto da Andrea Italiano, Giambra editore. La prefazione \u00e8 stata curata da Salvatore Mosca, responsabile di Archeoclub per Arte e Libri. Si tratta di un\u2026 affresco vero e proprio sulla storia di questo pittore, vissuto tra il \u2018500 ed il \u2018600 e particolarmente influenzato dal soggiorno peloritano di Caravaggio. L\u2019incontro \u00e8 stato organizzato da Archeoclub in collaborazione col comune di S. Teresa di Riva. Le relazioni dell\u2019autore e dello stesso Salvatore Mosca hanno evidenziato la necessit\u00e0 di riscoprire l\u2019importanza di Messina e dell\u2019arte che si produceva su questo territorio nel \u2018600 di cui Camarda \u00e8 stato un importante esponente \u201cin grado di ritagliarsi uno spazio importante nel panorama artistico del suo tempo\u201d, ha detto Andrea Italiano. Mosca, ha anche evidenziato la presenza di Camarda nel comprensorio jonico, con opere a Savoca, Casalvecchio Siculo ed Al\u00ec Superiore. Una presenza che \u00e8 importante anche in altre localit\u00e0 della provincia (Mirto, Capo d\u2019Orlando, Naso, Castroreale, Barcellona, Castanea, Monforte S. Giorgio) oltre che a Messina, dove Camarda \u00e8 stato tra gli interpreti artistici del culto di Ges\u00f9 e Maria (rappresentati ai lati di una croce vuota), dovuto a Padre Antonio Fermo da Gesso. L\u2019incontro \u00e8 stato aperto dall\u2019assessore alla Cultura di S. Teresa Annalisa Miano ed introdotto dalla vice presidente dei Archeoclub, Ketty Tam\u00e0, che ha anche moderato gli interventi dell\u2019autore e di Mosca, prima delle conclusioni del presidente di Archeoclub, Filippo Brianni.<\/em><\/p>\n<p><em><img loading=\"lazy\" class=\"size-medium wp-image-40354 alignleft\" src=\"https:\/\/www.radioempire.it\/wp-content\/uploads\/2023\/05\/Andrea-Italiano-300x207.jpg\" alt=\"\" width=\"300\" height=\"207\" srcset=\"https:\/\/www.radioempire.it\/wp-content\/uploads\/2023\/05\/Andrea-Italiano-300x207.jpg 300w, https:\/\/www.radioempire.it\/wp-content\/uploads\/2023\/05\/Andrea-Italiano-1024x707.jpg 1024w, https:\/\/www.radioempire.it\/wp-content\/uploads\/2023\/05\/Andrea-Italiano-768x530.jpg 768w, https:\/\/www.radioempire.it\/wp-content\/uploads\/2023\/05\/Andrea-Italiano.jpg 1196w\" sizes=\"(max-width: 300px) 100vw, 300px\" \/>\u00a0<\/em><\/p>\n<p><em>\u00a0SABATO PROSSIMO, \u201cpasseggiata culturale a Limina\u201d<\/em><\/p>\n<p><em>\u201cPASSEGGIANDO A LIMINA CON CAVARRA\u201d \u00e8 il titolo dell\u2019evento che si terr\u00e0 invece a Limina sabato 13, che Archeoclub organizza in collaborazione con la pro loco ed il comune di Limina, coordinato da Ketty Tam\u00e0 con la consulenza di Giovanni Saglimbeni Ntant\u00e8. Sar\u00e0 una vera e propria passeggiata per i quartieri di Limina leggendo le poesie dedicate ai singoli quartieri da Peppino Cavarra nel suo libro \u201cCarusanza\u201d, edito da Sfameni nel 2004. Fu una delle ultime fatiche dell\u2019intellettuale liminese, particolarmente stimato negli ambienti letterari messinesi. Un libro che Cavarravolle dedicare \u2013 quasi come un testamento &#8211; al paese nat\u00eco ed ai ricordi della sua giovinezza, trasformando in poesia alcuni angoli del borgo.<\/em><\/p>\n<p><em>Sabato prossimo saranno alcuni liminesi a leggere quelle poesie, utilizzando quel particolare dialetto specifico di questo lembo di Valle d\u2019Agr\u00f2. Le letture verranno registrate per dare vita poi a quello che \u00e8 il progetto vero e proprio di Archeoclub, ovvero la realizzazione di un audiotour poetico di Limina, attivabile attraverso dei QrCode che si potranno trovare nei singoli quartieri citati da Cavarra, fino alla vicina Roccafiorita. <\/em><\/p>\n<p><em>Partenza prevista alle 17 dal Puntale, dove \u201cPi-ll&#8217;\u00f2mini da Limmina a jurnatascuminzava\u201c\u00a0 \u00a0 \u00a0 \u00a0 <\/em><\/p>\n<p><em>\u00a0 \u00a0 \u00a0 \u00a0 \u00a0 \u00a0 \u00a0 \u00a0 \u00a0 \u00a0 \u00a0 \u00a0 \u00a0 \u00a0 \u00a0 \u00a0 \u00a0 \u00a0 \u00a0 \u00a0 \u00a0 \u00a0 \u00a0 \u00a0 \u00a0 \u00a0 \u00a0 \u00a0 \u00a0 \u00a0 \u00a0 \u00a0 \u00a0 \u00a0 \u00a0 \u00a0 \u00a0 \u00a0 \u00a0 \u00a0 \u00a0 \u00a0 \u00a0 \u00a0 \u00a0 \u00a0 \u00a0 \u00a0 \u00a0 \u00a0 \u00a0 \u00a0 \u00a0 \u00a0 \u00a0 \u00a0 \u00a0 \u00a0 \u00a0 \u00a0 \u00a0 \u00a0 \u00a0 \u00a0 \u00a0 \u00a0 \u00a0 \u00a0 \u00a0 \u00a0 \u00a0 \u00a0 \u00a0 \u00a0 \u00a0 \u00a0 \u00a0 \u00a0 \u00a0 \u00a0 \u00a0 \u00a0 \u00a0 \u00a0 \u00a0 \u00a0 \u00a0 \u00a0 \u00a0 \u00a0 \u00a0 \u00a0 \u00a0 \u00a0 \u00a0 \u00a0 \u00a0 \u00a0 \u00a0 \u00a0 \u00a0 \u00a0 \u00a0 \u00a0 \u00a0 \u00a0 \u00a0 \u00a0 \u00a0 \u00a0 \u00a0 \u00a0 \u00a0 \u00a0 \u00a0 \u00a0 \u00a0 \u00a0 \u00a0 \u00a0 \u00a0 \u00a0 \u00a0 \u00a0 \u00a0 \u00a0 \u00a0 \u00a0 \u00a0 \u00a0 S.<\/em><em>Alessio \u2013 Roccafiorita , 07.05.2023<\/em><\/p>\n<p><em>\u00a0 \u00a0 \u00a0 \u00a0 \u00a0 \u00a0 \u00a0 \u00a0 \u00a0 \u00a0 \u00a0 \u00a0 \u00a0 \u00a0 \u00a0 \u00a0 \u00a0 \u00a0 \u00a0 \u00a0 \u00a0 \u00a0 \u00a0 \u00a0 \u00a0 \u00a0 \u00a0 \u00a0 \u00a0 \u00a0 \u00a0 \u00a0 \u00a0 \u00a0 \u00a0 \u00a0 \u00a0 \u00a0 \u00a0 \u00a0 \u00a0 \u00a0 \u00a0 \u00a0 \u00a0 \u00a0 \u00a0 \u00a0 \u00a0 \u00a0 \u00a0 \u00a0 \u00a0 \u00a0 \u00a0 \u00a0 \u00a0 \u00a0 \u00a0 \u00a0 \u00a0 \u00a0 \u00a0 \u00a0 \u00a0 \u00a0 \u00a0 \u00a0 \u00a0 \u00a0 \u00a0 \u00a0 \u00a0 \u00a0 \u00a0 \u00a0 \u00a0 \u00a0 \u00a0 \u00a0 \u00a0 \u00a0 \u00a0 \u00a0 \u00a0 \u00a0 \u00a0 \u00a0 \u00a0 \u00a0 \u00a0 \u00a0 \u00a0 \u00a0 \u00a0 \u00a0 \u00a0 \u00a0 \u00a0 \u00a0 \u00a0 \u00a0 \u00a0 \u00a0 \u00a0 \u00a0 \u00a0 \u00a0 \u00a0 \u00a0 \u00a0 \u00a0 \u00a0 \u00a0 \u00a0 \u00a0 \u00a0 \u00a0 \u00a0 \u00a0 \u00a0 \u00a0 \u00a0 \u00a0 <strong>\u00a0<\/strong><\/em><strong>ARCHEOCLUB AREA JONICA MESSINA A.P.S.<\/strong><\/p>\n<p><strong>Il Presidente<\/strong><\/p>\n<p><strong>Avv. Filippo Brianni<\/strong><\/p>\n","protected":false},"excerpt":{"rendered":"<p>In occasione del Maggio dei Libri, la sede Area Jonica Messina ha deciso di promuoverne due che esaltano alcune caratteristiche del territorio jonico. SABATO SCORSO, \u2026 \u201caffresco\u201d su CAMARDA &#8211;<\/p>\n<div><a class=\"permalink\" href=\"https:\/\/www.radioempire.it\/index.php\/2023\/05\/08\/archeoclub-maggio-tra-libri-arte-e-territorio-sabato-scorso-presentato-un-libro-su-gaspare-camarda-sabato-prossimo-previsto-un-tour-con-in-mano-un-testo-di-cavarra\/\">Read More&#8230;<\/a><\/div>\n","protected":false},"author":2,"featured_media":40353,"comment_status":"closed","ping_status":"closed","sticky":false,"template":"","format":"standard","meta":[],"categories":[36,78],"tags":[],"_links":{"self":[{"href":"https:\/\/www.radioempire.it\/index.php\/wp-json\/wp\/v2\/posts\/40352"}],"collection":[{"href":"https:\/\/www.radioempire.it\/index.php\/wp-json\/wp\/v2\/posts"}],"about":[{"href":"https:\/\/www.radioempire.it\/index.php\/wp-json\/wp\/v2\/types\/post"}],"author":[{"embeddable":true,"href":"https:\/\/www.radioempire.it\/index.php\/wp-json\/wp\/v2\/users\/2"}],"replies":[{"embeddable":true,"href":"https:\/\/www.radioempire.it\/index.php\/wp-json\/wp\/v2\/comments?post=40352"}],"version-history":[{"count":1,"href":"https:\/\/www.radioempire.it\/index.php\/wp-json\/wp\/v2\/posts\/40352\/revisions"}],"predecessor-version":[{"id":40355,"href":"https:\/\/www.radioempire.it\/index.php\/wp-json\/wp\/v2\/posts\/40352\/revisions\/40355"}],"wp:featuredmedia":[{"embeddable":true,"href":"https:\/\/www.radioempire.it\/index.php\/wp-json\/wp\/v2\/media\/40353"}],"wp:attachment":[{"href":"https:\/\/www.radioempire.it\/index.php\/wp-json\/wp\/v2\/media?parent=40352"}],"wp:term":[{"taxonomy":"category","embeddable":true,"href":"https:\/\/www.radioempire.it\/index.php\/wp-json\/wp\/v2\/categories?post=40352"},{"taxonomy":"post_tag","embeddable":true,"href":"https:\/\/www.radioempire.it\/index.php\/wp-json\/wp\/v2\/tags?post=40352"}],"curies":[{"name":"wp","href":"https:\/\/api.w.org\/{rel}","templated":true}]}}