{"id":40481,"date":"2023-05-13T13:49:22","date_gmt":"2023-05-13T13:49:22","guid":{"rendered":"https:\/\/www.radioempire.it\/?p=40481"},"modified":"2023-05-13T13:49:22","modified_gmt":"2023-05-13T13:49:22","slug":"galleria-darte-lucio-barbera-martedi-16-maggio-presentazione-del-libro-catemoto-de-luca-ii-lo-zar-di-fiumedinisi-di-emilio-pintaldi","status":"publish","type":"post","link":"https:\/\/www.radioempire.it\/index.php\/2023\/05\/13\/galleria-darte-lucio-barbera-martedi-16-maggio-presentazione-del-libro-catemoto-de-luca-ii-lo-zar-di-fiumedinisi-di-emilio-pintaldi\/","title":{"rendered":"Galleria d\u2019Arte \u201cLucio Barbera\u201d, marted\u00ec 16 maggio presentazione del libro \u201cCatemoto De Luca II, lo Zar di Fiumedinisi\u201d di Emilio Pintaldi"},"content":{"rendered":"<div><span style=\"color: #0000ff; font-size: 10pt;\"><strong>Appuntamento alle ore 16.00 nell\u2019ambito della XIII edizione de \u201cIl Maggio dei Libri 2023\u201d<\/strong><\/span><br \/>\nNuovo appuntamento editoriale, in occasione della XIII edizione del Il Maggio dei Libri 2023 \u2013 \u201cIl mondo \u00e8 un libro\u201d, organizzato dalla I Direzione &#8220;Servizi Generali e Politiche di Sviluppo Economico e Culturale&#8221; Servizio &#8220;Cultura&#8221; Ufficio Biblioteca \u201cGiovanni Pascoli\u201d della Citt\u00e0 Metropolitana di Messina.<br \/>\n<strong>Marted\u00ec 16 maggio, ore 16.00, presso la Galleria d\u2019Arte Moderna e Contemporanea \u201cLucio Barbera\u201d, presentazione del libro \u201cCatemoto De Luca II, lo Zar di Fiumedinisi\u201d, Casta editore.<\/strong><br \/>\nL\u2019opera rappresenta il pi\u00f9 recente saggio di Emilio Pintaldi ed \u00e8 incentrato sulle modalit\u00e0 comunicative dell\u2019ex sindaco di Messina.<br \/>\nPubblicato a tre anni dall\u2019uscita del primo saggio intitolato \u201cCatemoto De Luca\u201d, costituisce una revisione del testo, un corposo aggiornamento sull&#8217;evoluzione deluchiana nell\u2019uso degli strumenti mediatici e delle modalit\u00e0 adottate.<br \/>\nLa prefazione del volume \u00e8 stata affidata al giornalista scrittore Pino Aprile, autore del best seller \u201cTerroni\u201d, la postfazione \u00e8 di Alessandro Russo, oppositore di De Luca nella scorsa legislatura.<br \/>\nIntenso il percorso professionale di Pintaldi.<br \/>\nGiornalista professionista con oltre 30 anni di attivit\u00e0 alle spalle, per 22 anni \u00e8 stato corrispondente da Messina del quotidiano \u201cil Giornale di Sicilia, ha lavorato anche con \u201cla Sicilia\u201d e con il ruolo di caposervizio\u00a0 nel settimanale \u201cCentonove\u201d, per oltre vent\u2019anni a Radio Messina Uno Special, corrispondente dell\u2019emittente televisiva regionale Tgs, ha lanciato e condotto per sette anni la fortunata trasmissione \u201cMalalingua\u201d, collabora con La Wdr la Radio di Stato tedesca, docente a contratto del corso di laurea in mediazione culturale e linguistica che si tiene al Consorzio universitario di Agrigento, attualmente \u00e8 redattore di Rtp, dove conduce il talk \u201cScirocco\u201d, e collaboratore del quotidiano Gazzetta del Sud.<br \/>\nAd introdurre l\u2019appuntamento saranno l\u2019avv. Anna Maria Tripodo, dirigente di Palazzo dei Leoni, e le Responsabili de \u201cil Maggio dei Libri\u201d e della Biblioteca \u201cGiovanni Pascoli\u201d, dott.ssa Rosaria Landro, e della Galleria d&#8217;Arte \u201cLucio Barbera\u201d, dott.ssa Daniela Cuc\u00e8 Cafeo.<\/p>\n<p><strong>Il Responsabile dell\u2019Ufficio Comunicazione Istituzionale<\/strong><br \/>\n<strong>Addetto Stampa dott. Giuseppe Span\u00f2<\/strong><\/div>\n<div><\/div>\n","protected":false},"excerpt":{"rendered":"<p>Appuntamento alle ore 16.00 nell\u2019ambito della XIII edizione de \u201cIl Maggio dei Libri 2023\u201d Nuovo appuntamento editoriale, in occasione della XIII edizione del Il Maggio dei Libri 2023 \u2013 \u201cIl<\/p>\n<div><a class=\"permalink\" href=\"https:\/\/www.radioempire.it\/index.php\/2023\/05\/13\/galleria-darte-lucio-barbera-martedi-16-maggio-presentazione-del-libro-catemoto-de-luca-ii-lo-zar-di-fiumedinisi-di-emilio-pintaldi\/\">Read More&#8230;<\/a><\/div>\n","protected":false},"author":2,"featured_media":40482,"comment_status":"closed","ping_status":"closed","sticky":false,"template":"","format":"standard","meta":[],"categories":[36,78],"tags":[],"_links":{"self":[{"href":"https:\/\/www.radioempire.it\/index.php\/wp-json\/wp\/v2\/posts\/40481"}],"collection":[{"href":"https:\/\/www.radioempire.it\/index.php\/wp-json\/wp\/v2\/posts"}],"about":[{"href":"https:\/\/www.radioempire.it\/index.php\/wp-json\/wp\/v2\/types\/post"}],"author":[{"embeddable":true,"href":"https:\/\/www.radioempire.it\/index.php\/wp-json\/wp\/v2\/users\/2"}],"replies":[{"embeddable":true,"href":"https:\/\/www.radioempire.it\/index.php\/wp-json\/wp\/v2\/comments?post=40481"}],"version-history":[{"count":1,"href":"https:\/\/www.radioempire.it\/index.php\/wp-json\/wp\/v2\/posts\/40481\/revisions"}],"predecessor-version":[{"id":40483,"href":"https:\/\/www.radioempire.it\/index.php\/wp-json\/wp\/v2\/posts\/40481\/revisions\/40483"}],"wp:featuredmedia":[{"embeddable":true,"href":"https:\/\/www.radioempire.it\/index.php\/wp-json\/wp\/v2\/media\/40482"}],"wp:attachment":[{"href":"https:\/\/www.radioempire.it\/index.php\/wp-json\/wp\/v2\/media?parent=40481"}],"wp:term":[{"taxonomy":"category","embeddable":true,"href":"https:\/\/www.radioempire.it\/index.php\/wp-json\/wp\/v2\/categories?post=40481"},{"taxonomy":"post_tag","embeddable":true,"href":"https:\/\/www.radioempire.it\/index.php\/wp-json\/wp\/v2\/tags?post=40481"}],"curies":[{"name":"wp","href":"https:\/\/api.w.org\/{rel}","templated":true}]}}