{"id":40484,"date":"2023-05-13T14:27:31","date_gmt":"2023-05-13T14:27:31","guid":{"rendered":"https:\/\/www.radioempire.it\/?p=40484"},"modified":"2023-05-13T14:27:31","modified_gmt":"2023-05-13T14:27:31","slug":"presentazione-sicilia-jazz-festival-summer-23-anastacia-gregory-porter-marcus-miller-the-manhattan-transfer-earth-wind-fire-experience-manuel-agnelli-e-bob-mintzer","status":"publish","type":"post","link":"https:\/\/www.radioempire.it\/index.php\/2023\/05\/13\/presentazione-sicilia-jazz-festival-summer-23-anastacia-gregory-porter-marcus-miller-the-manhattan-transfer-earth-wind-fire-experience-manuel-agnelli-e-bob-mintzer\/","title":{"rendered":"Presentazione Sicilia Jazz Festival Summer 23. Anastacia, Gregory Porter, Marcus Miller, The Manhattan Transfer, Earth Wind &#038; Fire Experience, Manuel Agnelli e Bob Mintzer."},"content":{"rendered":"<p><strong>Il SJF Summer 2023<\/strong><\/p>\n<p><strong>l\u2019evento dei grandi numeri e delle stelle internazionali<\/strong><\/p>\n<p><strong>Tanti giovani dei conservatori protagonisti dell\u2019edizione 2023<\/strong><\/p>\n<p><strong><em>Dal 23 giugno al 2 luglio la terza edizione del Festival promosso dalla Regione Siciliana &#8211; Assessorato al Turismo Sport e Spettacolo al Real Teatro Santa Cecilia, Ridotto dello Spasimo, Steri, Palazzo Butera e Teatro di Verdura<\/em><\/strong><\/p>\n<p><strong><em>I numeri delle tre edizioni del Sicilia Jazz Festival<\/em><\/strong><\/p>\n<p><img loading=\"lazy\" class=\"size-medium wp-image-40487 alignleft\" src=\"https:\/\/www.radioempire.it\/wp-content\/uploads\/2023\/05\/Massimo-Valsecchi-alla-Conferenza-stampa-del-SJF-Summer-23-300x225.jpeg\" alt=\"\" width=\"300\" height=\"225\" srcset=\"https:\/\/www.radioempire.it\/wp-content\/uploads\/2023\/05\/Massimo-Valsecchi-alla-Conferenza-stampa-del-SJF-Summer-23-300x225.jpeg 300w, https:\/\/www.radioempire.it\/wp-content\/uploads\/2023\/05\/Massimo-Valsecchi-alla-Conferenza-stampa-del-SJF-Summer-23-1024x768.jpeg 1024w, https:\/\/www.radioempire.it\/wp-content\/uploads\/2023\/05\/Massimo-Valsecchi-alla-Conferenza-stampa-del-SJF-Summer-23-768x576.jpeg 768w, https:\/\/www.radioempire.it\/wp-content\/uploads\/2023\/05\/Massimo-Valsecchi-alla-Conferenza-stampa-del-SJF-Summer-23-1536x1152.jpeg 1536w, https:\/\/www.radioempire.it\/wp-content\/uploads\/2023\/05\/Massimo-Valsecchi-alla-Conferenza-stampa-del-SJF-Summer-23.jpeg 1600w\" sizes=\"(max-width: 300px) 100vw, 300px\" \/><\/p>\n<p>Presentato il <strong><em>Sicilia Jazz, <\/em><\/strong>l\u2019unicoFestival al mondo interamente dedicato alle produzioni orchestrali, che vede protagonisti, oltre all\u2019Orchestra Jazz Siciliana, le pi\u00f9 significative realt\u00e0 jazzistiche siciliane a partire dai conservatori statali che con le proprie giovani leve avranno l\u2019opportunit\u00e0 di esibirsi in un contesto che annovera un programma ricco di concerti di musicisti residenti e la presenza di stelle internazionali. Presenti all\u2019incontro con la stampa il Dr. Giuseppe Librizzi in rappresentanza della Regione Siciliana Assessorato Regionale Turismo Sport e Spettacolo, per illustrare l\u2019importanza dell\u2019incoming turistico grazie anche a manifestazioni ed iniziative come il SJF, Antonella Tirrito assessore all\u2019innovazione del comune di Palermo che ha rimarcato l\u2019importanza della Festival per la citt\u00e0, Massimo Valsecchi che ha affermato la volont\u00e0 da parte sua a voler ospitare presso Palazzo Butera finalmente dopo decenni i concerti jazz inseriti nel programma del SJF, ed ancora il Maestro Ignazio Garsia e Luca Luzzu della Fondazione Orchestra Jazz Siciliana \u2013 The Brass Group per illustrare il cartellone artistico, Marvi Laspina docente e rappresentante del Conservatorio Corelli di Messina, Daniele Ficola direttore del Conservatorio Scarlatti di Palermo, Lucy Garsia docente e rappresentante del Conservatori Scontrino di Trapani, Riccardo Ferrara direttore del Conservatorio Toscanini di Ribera, i direttori d\u2019orchestra Domenico Riina e Vito Giordano.<\/p>\n<p>Grazie alla convinta collaborazione e la sinergia istituzionale con il Comune di Palermo, il Brass Group e le Istituzioni musicali regionali dell\u2019Alta Formazione, dal <strong>23 giugno al 2 luglio<\/strong>, per il terzo anno consecutivo, dopo il successo delle precedenti edizioni e quello della preview di gennaio, saranno proposti pi\u00f9 di 100 concerti, di cui 10 produzioni orchestrali originali in scena in alcuni siti del centro storico di Palermo quali Palazzo Butera, Palazzo Chiaramonte Steri, il Complesso Monumentale Santa Maria dello Spasimo, il Real Teatro Santa Cecilia e il Teatro di Verdura di Villa Castelnuovo. Sono previste 4 prime assolute di produzioni inedite appositamente commissionate, tanti concerti esclusivi con solisti di fama internazionale e le giovani eccellenze dei conservatori siciliani costituite da big band e dagli allievi delle istituzioni musicali AFAM.<\/p>\n<p>Il Festival, promosso ed organizzato dalla <strong>Regione Siciliana &#8211; Assessorato al Turismo, Sport e Spettacolo<\/strong><strong>, <\/strong>aprir\u00e0 i battenti il <strong>23 giugno<\/strong>, fruttodellacollaborazione con <strong>il Comune e l\u2019Universit\u00e0degliStudi di Palermo, la Fondazione <\/strong><strong>the <\/strong><strong>Brass Group e iConservatori di Musica<\/strong>siciliani, ponendosi come obiettivo la valorizzazionedella<em>Destinazione Sicilia<\/em> quale luogo di realizzazione di grandieventicondivisisulterritorioattraverso il coinvolgimento e la sinergiastrutturaletra le istituzionididatticheregionali, imusicisti e le maestranzelocali. Un cartellone, quello del <strong>Sicilia Jazz Festival 2023<\/strong>, ancora una volta ricco e variegato con attivit\u00e0 concertistiche continue e da vivere, perch\u00e9 la musica \u00e8 sinonimo di vita, crescita sociale, culturale e aggregazione per possibili sviluppi turistici ed economici oltre che un\u2019opportunit\u00e0 per i giovani dei Conservatori a cui va un particolare plauso per l\u2019impegno costante nello studio della musica e per una affermazione di un futuro professionale di alto livello.<\/p>\n<p>Con 1.365 giornate lavorative in favore di musicisti residenti stimate per il 2023, il Festival raddoppia i numeri del 2021 (693) gi\u00e0 significative aumentate nel 2022 (1.118). Una risposta concreta alle difficolt\u00e0 che, sia durante che dopo la pandemia, hanno fortemente penalizzato il comparto della produzione di spettacoli dal vivo e del turismo e che vuole dare modo di valorizzare il territorio e le attrattive turistiche della citt\u00e0 di Palermo.<\/p>\n<p>Tra i dati che il Festival vanta per le edizioni gi\u00e0 realizzate, vi sono numeri importanti e significativi. Si registra infatti un incremento del 104% per gli abbonamenti realizzati con ben 955 del 2023 al 3 maggio 2023; ed ancora le entrate di botteghino (dati SIAE) di \u20ac 88.802,00 il primo anno, \u20ac 147.643,22 con un incremento del 66 .26% il secondo anno e \u20ac 129.741,00 al 03\/05\/2023 per il terzo anno; il\u00a0 numerocomplessivodeglieventi \u00e8 stato di 56 nel 2021, 100 nel 2022 con un incremento del 78.57% e 107 nel 2023 con un incremento del + 7 % rispetto all\u2019annoprecedente; il numero di giornatelavorativedeimusicistiresidenti \u00e8 di 693 nel 2021, 1.118 nel 2022 con un incremento del 61.33 % e 1.365 nel 2023 con un incremento del 22.09 %; non sidevetrascurareanche il numero di prime esecuzioniassolute con un incrementonel 2023 del 33,33%. Questi solo alcuni numeri significativicheaffermanol\u2019importanza del <em>Sicilia Jazz Festival<\/em> quale evento con un grandeapportopositivosia musicale chesociale in quantoampioindottolavorativo.<\/p>\n<p>La terza edizione del Sicilia Jazz Festival vuolerivolgersiallascopertadeiluoghi per riscoprirlinella loro pienezzastorica e culturaleperch\u00e8 la musica \u00e8 un linguaggiouniversale, da tutti compreso senza limiti di et\u00e0 e di genere, senza limiti di appartenenza e di razza.<\/p>\n<p>D\u2019altronde come scriveva Lester Bowie \u201c<em>Il Jazz non \u00e8 repertoriospecifico, n\u00e8 un esercizio accademico\u2026.ma uno stile di vita<\/em>\u201d. Questoperch\u00e8 il jazz \u00e8 ritmo, pura e continua scopertanell\u2019improvvisazione.<\/p>\n<p>Per la terza edizione del <strong>Sicilia Jazz Festival Summer<\/strong>scorrononelcartellonegrandinomi del mondo artisticointernazionale come <strong>Marcus Miller in scena alloSteri il 23 giugno alle ore 21-30 ed ancora Anastacia Gregory Porter, The Manhattan Transfer, gli Earth Wind &amp; Fire experience, Bob Mintzer<\/strong>.<\/p>\n<p><strong>E\u2019 gi\u00e0 in prevendital&#8217;abbonamento del SJF Summer 2023 con ben 9 concerti previsti dal 24 giugno al 2 luglio al Teatro di Verdura. L&#8217;inaugurazione del Sicilia Jazz Festival \u00e8 previstainvece il 23 giugnoalloSteri con Marcus Miller, fuoriabbonamento. Mentretrai concerti deglialtri big presentiquesta estate vi sonoappunto: Diane Schurr il 24 giugno, Bob Mintzer il 25 giugno, Gregory Porter il 26 giugno, Anastacia il 27 giugno, Al McKay &#8211; Earth Wind &amp; Fire Experience il 28 giugno, Judith Hill il 29 giugno, Dave Holland il 30 giugno, Manuel Agnelli il 1 luglio e The Manhattan Transfer il 2 luglio. Tutti I concerti dei big sarannoaccompagnatidall\u2019Orchestra Jazz Siciliana diretta daCarolina Bubbico, Giuseppe Vasapolli, Dave Holland, Bob Mintzer, Domenico Riina, Antonino Pedone, Gianna Fratta e Vito Giordano<\/strong>. Altranovit\u00e0 di quest\u2019anno \u00e8 la realizzazione di alcunispettacoli a Palazzo Butera, questo per valorizzareancora di pi\u00f9 le bellezzestoriche e monumentalidella nostra terra.<\/p>\n<p>Cos\u00ec il Sicilia Jazz Festival siposizionatra le realt\u00e0emergentinel panorama mondialedei festival, in cui la musica jazz \u00e8 lo strumento, di sviluppo e di crescita del dialogointerculturalevolto ad unarinascitaterritoriale. Con questopropositovieneripetutal\u2019esperienza del <em>Sicilia Jazz Festival<\/em> per il terzo anno, la cui peculiarit\u00e0 \u00e8 anchequella di esserel\u2019unico festival natodurante la pandemia a dimostrazioneche la musica e la cultura \u00e8 simbolo di rinascita e forza interiore. Inoltre, il SJF sivanta di essereunakermesse musicale con <em>produzioniinedite e progettiesclusivi jazz<\/em> rispetto a tanti altri festival mondiali. Ricordiamochegrazieall\u2019impegnodell\u2019Ambasciatore di buona volont\u00e0dell\u2019UNESCO e leggenda del Jazz, <em>Herbie Hancock<\/em>, il Jazz, \u00e8 statoriconosciutonel 2011 dall\u2019UNESCOPatrimonioImmaterialedell\u2019Umanit\u00e0, per condividereivalori di un genere musicale profondamentesignificativo. Un messaggio di creativit\u00e0 e riscopertadella propria identit\u00e0chevienesuonato con le note in JAZZ da <strong>tantissimiartisti e produzioniineditemusicalicherappresentanoesclusivemondiali.<\/strong><\/p>\n<p>Saranno presenti anche quest\u2019anno con numerose esibizioni i <em>dipartimenti jazz<\/em> dei conservatori <strong>\u201c<em>Vincenzo Bellini<\/em>\u201d <\/strong>di Catania,\u201c<strong><em>Arcangelo Corelli<\/em>\u201d <\/strong>di Messina,<strong>\u201c<em>Alessandro Scarlatti<\/em>\u201d <\/strong>di Palermo, <strong>\u201c<em>Antonio Scontrino<\/em>\u201d <\/strong>di Trapani, e <strong>\u201cArturo Toscanini\u201d<\/strong> di Ribera al cui interno spiccano anche ospiti nazionali come special guest quali <strong>Paolo Damiani<\/strong>e <strong>Nicky Nicolai<\/strong>.Oltre ai momenti musicali, sono previste delle presentazioni di libri e delle rappresentazioni video che avranno come tematica l\u2019importanza della musica jazz quale strumento di espressione artistica e territoriale.<\/p>\n<p>Info biglietteria ed abbonamenti<strong>Fondazione The Brass Group<\/strong><strong>: <\/strong><strong>091 778 2860<\/strong><strong> &#8211; 334.7391972, <\/strong><a href=\"mailto:info@brassgroup.it\"><strong>info@brassgroup.it<\/strong><\/a><strong>,<\/strong><a href=\"http:\/\/www.thebrassgroup.it\/\"><strong>www.thebrassgroup.it<\/strong><\/a><strong>, fbfondazionethebrassgroup<\/strong><strong>. <\/strong>Biglietteria: <a href=\"http:\/\/www.bluetickets.it\/\">www.bluetickets.it<\/a>, <a href=\"http:\/\/www.tickettando.it\/\">www.tickettando.it<\/a>, Real Teatro Santa Cecilia dal Marted\u00ec al Sabato dalle 9.30 alle 12.30, Spasimo dal Luned\u00ec al Venerd\u00ecdalle 15.30 alle 19.30. Info <a href=\"http:\/\/www.siciliajazzfestival@live.it\">www.siciliajazzfestival@live.it<\/a>, info biglietteria<a href=\"http:\/\/www.bluetickets.it\/\">www.bluetickets.it<\/a>.<\/p>\n<p><strong>Ufficio stampa Fondazione Orchestra Jazz Siciliana \u2013 The Brass Group Rosanna Minaf\u00f2<\/strong><\/p>\n<p>Di seguito ling google drive con l\u2019interacartellastampacontente il comunicato, foto e bio artisti.<\/p>\n<p><a href=\"https:\/\/drive.google.com\/drive\/folders\/1LN1yj9gjJquFc40z0AwJqSSom2nH_9kG?usp=share_link\">https:\/\/drive.google.com\/drive\/folders\/1LN1yj9gjJquFc40z0AwJqSSom2nH_9kG?usp=share_link<\/a><\/p>\n<p>Di seguito link video promo SJF Summer 2023<\/p>\n<p><a href=\"https:\/\/we.tl\/t-kk6OMqULBu\">Promo-SJF2023-senza titoli-vers3.mp4<\/a><\/p>\n","protected":false},"excerpt":{"rendered":"<p>Il SJF Summer 2023 l\u2019evento dei grandi numeri e delle stelle internazionali Tanti giovani dei conservatori protagonisti dell\u2019edizione 2023 Dal 23 giugno al 2 luglio la terza edizione del Festival<\/p>\n<div><a class=\"permalink\" href=\"https:\/\/www.radioempire.it\/index.php\/2023\/05\/13\/presentazione-sicilia-jazz-festival-summer-23-anastacia-gregory-porter-marcus-miller-the-manhattan-transfer-earth-wind-fire-experience-manuel-agnelli-e-bob-mintzer\/\">Read More&#8230;<\/a><\/div>\n","protected":false},"author":2,"featured_media":40486,"comment_status":"closed","ping_status":"closed","sticky":false,"template":"","format":"standard","meta":[],"categories":[3,36],"tags":[],"_links":{"self":[{"href":"https:\/\/www.radioempire.it\/index.php\/wp-json\/wp\/v2\/posts\/40484"}],"collection":[{"href":"https:\/\/www.radioempire.it\/index.php\/wp-json\/wp\/v2\/posts"}],"about":[{"href":"https:\/\/www.radioempire.it\/index.php\/wp-json\/wp\/v2\/types\/post"}],"author":[{"embeddable":true,"href":"https:\/\/www.radioempire.it\/index.php\/wp-json\/wp\/v2\/users\/2"}],"replies":[{"embeddable":true,"href":"https:\/\/www.radioempire.it\/index.php\/wp-json\/wp\/v2\/comments?post=40484"}],"version-history":[{"count":1,"href":"https:\/\/www.radioempire.it\/index.php\/wp-json\/wp\/v2\/posts\/40484\/revisions"}],"predecessor-version":[{"id":40488,"href":"https:\/\/www.radioempire.it\/index.php\/wp-json\/wp\/v2\/posts\/40484\/revisions\/40488"}],"wp:featuredmedia":[{"embeddable":true,"href":"https:\/\/www.radioempire.it\/index.php\/wp-json\/wp\/v2\/media\/40486"}],"wp:attachment":[{"href":"https:\/\/www.radioempire.it\/index.php\/wp-json\/wp\/v2\/media?parent=40484"}],"wp:term":[{"taxonomy":"category","embeddable":true,"href":"https:\/\/www.radioempire.it\/index.php\/wp-json\/wp\/v2\/categories?post=40484"},{"taxonomy":"post_tag","embeddable":true,"href":"https:\/\/www.radioempire.it\/index.php\/wp-json\/wp\/v2\/tags?post=40484"}],"curies":[{"name":"wp","href":"https:\/\/api.w.org\/{rel}","templated":true}]}}