{"id":40513,"date":"2023-05-14T11:14:03","date_gmt":"2023-05-14T11:14:03","guid":{"rendered":"https:\/\/www.radioempire.it\/?p=40513"},"modified":"2023-05-14T11:14:03","modified_gmt":"2023-05-14T11:14:03","slug":"salvo-noe-presenta-a-catania-la-paura-come-dono-un-testo-che-apre-le-finestre-dellanima","status":"publish","type":"post","link":"https:\/\/www.radioempire.it\/index.php\/2023\/05\/14\/salvo-noe-presenta-a-catania-la-paura-come-dono-un-testo-che-apre-le-finestre-dellanima\/","title":{"rendered":"SALVO NO\u00c8 presenta a Catania LA PAURA COME DONO, un testo che apre le finestre dell\u2019anima"},"content":{"rendered":"<p>SALVO NO\u00c8 presenta a Catania LA PAURA COME DONO, un testo che apre le finestre dell\u2019anima<\/p>\n<p>Dopo gli interminabili bagni di folla e affetto lungo tutto lo Stivale, SALVO NO\u00c8 presenta a Catania \u201cLa paura come dono\u201d (Edizioni San Paolo 2023). Per la prima volta in un libro il dialogo tra papa Francesco e lo psicologo. Un incontro straordinario nel quale la psiche diventa respiro, soffio, creazione di un testo che apre le finestre dell\u2019anima.<\/p>\n<p>L\u2019appuntamento \u00e8 il <strong>19 maggio alle ore 17.00 presso il Palazzo della Cultura<\/strong>. Interverranno <strong>S.E. Mons. Luigi Renna<\/strong>, Arcivescovo metropolita di Catania, e il <strong>Prof. Rosario Faraci<\/strong>, ordinario di Economia e gestione delle imprese all\u2019Universit\u00e0 degli Studi di Catania. Modera <strong>Ruggero Sardo<\/strong>, il gentleman della conduzione siciliana.<\/p>\n<p>Scrivere un libro sulle paure rappresenta un viaggio verso la nostra libert\u00e0 e, per arrivarci, abbiamo bisogno di incontrare le tortuosit\u00e0 della vita. Spesso queste tortuosit\u00e0 si presentano sotto forma di dolori, mal di vivere, palpitazioni, incontri, scontri, paure&#8230; A cosa serve tutto questo? A scorgere le parti migliori di noi. Ecco perch\u00e9 la paura pu\u00f2 essere un dono, pu\u00f2 cio\u00e8 proteggerci e farci notare che abbiamo bisogno di liberare le nostre potenzialit\u00e0. Dietro le paure fobiche si nascondono i nostri talenti, la nostra voglia di libert\u00e0, il coraggio di vivere.<br \/>\nQuesti ed altri spunti di riflessione durante la presentazione del libro di SALVO NO\u00c8. Un momento di confronto dal titolo \u201cComunicare emozioni: quando la paura diventa dono\u201d.<\/p>\n<p>L\u2019appuntamento \u00e8 inserito all\u2019interno del ricco programma strutturato in vista della 57a Giornata Mondiale delle Comunicazioni Sociali di domenica 21 maggio 2023. Per celebrarla al meglio, da diciotto anni le Paoline e i Paolini promuovono un evento nazionale, il <strong>Festival della Comunicazione<\/strong>. In questa XVIII edizione viene ospitato nell\u2019Arcidiocesi di Catania, con diverse iniziative dal 18 aprile al 21 maggio, in luoghi significativi del capoluogo etneo. Finalit\u00e0 \u00e8 far riflettere sull\u2019attualit\u00e0 del messaggio del Santo Padre: \u201cParlare col cuore: Veritatem facientes in caritate (Ef 4,15)\u201d.<\/p>\n<p>\u00abUn festival per imparare, in una \u201clezione\u201d nella quale i volti e i cuori si incontrano.\u00bb <strong>sottolinea S.E. Mons. Luigi Renna che aggiunge:<\/strong> \u00abCatania e forse tutta l\u2019Italia vuole \u201cimparare\u201d a parlare col cuore. A partire dal modo con cui guarda a s\u00e9 stessa. Alla sua crisi economica e politica, alla sua dispersione scolastica, alla lotta alla criminalit\u00e0, all\u2019accoglienza degli immigrati sulle coste siciliane. Alla generosit\u00e0 di tanti uomini e donne che con la loro dedizione fanno s\u00ec che questo spazio e questo tempo siano abitati dalla speranza.\u00bb<\/p>\n<p>E, nell\u2019ottica dell\u2019amore, si configura appieno la presentazione del libro \u201cLa paura come dono\u201d, un dialogo tra PAPA FRANCESCO e lo psicologo SALVO NO\u00c8. L\u2019idea nasce dalla consapevolezza che amore e paura sono le due forze motrici della nostra vita. La prima crea e sviluppa l\u2019esistenza di ognuno, la seconda ci protegge. Ma come trasformare quest\u2019ultima in un traino positivo che ci permetta di vivere meglio? Durante il confronto con l\u2019Arcivescovo metropolita di Catania e il Prof. Faraci, moderato da Ruggero Sardo, il Dott. NO\u00c8 prover\u00e0 a rispondere a questa ed altre domande. Con un linguaggio semplice ma profondo dimostrer\u00e0 come la paura si possa trasformare in potere, in dono.<\/p>\n<p>\u00abGli argomenti che ho affrontato in questo libro vengono dal mio lavoro di psicoterapeuta.\u00bb <strong>conclude l\u2019autore<\/strong> \u00abUna professione che mi porta a vedere quello che non compare a prima vista. Le cause nascoste dei disagi, il bozzolo che non si trasforma in farfalla&#8230; \u00e8 questo il problema! Rischiamo di schiacciare il bozzolo con uno stile di vita che non ci fa esprimere al meglio. Nella copertina del libro \u00e8 raffigurata la farfalla che si poggia sul dono. Ecco, la nostra pi\u00f9 grande consapevolezza \u00e8 sapere che tutto \u00e8 un dono.\u00bb<\/p>\n<p>In concomitanza con la presentazione del libro \u201cLa paura come dono\u201d (Edizioni San Paolo 2023) avverr\u00e0 inoltre la <strong>premiazione del concorso \u201cHo un desiderio<\/strong>, sospeso tra sogno e realt\u00e0: quello che ogni Rosso Malpelo incontri un don Lorenzo Milani sulla sua strada\u201d. Promosso dall\u2019Ufficio per la Pastorale scolastica della Diocesi di Catania e rivolto agli studenti delle scuole secondarie di 1\u00b0 e 2\u00b0 grado del capoluogo etneo e provincia, ha costituito una speciale occasione per i ragazzi di cimentarsi nella produzione artistica e in elaborati scritti e\/o multimediali.<\/p>\n<p>L\u2019appuntamento \u00e8 il 19 maggio alle ore 17.00 presso il Palazzo della Cultura. Ingresso libero.<br \/>\n<strong>Per<\/strong> <strong>maggiori informazioni<\/strong> sul programma si pu\u00f2 fare riferimento alla Segreteria organizzativa del Festival della Comunicazione https:\/\/www.festivaldellacomunicazionect.it\/ \/ festivalcomunicazione@arcidiocesicatania.com.<\/p>\n","protected":false},"excerpt":{"rendered":"<p>SALVO NO\u00c8 presenta a Catania LA PAURA COME DONO, un testo che apre le finestre dell\u2019anima Dopo gli interminabili bagni di folla e affetto lungo tutto lo Stivale, SALVO NO\u00c8<\/p>\n<div><a class=\"permalink\" href=\"https:\/\/www.radioempire.it\/index.php\/2023\/05\/14\/salvo-noe-presenta-a-catania-la-paura-come-dono-un-testo-che-apre-le-finestre-dellanima\/\">Read More&#8230;<\/a><\/div>\n","protected":false},"author":2,"featured_media":40514,"comment_status":"closed","ping_status":"closed","sticky":false,"template":"","format":"standard","meta":[],"categories":[3,36],"tags":[],"_links":{"self":[{"href":"https:\/\/www.radioempire.it\/index.php\/wp-json\/wp\/v2\/posts\/40513"}],"collection":[{"href":"https:\/\/www.radioempire.it\/index.php\/wp-json\/wp\/v2\/posts"}],"about":[{"href":"https:\/\/www.radioempire.it\/index.php\/wp-json\/wp\/v2\/types\/post"}],"author":[{"embeddable":true,"href":"https:\/\/www.radioempire.it\/index.php\/wp-json\/wp\/v2\/users\/2"}],"replies":[{"embeddable":true,"href":"https:\/\/www.radioempire.it\/index.php\/wp-json\/wp\/v2\/comments?post=40513"}],"version-history":[{"count":1,"href":"https:\/\/www.radioempire.it\/index.php\/wp-json\/wp\/v2\/posts\/40513\/revisions"}],"predecessor-version":[{"id":40515,"href":"https:\/\/www.radioempire.it\/index.php\/wp-json\/wp\/v2\/posts\/40513\/revisions\/40515"}],"wp:featuredmedia":[{"embeddable":true,"href":"https:\/\/www.radioempire.it\/index.php\/wp-json\/wp\/v2\/media\/40514"}],"wp:attachment":[{"href":"https:\/\/www.radioempire.it\/index.php\/wp-json\/wp\/v2\/media?parent=40513"}],"wp:term":[{"taxonomy":"category","embeddable":true,"href":"https:\/\/www.radioempire.it\/index.php\/wp-json\/wp\/v2\/categories?post=40513"},{"taxonomy":"post_tag","embeddable":true,"href":"https:\/\/www.radioempire.it\/index.php\/wp-json\/wp\/v2\/tags?post=40513"}],"curies":[{"name":"wp","href":"https:\/\/api.w.org\/{rel}","templated":true}]}}