{"id":40537,"date":"2023-05-15T09:32:41","date_gmt":"2023-05-15T09:32:41","guid":{"rendered":"https:\/\/www.radioempire.it\/?p=40537"},"modified":"2023-05-15T09:32:41","modified_gmt":"2023-05-15T09:32:41","slug":"milo-ct-celebra-franco-battiato-nel-secondo-anniversario-della-scomparsa-dal-18-al-20-maggio-seminari-musica-arte-e-meditazione","status":"publish","type":"post","link":"https:\/\/www.radioempire.it\/index.php\/2023\/05\/15\/milo-ct-celebra-franco-battiato-nel-secondo-anniversario-della-scomparsa-dal-18-al-20-maggio-seminari-musica-arte-e-meditazione\/","title":{"rendered":"Milo (CT) celebra Franco Battiato nel secondo anniversario della scomparsa. Dal 18 al 20 maggio seminari, musica, arte e meditazione.\u00a0"},"content":{"rendered":"<p class=\"x_x_x_x_x_x_x_x_x_x_MsoNormal x_x_x_x_x_x_x_x_x_elementToProof\"><span class=\"x_x_x_x_x_x_x_x_x_x_ContentPasted0\">Nel secondo anniversario della scomparsa di Franco Battiato, Milo (CT) torna a celebrare il suo figlio pi\u00f9 illustre con una tre giorni, dal 18 al 20 maggio, densa di appuntamenti, tra mostre, incontri, spettacoli di danza, momenti di meditazione e di riflessione. La rassegna, denominata \u2018Franco Battiato: Le radici dell\u2019essenza\u2019, \u00e8 organizzata dal Centro Studi di Gravit\u00e0 Permanente, in collaborazione con il Comune e la Pro Loco di Milo, e con il patrocinio dell\u2019assessorato regionale dei Beni Culturali e dell\u2019Identit\u00e0 Siciliana e dell\u2019Assemblea regionale siciliana. \u201cAnche nel secondo anniversario dalla sua scomparsa, il Comune di Milo vuole onorare la memoria di Franco Battiato \u2013 dichiara il sindaco di Milo Alfio Cosentino \u2013 Ha dato tanto alla nostra comunit\u00e0 dal punto di vista artistico ma soprattutto umano. \u00c8 nostro dovere, quindi, restituire una piccola parte di quanto ricevuto. E vogliamo farlo, anche quest\u2019anno, cercando di raccontare le tante sfaccettature di questo grande artista, soprattutto gli aspetti pi\u00f9 intimisti. Ringrazio per la preziosa collaborazione \u2013 conclude &#8211; <\/span><span class=\"x_x_x_x_x_x_x_x_x_x_ContentPasted0\">il Centro Studi di Gravit\u00e0 Permanente e la Pro Loco di Milo e, per il patrocinio, l\u2019assessorato dei Beni Culturali e dell\u2019Identit\u00e0 Siciliana e l\u2019Ars\u201d.<\/span><span class=\"x_x_x_x_x_x_x_x_x_x_ContentPasted0\">\u00a0 <\/span><span class=\"x_x_x_x_x_x_x_x_x_x_ContentPasted0\">\u00a0<\/span><\/p>\n<p class=\"x_x_x_x_x_x_x_x_x_x_MsoNormal\"><span class=\"x_x_x_x_x_x_x_x_x_x_ContentPasted0\">Anche quest\u2019anno la manifestazione si propone di esplorare e rievocare la sfera pi\u00f9 spirituale ed intima dell\u2019artista, attraverso i molteplici linguaggi artistici di cui \u00e8 stato straordinario interprete. \u201cQueste giornate \u2013 spiega Fiorella Nozzetti, presidente del Centro Studi di Gravit\u00e0 Permanente &#8211; sono dedicate a ci\u00f2 che ha incuriosito e ha formato, nel corso della vita, Franco Battiato. Lui si \u00e8 abbeverato a tante fonti. La sua formazione artistica e interiore \u00e8 derivata da tutti i percorsi che ha intrapreso: <\/span><span class=\"x_x_x_x_x_x_x_x_x_x_ContentPasted0\">Gurdjieff<\/span><span class=\"x_x_x_x_x_x_x_x_x_x_ContentPasted0\">, lo yoga, il buddhismo tibetano e tanto altro. Si \u00e8 abbeverato ovunque ci fosse qualcosa finalizzato alla crescita. Abbiamo previsto \u2013 prosegue &#8211; anche degli omaggi musicali, ma quello che ci piace narrare \u00e8 questo percorso. \u00c8 importante per noi proporre questi approfondimenti, seppur brevi, perch\u00e9 rispecchiano ci\u00f2 che era Franco. D\u2019altronde, il Centro Studi di Gravit\u00e0 Permanente &#8211; conclude la presidente &#8211; ha come finalit\u00e0 proprio la valorizzazione e lo sviluppo del pensiero filosofico, spirituale e artistico di Franco Battiato\u201d.<\/span><span class=\"x_x_x_x_x_x_x_x_x_x_ContentPasted0\">\u00a0<\/span><\/p>\n<p class=\"x_x_x_x_x_x_x_x_x_x_MsoNormal\"><span class=\"x_x_x_x_x_x_x_x_x_x_ContentPasted0\">La kermesse si aprir\u00e0 gioved\u00ec 18 maggio, di mattina, alle ore 7 e 30, con un intenso momento dedicato alla meditazione e alla preghiera delle diverse confessioni. Alle 10 e 30, nel Centro Servizi \u2018Cav. Salvatore Arcidiacono\u2019, verr\u00e0 inaugurata una mostra di pittura realizzata d<\/span><span class=\"x_x_x_x_x_x_x_x_x_x_ContentPasted0\">ai ragazzi del Consorzio Siciliano di Riabilitazione <\/span><span class=\"x_x_x_x_x_x_x_x_x_x_ContentPasted0\">insieme agli alunni del <\/span><span class=\"x_x_x_x_x_x_x_x_x_x_ContentPasted0\">Liceo Artistico \u2018Emilio Greco\u2019 di Catania. Un percorso artistico lungo un anno, quello intrapreso dai ragazzi del CSR, la pi\u00f9 grande realt\u00e0 siciliana del settore della riabilitazione, <\/span> <span class=\"x_x_x_x_x_x_x_x_x_x_ContentPasted0\">che assiste persone con disabilit\u00e0 di ogni et\u00e0,<\/span> <span class=\"x_x_x_x_x_x_x_x_x_x_ContentPasted0\">nel corso del quale i giovani artisti si sono ispirati ai dipinti di Franco Battiato. <\/span><span class=\"x_x_x_x_x_x_x_x_x_x_ContentPasted0\">Saranno presenti, tra gli altri, il sindaco di Milo Alfio Cosentino, la presidente del Centro Studi di Gravit\u00e0 Permanente, Fiorella Nozzetti, il direttore del <\/span><span class=\"x_x_x_x_x_x_x_x_x_x_ContentPasted0\">Consorzio Siciliano di Riabilitazione, Sergio Lo Trovato, il presidente della Pro Loco di Milo, Alfredo Cavallaro, e il dirigente scolastico del Liceo Artistico \u2018Emilio Greco\u2019 di Catania, Antonio Massimino. Subito dopo l\u2019artista e pittore Piero Zuccaro, tra gli esponenti del Gruppo di Scicli, apprezzato movimento artistico siciliano, illustrer\u00e0 la pittura di Battiato, con cui aveva un legame profondo. Alle ore 12 un omaggio canoro dei bambini e dei ragazzi delle scuole, che eseguiranno brani del cantautore siciliano, animer\u00e0 la piazza Belvedere. Un lancio simbolico di palloncini bianchi concluder\u00e0 il momento musicale. <\/span><span class=\"x_x_x_x_x_x_x_x_x_x_ContentPasted0\">\u00a0<\/span><\/p>\n<p class=\"x_x_x_x_x_x_x_x_x_x_MsoNormal\"><span class=\"x_x_x_x_x_x_x_x_x_x_ContentPasted0\">Nel pomeriggio si susseguiranno, poi, una serie di incontri nel Centro Servizi \u2018Cav. Salvatore Arcidiacono\u2019. Alle ore 16 si inizier\u00e0 con un \u2018Esplorazione individuale con l\u2019Hatha Yoga\u2019, un momento di spiritualit\u00e0 curato da Anastasiia Tebeleva. Alle ore 17 Grazia Velvet Capone presenter\u00e0, con il prof. Paolo Sessa, il volume \u2018Battiatosophia\u2019, <\/span><span class=\"x_x_x_x_x_x_x_x_x_x_ContentPasted0\">scritto con il contributo di diversi autori. Un altro momento di riflessione \u00e8 in programma alle 18 e 30 con l\u2019incontro \u2018Paramahansa Yogananda: La nostra essenza\u2019, curato da Giovanni Consoli. Yogi e guru di fama internazionale, Paramahansa Yogananda fu tra i pi\u00f9 importanti ispiratori del maestro Battiato. Infine, alle 20 e 15, a chiudere la prima giornata sar\u00e0 la presentazione del libro \u201cBattiato. Una ricostruzione sistematica. Percorsi di ascolto consapevole\u201d, curata dall\u2019autore Vincenzo Greco. Una presentazione inedita, in forma di concerto, che alterner\u00e0 temi, suggestioni e percorsi artistici alle canzoni del cantautore siciliano. <\/span><span class=\"x_x_x_x_x_x_x_x_x_x_ContentPasted0\">\u00a0<\/span><\/p>\n<p class=\"x_x_x_x_x_x_x_x_x_x_MsoNormal\"><strong><span class=\"x_x_x_x_x_x_x_x_x_x_ContentPasted0\">U.S. Maria Bella<\/span><\/strong><\/p>\n<p class=\"x_x_x_x_x_x_x_x_x_x_MsoNormal\"><strong><span class=\"x_x_x_x_x_x_x_x_x_x_ContentPasted0\">3284176181<\/span><\/strong><\/p>\n","protected":false},"excerpt":{"rendered":"<p>Nel secondo anniversario della scomparsa di Franco Battiato, Milo (CT) torna a celebrare il suo figlio pi\u00f9 illustre con una tre giorni, dal 18 al 20 maggio, densa di appuntamenti,<\/p>\n<div><a class=\"permalink\" href=\"https:\/\/www.radioempire.it\/index.php\/2023\/05\/15\/milo-ct-celebra-franco-battiato-nel-secondo-anniversario-della-scomparsa-dal-18-al-20-maggio-seminari-musica-arte-e-meditazione\/\">Read More&#8230;<\/a><\/div>\n","protected":false},"author":2,"featured_media":40538,"comment_status":"closed","ping_status":"closed","sticky":false,"template":"","format":"standard","meta":[],"categories":[36,78],"tags":[],"_links":{"self":[{"href":"https:\/\/www.radioempire.it\/index.php\/wp-json\/wp\/v2\/posts\/40537"}],"collection":[{"href":"https:\/\/www.radioempire.it\/index.php\/wp-json\/wp\/v2\/posts"}],"about":[{"href":"https:\/\/www.radioempire.it\/index.php\/wp-json\/wp\/v2\/types\/post"}],"author":[{"embeddable":true,"href":"https:\/\/www.radioempire.it\/index.php\/wp-json\/wp\/v2\/users\/2"}],"replies":[{"embeddable":true,"href":"https:\/\/www.radioempire.it\/index.php\/wp-json\/wp\/v2\/comments?post=40537"}],"version-history":[{"count":1,"href":"https:\/\/www.radioempire.it\/index.php\/wp-json\/wp\/v2\/posts\/40537\/revisions"}],"predecessor-version":[{"id":40540,"href":"https:\/\/www.radioempire.it\/index.php\/wp-json\/wp\/v2\/posts\/40537\/revisions\/40540"}],"wp:featuredmedia":[{"embeddable":true,"href":"https:\/\/www.radioempire.it\/index.php\/wp-json\/wp\/v2\/media\/40538"}],"wp:attachment":[{"href":"https:\/\/www.radioempire.it\/index.php\/wp-json\/wp\/v2\/media?parent=40537"}],"wp:term":[{"taxonomy":"category","embeddable":true,"href":"https:\/\/www.radioempire.it\/index.php\/wp-json\/wp\/v2\/categories?post=40537"},{"taxonomy":"post_tag","embeddable":true,"href":"https:\/\/www.radioempire.it\/index.php\/wp-json\/wp\/v2\/tags?post=40537"}],"curies":[{"name":"wp","href":"https:\/\/api.w.org\/{rel}","templated":true}]}}