{"id":40581,"date":"2023-05-17T09:13:39","date_gmt":"2023-05-17T09:13:39","guid":{"rendered":"https:\/\/www.radioempire.it\/?p=40581"},"modified":"2023-05-17T09:13:39","modified_gmt":"2023-05-17T09:13:39","slug":"la-mia-africa-lunconventional-folk-de-i-beddi-per-il-diritto-allidentita","status":"publish","type":"post","link":"https:\/\/www.radioempire.it\/index.php\/2023\/05\/17\/la-mia-africa-lunconventional-folk-de-i-beddi-per-il-diritto-allidentita\/","title":{"rendered":"LA MIA AFRICA, l\u2019unconventional folk de I BEDDI per il diritto all\u2019identit\u00e0"},"content":{"rendered":"<p><strong>Espressione unica del Sicily unconventional folk, I BEDDI insieme a Ture Most pubblicano<\/strong> <strong>LA MIA AFRICA<\/strong> (Mhod\u00ec Music Company). Freschi, moderni, innovativi. Continuano a far discutere e a spiazzare affrontando una tematica di stringente attualit\u00e0.<\/p>\n<p><strong>LA MIA AFRICA \u00e8 un singolo che testimonia la presa di coscienza e l\u2019impegno sociale della band di Mim\u00ec Sterrantino, Davide Urso &amp; Co<\/strong>. Un brano confezionato con un sound volutamente brioso che spazia dall\u2019afro beat all\u2019indie pop fino a sfiorare il cantautorato siciliano moderno.<\/p>\n<p><strong>A un anno dall\u2019uscita di <em>Sugnu latru<\/em>, I BEDDI tornano con il loro inconfondibile <em>unconventional folk<\/em><\/strong>. Sonorit\u00e0 che risultano sempre pi\u00f9 contaminate, via via che i temi da trattare diventano universali. Cantano in italiano, francese, siculo. Perch\u00e9, per narrare la vicenda del ragazzo morto nel Mediterraneo con una pagella cucita nella giacca, non basta un genere musicale n\u00e9 una sola lingua.<\/p>\n<p><em>\u00abIl Mediterraneo, il nostro amato mare, \u00e8 diventato un oceano di sofferenza, di disumanit\u00e0. Nel nome di uno straziante realismo che non vogliamo pi\u00f9 avallare, nemmeno con il nostro silenzio.\u00bb <strong>spiega Davide Urso<\/strong> \u00abForse non saremo in grado di dare un nome a quel ragazzo partito con sogni, desideri e voglia di riscatto. Ma sicuramente possiamo dare dignit\u00e0 alla sua storia.\u00bb<\/em><\/p>\n<p><strong>LA MIA AFRICA \u00e8 un atto di testimonianza fortemente voluto<\/strong>. Perch\u00e9 \u00e8 ancora necessario parlare del fenomeno migratorio che vede quel mare, il nostro, come un muro da scavalcare ad ogni costo. Una porta da abbattere anche a mani nude, se necessario. <strong>Ispirati dal lavoro del Labanof<\/strong> (Laboratorio di antropologia e odontologia forense dell\u2019Universit\u00e0 statale di Milano) e di altre istituzioni che lottano per restituire l\u2019identit\u00e0 ai morti nel Mediterraneo,<strong> I BEDDI insieme a Ture Most<\/strong> hanno provato a raccontare una storia. Una fra le tante. Ma che ha segnato le loro anime per sempre.<\/p>\n<p><strong>Fuori dal 19 maggio, il singolo LA MIA AFRICA<\/strong> \u00e8 pubblicato da Mhod\u00ec Music Company di Giuseppe Strazzeri e distribuito digitalmente da You Independent. Scritto con Ture Most (pseudonimo di Salvatore Mostaccio), autore dei versi rap, il testo \u00e8 firmato da Davide Urso per Il Tamburo di Aci. <strong>Il video \u00e8 disponibile al link<\/strong> https:\/\/www.youtube.com\/watch?v=HyHQZXcsTEo.<\/p>\n<p>Nel brano hanno suonato <strong>I BEDDI<\/strong>: Mim\u00ec Sterrantino (voce, chitarra acustica e dodici corde, armonica) e Davide Urso (voce recitante, tamburi a cornice, mandolino). E ancora Giampaolo Nunzio (voce, organetto, zampogna, friscalettu e fiati, bouzouki); Ottavio Leo (basso elettrico); Alessio Carastro (batteria e percussioni); Francesco Frud\u00e0 (chitarra elettrica). Con la new entry Noemi Carpinato (voce).<\/p>\n<p><strong>La band di Quannu viru a tia<\/strong> \u00e8 costruita attorno a musicisti poliedrici appartenenti a mondi artistici e sonori differenti. Il risultato \u00e8 un folk leggero che sconfina nel blues, nel cantautorato pi\u00f9 celebrato nel nostro Stivale, nel country americano. Un\u2019intensa attivit\u00e0 concertistica che ha visto la partecipazione de <strong>I BEDDI<\/strong> a numerosi festival e tourn\u00e9e in Italia e all\u2019estero. Originali, sia nell\u2019espressivit\u00e0 del sound, sia nelle tematiche letterarie proposte, <strong>non chiamateli folksinger<\/strong>.<\/p>\n<p><strong>Per maggiori informazioni e approfondimenti<\/strong> si rimanda al sito ufficiale del gruppo restando costantemente aggiornati<br \/>\ntramite i diversi canali social della band.<\/p>\n<p>Segui <strong>I<\/strong> <strong>BEDDI<\/strong> su:<br \/>\nFacebook \/ Instagram \/ Spotify \/ Website<\/p>\n","protected":false},"excerpt":{"rendered":"<p>Espressione unica del Sicily unconventional folk, I BEDDI insieme a Ture Most pubblicano LA MIA AFRICA (Mhod\u00ec Music Company). Freschi, moderni, innovativi. Continuano a far discutere e a spiazzare affrontando<\/p>\n<div><a class=\"permalink\" href=\"https:\/\/www.radioempire.it\/index.php\/2023\/05\/17\/la-mia-africa-lunconventional-folk-de-i-beddi-per-il-diritto-allidentita\/\">Read More&#8230;<\/a><\/div>\n","protected":false},"author":2,"featured_media":40582,"comment_status":"closed","ping_status":"closed","sticky":false,"template":"","format":"standard","meta":[],"categories":[3,36],"tags":[],"_links":{"self":[{"href":"https:\/\/www.radioempire.it\/index.php\/wp-json\/wp\/v2\/posts\/40581"}],"collection":[{"href":"https:\/\/www.radioempire.it\/index.php\/wp-json\/wp\/v2\/posts"}],"about":[{"href":"https:\/\/www.radioempire.it\/index.php\/wp-json\/wp\/v2\/types\/post"}],"author":[{"embeddable":true,"href":"https:\/\/www.radioempire.it\/index.php\/wp-json\/wp\/v2\/users\/2"}],"replies":[{"embeddable":true,"href":"https:\/\/www.radioempire.it\/index.php\/wp-json\/wp\/v2\/comments?post=40581"}],"version-history":[{"count":1,"href":"https:\/\/www.radioempire.it\/index.php\/wp-json\/wp\/v2\/posts\/40581\/revisions"}],"predecessor-version":[{"id":40583,"href":"https:\/\/www.radioempire.it\/index.php\/wp-json\/wp\/v2\/posts\/40581\/revisions\/40583"}],"wp:featuredmedia":[{"embeddable":true,"href":"https:\/\/www.radioempire.it\/index.php\/wp-json\/wp\/v2\/media\/40582"}],"wp:attachment":[{"href":"https:\/\/www.radioempire.it\/index.php\/wp-json\/wp\/v2\/media?parent=40581"}],"wp:term":[{"taxonomy":"category","embeddable":true,"href":"https:\/\/www.radioempire.it\/index.php\/wp-json\/wp\/v2\/categories?post=40581"},{"taxonomy":"post_tag","embeddable":true,"href":"https:\/\/www.radioempire.it\/index.php\/wp-json\/wp\/v2\/tags?post=40581"}],"curies":[{"name":"wp","href":"https:\/\/api.w.org\/{rel}","templated":true}]}}