{"id":40584,"date":"2023-05-17T09:31:04","date_gmt":"2023-05-17T09:31:04","guid":{"rendered":"https:\/\/www.radioempire.it\/?p=40584"},"modified":"2023-05-17T09:31:04","modified_gmt":"2023-05-17T09:31:04","slug":"fragile-equilibrio-e-il-nuovo-singolo-di-giuseppe-cuce-da-venerdi-19-maggio-in-radio-e-in-digitale","status":"publish","type":"post","link":"https:\/\/www.radioempire.it\/index.php\/2023\/05\/17\/fragile-equilibrio-e-il-nuovo-singolo-di-giuseppe-cuce-da-venerdi-19-maggio-in-radio-e-in-digitale\/","title":{"rendered":"\u201cFragile equilibrio\u201d \u00e8 il nuovo singolo di Giuseppe Cuc\u00e8, da venerd\u00ec 19 maggio in radio e in digitale"},"content":{"rendered":"<p><strong>Da venerd\u00ec 19 maggio 2023 sar\u00e0 disponibile in rotazione radiofonica e su tutte le piattaforme di streaming digitale \u201cFragile equilibrio\u201d (TRP Vibes \/ Believe Digital), il nuovo singolo di Giuseppe Cuc\u00e8.<\/strong><\/p>\n<p>&nbsp;<\/p>\n<p><strong>\u201cFragile equilibrio\u201d \u00e8 un brano che racconta un viaggio interiore, una riflessione profonda su come affrontiamo il disagio<\/strong>. L\u2019uomo ha sempre avuto bisogno di tenere tutto sotto controllo ma difficilmente ci riesce. Semplicemente perch\u00e9 \u00e8 impossibile. La risposta pi\u00f9 prevedibile alla difficolt\u00e0 di sopportare l\u2019incertezza \u00e8 il bisogno di controllo per cercare di evitare il verificarsi delle sofferenze temute.<br \/>\nIl problema \u00e8 che quanto pi\u00f9 cerchiamo di tenere tutto sotto controllo, tanto pi\u00f9, quando ci rendiamo conto che questo non \u00e8 possibile, ci sembra di perderlo, con le conseguenti emozioni di ansia, rabbia e frustrazione.<br \/>\nQuesta costante oscillazione tra il bisogno di controllo e la paura di perderlo ci mette in uno stato di Fragile equilibrio\u2026<br \/>\nQuando si ha paura di qualcosa, il corpo si prepara ad affrontare il pericolo e a preparare il comportamento di risposta all\u2019evento, o fuggiamo o attacchiamo.<br \/>\nChiediamo ad un mago la soluzione, cerchiamo nelle carte le risposte, cerchiamo di essere il domatore che affronta il Leone e da queste metafore si spiega perfettamente come nella maggior parte delle occasioni affrontiamo il disagio, edulcorandolo, sfidandolo o rimandandolo.<\/p>\n<p>&nbsp;<\/p>\n<p><strong>Spiega l\u2019artista a proposito del brano<\/strong>: <em>\u201c\u2026Il disagio di crescere, invecchiare, di guardarsi allo specchio e non riconoscersi, perch\u00e9 non hai pi\u00f9 vent\u2019anni, non pi\u00f9 trenta, quaranta \u2026 le responsabilit\u00e0 cambiano, aumentano, la vita stessa si trasforma attorno a te, nonostante tu sei rimasto intrappolato nell\u2019angolo pi\u00f9 remoto del tuo io, uguale alla visione e alla percezione migliore che hai di te stesso. Il mio magico equilibrio \u00e8 semplicemente accogliere tutte le mie fragilit\u00e0 e goderne\u201d.<\/em><\/p>\n<p>&nbsp;<\/p>\n<p><strong>Il videoclip di \u201cFragile equilibrio\u201d \u00e8 il terzo e ultimo capitolo di una trilogia che ha per filo conduttore <em>\u201cil viaggio\u201d<\/em><\/strong>. La clip ambientata presso TRP Studios e la Playa di Catania svela la routine del live del cantautore insieme alla sua band, unendo questa narrazione al sogno ambientato in una spiaggia deserta con un mare in tempesta, dove l\u2019artista trae spunto da un personaggio, un ruolo interpretativo, quello del domatore.<br \/>\nIn questa line up di riprese vedremo Giuseppe Cuc\u00e8 giocare con se stesso e con le inquadrature, svelando un aspetto pi\u00f9 aggressivo verso la macchina da presa, ma allo stesso tempo garbato.<br \/>\nLa consapevolezza di essere persona e personaggio, esce allo scoperto restando sempre sul filo del rasoio di questo equilibrio che nella sua fragilit\u00e0, mostra tutta la sua potenza d\u2019espressione.<\/p>\n<p>&nbsp;<\/p>\n<p><strong>Guarda qui il videoclip:<\/strong> https:\/\/youtu.be\/vAcbNbixlvE<\/p>\n<p>&nbsp;<\/p>\n<p><strong>Biografia<\/strong><br \/>\nAnimato da un progetto, che racchiude l\u2019esperienza maturata in tanti anni di studio e approfondimento del proprio sentire, filtrando il mondo intorno a s\u00e9, rivisitando i canti del sud del mondo, che racchiude soprattutto la composizione di canzoni inedite imbevute di tradizione e passione, <strong>Giuseppe Cuc\u00e8<\/strong> nasce a Catania l\u20198 settembre del 1972 e fin da piccolo coltiva il sogno della scrittura ma soprattutto della musica.<br \/>\nInizia il proprio percorso dipingendo i propri pensieri su tela, per poi successivamente farsi catturare dalla danza contemporanea, fino a confrontarsi con diverse identit\u00e0 esistenti nel proprio essere e capire la propria strada incanalando le proprie energie verso la scrittura e la composizione.<br \/>\nDurante la sua carriera ha collaborato con diversi musicisti, tra i pi\u00f9 fedeli il produttore artistico Riccardo Samperi e il percussionista Francesco Bazzano.<br \/>\nNel 2008 inizia a collaborare con la TRP Music di Riccardo Samperi, ed \u00e8 da questa collaborazione che nasce il cd La Mela e il Serpente, un album che sar\u00e0 espressione assoluta dell\u2019anima Saudade dell\u2019artista. L\u2019album viene anche pubblicato dalla EDINA MUSIC, etichetta Parigina fondata da Yvon Chateigner. Il tour di presentazione dell\u2019album ha dato al cantautore catanese la possibilit\u00e0 di esibirsi nei pi\u00f9 importanti teatri Parigini (Le Trianon, L\u2019Alhambra, Le Petit Saint Martin).<br \/>\nSempre dalla collaborazione con il produttore Riccardo Samperi e dopo un lungo periodo di scrittura e maturazione di nuovi brani, coadiuvato anche dall\u2019apporto artistico dell\u2019amico musicista Fabio Abate, nasce un nuovo progetto musicale che ha gi\u00e0 visto la pubblicazione di tre singoli, <strong>\u201cDi estate non si muore\u201d<\/strong>, <strong>\u201cLa mia Dea\u201d<\/strong> e <strong>\u201cDimmi cosa vuoi\u201d<\/strong>, che confluiranno in un album di prossima uscita per TRP Vibes.<br \/>\nUna nuova squadra di musicisti tra cui: Enzo di Vita alla batteria, Alberto Fidone al basso, Anthony Panebianco al Pianoforte &amp;amp; Hammond, Riccardo Samperi alle chitarre, Giuseppe Furnari al Pianoforte e alla direzione archi di alcuni brani, Claudio Allia al Pianoforte di un brano, Alessandro Longo al cello, Gaetano Adorno alla viola, Marcello Spina e Giovanni Cucuccio ai violini, le Back Vocalist Lilla Costarelli e Teresa Ranieri, l\u2019apporto fondamentale di Claudio Allia l\u2019Ar Comunicator per Trp, e di Alberto Fidone (superivisor per Trp) contribuiranno e daranno a <strong>Giuseppe Cuc\u00e8 un nuovo suono e l\u2019espressione pi\u00f9 matura e a fuoco del suo percorso artistico<\/strong>.<\/p>\n<p><strong>\u201cFragile equilibrio\u201d \u00e8 il nuovo singolo di Giuseppe Cuc\u00e8 disponibile sulle piattaforme digitali di streaminge in rotazione radiofonica dal 19 maggio 2023.<\/strong><\/p>\n<p>Facebook | Instagram |Twitter |Spotify |YouTube<\/p>\n","protected":false},"excerpt":{"rendered":"<p>Da venerd\u00ec 19 maggio 2023 sar\u00e0 disponibile in rotazione radiofonica e su tutte le piattaforme di streaming digitale \u201cFragile equilibrio\u201d (TRP Vibes \/ Believe Digital), il nuovo singolo di Giuseppe<\/p>\n<div><a class=\"permalink\" href=\"https:\/\/www.radioempire.it\/index.php\/2023\/05\/17\/fragile-equilibrio-e-il-nuovo-singolo-di-giuseppe-cuce-da-venerdi-19-maggio-in-radio-e-in-digitale\/\">Read More&#8230;<\/a><\/div>\n","protected":false},"author":2,"featured_media":40585,"comment_status":"closed","ping_status":"closed","sticky":false,"template":"","format":"standard","meta":[],"categories":[3,36],"tags":[],"_links":{"self":[{"href":"https:\/\/www.radioempire.it\/index.php\/wp-json\/wp\/v2\/posts\/40584"}],"collection":[{"href":"https:\/\/www.radioempire.it\/index.php\/wp-json\/wp\/v2\/posts"}],"about":[{"href":"https:\/\/www.radioempire.it\/index.php\/wp-json\/wp\/v2\/types\/post"}],"author":[{"embeddable":true,"href":"https:\/\/www.radioempire.it\/index.php\/wp-json\/wp\/v2\/users\/2"}],"replies":[{"embeddable":true,"href":"https:\/\/www.radioempire.it\/index.php\/wp-json\/wp\/v2\/comments?post=40584"}],"version-history":[{"count":1,"href":"https:\/\/www.radioempire.it\/index.php\/wp-json\/wp\/v2\/posts\/40584\/revisions"}],"predecessor-version":[{"id":40586,"href":"https:\/\/www.radioempire.it\/index.php\/wp-json\/wp\/v2\/posts\/40584\/revisions\/40586"}],"wp:featuredmedia":[{"embeddable":true,"href":"https:\/\/www.radioempire.it\/index.php\/wp-json\/wp\/v2\/media\/40585"}],"wp:attachment":[{"href":"https:\/\/www.radioempire.it\/index.php\/wp-json\/wp\/v2\/media?parent=40584"}],"wp:term":[{"taxonomy":"category","embeddable":true,"href":"https:\/\/www.radioempire.it\/index.php\/wp-json\/wp\/v2\/categories?post=40584"},{"taxonomy":"post_tag","embeddable":true,"href":"https:\/\/www.radioempire.it\/index.php\/wp-json\/wp\/v2\/tags?post=40584"}],"curies":[{"name":"wp","href":"https:\/\/api.w.org\/{rel}","templated":true}]}}