{"id":40670,"date":"2023-05-23T14:25:17","date_gmt":"2023-05-23T14:25:17","guid":{"rendered":"https:\/\/www.radioempire.it\/?p=40670"},"modified":"2023-05-23T14:25:17","modified_gmt":"2023-05-23T14:25:17","slug":"xxi-premio-basile-2023-a-roma-la-citta-metropolitana-di-messina-premiata-per-leccellenza-formativa","status":"publish","type":"post","link":"https:\/\/www.radioempire.it\/index.php\/2023\/05\/23\/xxi-premio-basile-2023-a-roma-la-citta-metropolitana-di-messina-premiata-per-leccellenza-formativa\/","title":{"rendered":"XXI Premio Basile 2023, a Roma la Citt\u00e0 Metropolitana di Messina premiata per l&#8217;eccellenza formativa"},"content":{"rendered":"<div><strong style=\"color: #0000ff; font-size: 10pt;\">Il Premio \u00e8 intitolato a Filippo Basile, dirigente dell\u2019Assessorato Agricoltura e Foreste della Regione Siciliana, assassinato il 5 luglio 1999<\/strong><\/div>\n<div>\n<div>Il Comitato scientifico della XXI edizione del Premio Basile 2023 per la formazione nella Pubblica Amministrazione, nel corso della cerimonia di premiazione che si \u00e8 svolta oggi a Roma, nell\u2019Auditorium della Consob, ha conferito alla Citt\u00e0 Metropolitana di Messina due premi per l&#8217;eccellenza formativa realizzata in tema di inclusione ed educazione ambientale.<\/div>\n<div>Il Premio, promosso dall\u2019Associazione italiana formatori (Aif), ha come obiettivo quello di valorizzare e diffondere le migliori esperienze formative realizzate dalle pubbliche amministrazioni.<\/div>\n<div>Il premio assegnato \u00e8 legato al progetto \u201cSiamo tutti cartolai! Amicizie silenziose tra carta e natura per costruire una biblioteca della biodiversit\u00e0 altamente creativa attraverso laboratori esperienziali\u201d, classificatosi al terzo posto a livello nazionale e proposto nella sezione \u201cProcessi Formativi\/Progetti Formativi\u201d; l&#8217;iniziativa \u00e8 stata realizzata dal Nodo In.F.E.A. della Citt\u00e0 Metropolitana di Messina, in sinergia con l\u2019Ente proponente e attuatore \u201cO2italia\u201d e con l\u2019A.I.A.S. Onlus di Barcellona Pozzo di Gotto, ed \u00e8 stata diretta dalla responsabile del progetto arch. Antonia Teatino. Si \u00e8 trattato di un format che ha messo insieme formazione per adulti e attivit\u00e0 laboratoriali per gruppi di bambini con bisogni speciali con l\u2019obiettivo di creare un approccio ecologico attraverso un\u2019azione inclusiva ed esperienziale che ha permesso una connessione tra le risorse naturali del territorio, i percorsi sensoriali, l\u2019attivit\u00e0 riabilitativa e quella didattica.<\/div>\n<div>Il secondo riconoscimento di eccellenza \u00e8 andato al progetto &#8220;Futuri Cittadini responsabili2.0. Pasta e fagioli\u2026con olio &#8211; La dieta mediterranea ti fa bene&#8221;, inserito nella sezione \u201cReti Formative\/Sistemi Formativi\u201d e incentrato sugli stili di vita, la salute e l&#8217;ambiente finalizzati al benessere individuale e collettivo realizzato in collaborazione con AssoCEA Messina APS, INGV, ARPA Sicilia, IRRSAT, Ramarro Messina. In particolare, si \u00e8 puntato sulla costituzione di una rete operativa per la dieta mediterranea aperta alla partecipazione di enti, associazioni, aziende operanti nei diversi settori della ricerca, della cultura, della salute, dell\u2019istruzione, della produzione e distribuzione, dell\u2019associazionismo culturale, ambientale, sociale, in collaborazione con gli istituti scolastici di ogni ordine e grado, per la programmazione nell\u2019ambito dei piani di offerta formativa integrativa di progetti didattici sui temi della dieta mediterranea.<\/div>\n<div>A ritirare i premi, in rappresentanza del Sindaco, dott. Federico Basile, \u00e8 stato il responsabile del NodoInFEA della Citt\u00e0 Metropolitana di Messina, dott. Giuseppe Cacciola.<\/div>\n<div><\/div>\n<div><strong>Il Responsabile dell\u2019Ufficio Comunicazione Istituzionale<\/strong><\/div>\n<div><strong>Addetto Stampa dott. Giuseppe Span\u00f2<\/strong><\/div>\n<\/div>\n","protected":false},"excerpt":{"rendered":"<p>Il Premio \u00e8 intitolato a Filippo Basile, dirigente dell\u2019Assessorato Agricoltura e Foreste della Regione Siciliana, assassinato il 5 luglio 1999 Il Comitato scientifico della XXI edizione del Premio Basile 2023<\/p>\n<div><a class=\"permalink\" href=\"https:\/\/www.radioempire.it\/index.php\/2023\/05\/23\/xxi-premio-basile-2023-a-roma-la-citta-metropolitana-di-messina-premiata-per-leccellenza-formativa\/\">Read More&#8230;<\/a><\/div>\n","protected":false},"author":2,"featured_media":40671,"comment_status":"closed","ping_status":"closed","sticky":false,"template":"","format":"standard","meta":[],"categories":[36,78],"tags":[],"_links":{"self":[{"href":"https:\/\/www.radioempire.it\/index.php\/wp-json\/wp\/v2\/posts\/40670"}],"collection":[{"href":"https:\/\/www.radioempire.it\/index.php\/wp-json\/wp\/v2\/posts"}],"about":[{"href":"https:\/\/www.radioempire.it\/index.php\/wp-json\/wp\/v2\/types\/post"}],"author":[{"embeddable":true,"href":"https:\/\/www.radioempire.it\/index.php\/wp-json\/wp\/v2\/users\/2"}],"replies":[{"embeddable":true,"href":"https:\/\/www.radioempire.it\/index.php\/wp-json\/wp\/v2\/comments?post=40670"}],"version-history":[{"count":1,"href":"https:\/\/www.radioempire.it\/index.php\/wp-json\/wp\/v2\/posts\/40670\/revisions"}],"predecessor-version":[{"id":40672,"href":"https:\/\/www.radioempire.it\/index.php\/wp-json\/wp\/v2\/posts\/40670\/revisions\/40672"}],"wp:featuredmedia":[{"embeddable":true,"href":"https:\/\/www.radioempire.it\/index.php\/wp-json\/wp\/v2\/media\/40671"}],"wp:attachment":[{"href":"https:\/\/www.radioempire.it\/index.php\/wp-json\/wp\/v2\/media?parent=40670"}],"wp:term":[{"taxonomy":"category","embeddable":true,"href":"https:\/\/www.radioempire.it\/index.php\/wp-json\/wp\/v2\/categories?post=40670"},{"taxonomy":"post_tag","embeddable":true,"href":"https:\/\/www.radioempire.it\/index.php\/wp-json\/wp\/v2\/tags?post=40670"}],"curies":[{"name":"wp","href":"https:\/\/api.w.org\/{rel}","templated":true}]}}