{"id":40866,"date":"2023-06-03T14:09:56","date_gmt":"2023-06-03T14:09:56","guid":{"rendered":"https:\/\/www.radioempire.it\/?p=40866"},"modified":"2023-06-03T14:09:56","modified_gmt":"2023-06-03T14:09:56","slug":"al-municipio-la-presentazione-del-libro-messina-citta-perduta-dello-storico-dellarte-nicolo-fiorenza","status":"publish","type":"post","link":"https:\/\/www.radioempire.it\/index.php\/2023\/06\/03\/al-municipio-la-presentazione-del-libro-messina-citta-perduta-dello-storico-dellarte-nicolo-fiorenza\/","title":{"rendered":"Al Municipio la presentazione del libro \u2018Messina Citt\u00e0 Perduta\u2019, dello storico dell\u2019arte \u00a0Nicol\u00f2 Fiorenza.\u00a0"},"content":{"rendered":"<p><strong>Messina. <\/strong>Sar\u00e0 presentato <strong>sabato 10 giugno<\/strong>, alle <strong>ore 17:30<\/strong>, nel Salone delle Bandiere del <strong>Palazzo di citt\u00e0<\/strong> di <strong>Messina<\/strong>, nell\u2019ambito del ciclo di convegni sul Patrimonio Monumentale perduto del capoluogo peloritano, il libro \u201cMessina Citt\u00e0 Perduta<i>\u201d<\/i> dello storico dell\u2019arte e ispettore regionale dei Beni Culturali Nicol\u00f2 Fiorenza. Nato a Catania, Fiorenza ha studiato e si \u00e8 diplomato in architettura all&#8217;istituto statale d\u2019arte nella sede del Collegio dei Gesuiti di Catania, per poi laurearsi, con il massimo dei voti in Beni culturali all\u2019Accademia delle Belle Arti di Catania. Si \u00e8 specializzato poi nella conservazione dei beni culturali e nel restauro monumentale, collaborando a progetti volti alla valorizzazione dei beni storici, promossi nelle citt\u00e0 di Catania, Palermo, Messina, Siracusa, Taormina, Nicosia, Noto, Giarre, Montevago, Centuripe e Catenanuova. All\u2019evento, patrocinato dalla Camera dei deputati, dal Ministero della Cultura, dall\u2019Assessorato ai Beni culturali e dell\u2019Identit\u00e0 siciliana, dall\u2019Assemblea Regionale Siciliana e dal Comune di Messina, interverranno, tra gli altri, il sindaco di Messina Federico Basile, l\u2019assessore alla Cultura Vincenzo Caruso (curatori dei saluti istituzionali del libro), il docente del Conservatorio di Stato di Palermo Gianfranco Pappalardo e, infine, la Soprintendente dei Beni Culturali di Messina, nonch\u00e9 curatrice della prefazione del volume, Mirella Vinci. Luciano Giannone curer\u00e0 la presentazione della ricostruzione virtuale dei monumenti perduti della citt\u00e0 di Messina. Introdurr\u00e0 i lavori Maria Teresa Prestigiacomo, critico d\u2019arte e docente, e moderer\u00e0 la presentazione Vittoriana Abate, giornalista, autrice e conduttrice televisiva. Saranno presenti, inoltre, Filippo Grasso, delegato alle iniziative scientifiche nel settore del turismo dell\u2019Universit\u00e0 di Messina, in rappresentanza del Magnifico Rettore, e tutte le autorit\u00e0 civili, militari e religiose, ed i presidenti delle associazioni culturali che operano sul territorio.<\/p>\n<p><img loading=\"lazy\" class=\"size-medium wp-image-40868 alignleft\" src=\"https:\/\/www.radioempire.it\/wp-content\/uploads\/2023\/06\/Locandina-presentazione-212x300.jpg\" alt=\"\" width=\"212\" height=\"300\" srcset=\"https:\/\/www.radioempire.it\/wp-content\/uploads\/2023\/06\/Locandina-presentazione-212x300.jpg 212w, https:\/\/www.radioempire.it\/wp-content\/uploads\/2023\/06\/Locandina-presentazione-724x1024.jpg 724w, https:\/\/www.radioempire.it\/wp-content\/uploads\/2023\/06\/Locandina-presentazione-768x1086.jpg 768w, https:\/\/www.radioempire.it\/wp-content\/uploads\/2023\/06\/Locandina-presentazione-1086x1536.jpg 1086w, https:\/\/www.radioempire.it\/wp-content\/uploads\/2023\/06\/Locandina-presentazione.jpg 1131w\" sizes=\"(max-width: 212px) 100vw, 212px\" \/><\/p>\n<p>Il volume \u201cMessina Citt\u00e0 Perduta\u201d descrive in dettaglio, attraverso un\u2019attenta analisi storica, il patrimonio artistico monumentale della Citt\u00e0, andato irrimediabilmente perduto a causa del sisma del 28 dicembre 1908. \u201cConoscere il fenomeno sismico e il suo impatto sul patrimonio monumentale, nonch\u00e9 la storia sul recupero dei beni culturali della citt\u00e0 &#8211; spiega Nicol\u00f2 Fiorenza &#8211; \u00e8 indispensabile per comprendere le dinamiche che ne hanno determinato la perdita e la dispersione negli anni successivi al terribile sisma. Oggi pi\u00f9 che mai Messina avverte l\u2019esigenza di ricostituire quell\u2019identit\u00e0 perduta, facendo rinascere quei luoghi-simbolo che l\u2019hanno resa grande nel passato e che, ad oggi, vivono in letargo sottoforma di molteplici frammenti, accatastati nell\u2019area attigua alla sede del Museo Regionale, in attesa di una chiara destinazione d\u2019uso\u201d. Il pregevole volume sar\u00e0 presentato il 22 giugno alla Camera dei Deputati a Roma, alla presenza del segretario generale del Ministero della Cultura, dott. Mario Turetta, e dell\u2019On.le Simone Billi, Delegato Parlamentare presso l&#8217;Assemblea parlamentare del Consiglio d&#8217;Europa e il 24 giugno a Parigi, all\u2019Universit\u00e0 Sorbonne Lettres, nell\u2019ambito di un incontro organizzato dall\u2019Accademia Euromediterranea delle Arti a cui saranno presenti l\u2019ambasciatrice e il console d\u2019Italia in Francia, che per l\u2019occasione premieranno lo scrittore.<\/p>\n","protected":false},"excerpt":{"rendered":"<p>Messina. Sar\u00e0 presentato sabato 10 giugno, alle ore 17:30, nel Salone delle Bandiere del Palazzo di citt\u00e0 di Messina, nell\u2019ambito del ciclo di convegni sul Patrimonio Monumentale perduto del capoluogo<\/p>\n<div><a class=\"permalink\" href=\"https:\/\/www.radioempire.it\/index.php\/2023\/06\/03\/al-municipio-la-presentazione-del-libro-messina-citta-perduta-dello-storico-dellarte-nicolo-fiorenza\/\">Read More&#8230;<\/a><\/div>\n","protected":false},"author":2,"featured_media":40867,"comment_status":"closed","ping_status":"closed","sticky":false,"template":"","format":"standard","meta":[],"categories":[3,36],"tags":[],"_links":{"self":[{"href":"https:\/\/www.radioempire.it\/index.php\/wp-json\/wp\/v2\/posts\/40866"}],"collection":[{"href":"https:\/\/www.radioempire.it\/index.php\/wp-json\/wp\/v2\/posts"}],"about":[{"href":"https:\/\/www.radioempire.it\/index.php\/wp-json\/wp\/v2\/types\/post"}],"author":[{"embeddable":true,"href":"https:\/\/www.radioempire.it\/index.php\/wp-json\/wp\/v2\/users\/2"}],"replies":[{"embeddable":true,"href":"https:\/\/www.radioempire.it\/index.php\/wp-json\/wp\/v2\/comments?post=40866"}],"version-history":[{"count":1,"href":"https:\/\/www.radioempire.it\/index.php\/wp-json\/wp\/v2\/posts\/40866\/revisions"}],"predecessor-version":[{"id":40869,"href":"https:\/\/www.radioempire.it\/index.php\/wp-json\/wp\/v2\/posts\/40866\/revisions\/40869"}],"wp:featuredmedia":[{"embeddable":true,"href":"https:\/\/www.radioempire.it\/index.php\/wp-json\/wp\/v2\/media\/40867"}],"wp:attachment":[{"href":"https:\/\/www.radioempire.it\/index.php\/wp-json\/wp\/v2\/media?parent=40866"}],"wp:term":[{"taxonomy":"category","embeddable":true,"href":"https:\/\/www.radioempire.it\/index.php\/wp-json\/wp\/v2\/categories?post=40866"},{"taxonomy":"post_tag","embeddable":true,"href":"https:\/\/www.radioempire.it\/index.php\/wp-json\/wp\/v2\/tags?post=40866"}],"curies":[{"name":"wp","href":"https:\/\/api.w.org\/{rel}","templated":true}]}}