{"id":40915,"date":"2023-06-05T22:49:00","date_gmt":"2023-06-05T22:49:00","guid":{"rendered":"https:\/\/www.radioempire.it\/?p=40915"},"modified":"2023-06-05T22:49:00","modified_gmt":"2023-06-05T22:49:00","slug":"tutto-pronto-per-vinitala-tre-giorni-per-scoprire-la-valle-del-monte-scuderi","status":"publish","type":"post","link":"https:\/\/www.radioempire.it\/index.php\/2023\/06\/05\/tutto-pronto-per-vinitala-tre-giorni-per-scoprire-la-valle-del-monte-scuderi\/","title":{"rendered":"Tutto pronto per \u201cVinitala\u201d: tre giorni per scoprire la Valle del Monte Scuderi"},"content":{"rendered":"<p><strong>Il 9,10 e 11 giugno a largo Badia, nella frazione Croce di Itala, degustazioni di vini e prodotti locali, street food, artigianato e musica popolare per promuovere il territorio della Valle del Monte Scuderi<\/strong><\/p>\n<p>Presentato questa mattina al Comune di Itala il programma di \u201cVinitala. Territorio e tradizione\u201d: la manifestazione che promuove eccellenze enogastronomiche della Valle del Monte Scuderi si svolger\u00e0 nello slargo di contrada Badia, nella frazione di Croce, il venerd\u00ec 9, sabato 10 e domenica 11 giugno. La terza edizione di \u201cVinitala\u201d, organizzata dal Comune di Itala in collaborazione con l\u2019Arcipretura di Itala e l\u2019Associazione Italiana Sommelier Sicilia, si inserisce nel cartellone di eventi comprensoriale \u201cBiddizza ionica\u201d.<\/p>\n<p>.\u00a0<img loading=\"lazy\" class=\"alignnone size-medium wp-image-40921\" src=\"https:\/\/www.radioempire.it\/wp-content\/uploads\/2023\/06\/Foto-Vinitala-1-300x225.jpg\" alt=\"\" width=\"300\" height=\"225\" srcset=\"https:\/\/www.radioempire.it\/wp-content\/uploads\/2023\/06\/Foto-Vinitala-1-300x225.jpg 300w, https:\/\/www.radioempire.it\/wp-content\/uploads\/2023\/06\/Foto-Vinitala-1-1024x768.jpg 1024w, https:\/\/www.radioempire.it\/wp-content\/uploads\/2023\/06\/Foto-Vinitala-1-768x576.jpg 768w, https:\/\/www.radioempire.it\/wp-content\/uploads\/2023\/06\/Foto-Vinitala-1-1536x1152.jpg 1536w, https:\/\/www.radioempire.it\/wp-content\/uploads\/2023\/06\/Foto-Vinitala-1.jpg 2048w\" sizes=\"(max-width: 300px) 100vw, 300px\" \/><img loading=\"lazy\" class=\"alignnone size-medium wp-image-40920\" src=\"https:\/\/www.radioempire.it\/wp-content\/uploads\/2023\/06\/Foto2-Vinitala-1-300x225.jpg\" alt=\"\" width=\"300\" height=\"225\" srcset=\"https:\/\/www.radioempire.it\/wp-content\/uploads\/2023\/06\/Foto2-Vinitala-1-300x225.jpg 300w, https:\/\/www.radioempire.it\/wp-content\/uploads\/2023\/06\/Foto2-Vinitala-1-1024x768.jpg 1024w, https:\/\/www.radioempire.it\/wp-content\/uploads\/2023\/06\/Foto2-Vinitala-1-768x576.jpg 768w, https:\/\/www.radioempire.it\/wp-content\/uploads\/2023\/06\/Foto2-Vinitala-1-1536x1152.jpg 1536w, https:\/\/www.radioempire.it\/wp-content\/uploads\/2023\/06\/Foto2-Vinitala-1.jpg 2048w\" sizes=\"(max-width: 300px) 100vw, 300px\" \/><\/p>\n<p><strong>\u00abLa manifestazione <\/strong><strong>nasce con l\u2019obiettivo di promuovere l\u2019identit\u00e0 agroalimentare locale attraverso la valorizzazione dei nostri prodotti e e della nostra storia<\/strong><strong>\u00bb<\/strong>, spiega il sindaco di Itala Daniele Laudini. \u00ab\u201cVinitala\u201d vuole conferire il giusto valore ad un importante segmento produttivo dell\u2019economia del territorio, le cui eccellenze enogastronomiche non sono altro che il risultato di quella trasformazione del settore agricolo ed in particolare vitivinicolo in forte rilancio nel comprensorio ionico del messinese\u00bb.<\/p>\n<p>&nbsp;<\/p>\n<p><strong>Il programma della manifestazione prevede la promozione e valorizzazione delle eccellenze enogastronomiche locali <\/strong>attraverso la degustazione di vini e prodotti tipici all\u2019interno degli spazi espositivi allestiti dai produttori locali e dalle attivit\u00e0 commerciali del luogo accompagnata da spettacoli musicali. Venerd\u00ec 9 giugno intratterr\u00e0 la serata il gruppo \u201cFolk Val di Nisi\u201d. Sabato 10 giugno il concerto siciliano \u201cU Cantu do Jaddu\u201d del gruppo musicale \u201cCanti e cunti\u201d. Infine, domenica 11 giugno il viaggio nella tradizione musicale popolare siciliana con il gruppo musicale \u201cEcodeicanti\u201d.<\/p>\n<p>Previsti anche due momenti dedicati alla comunicazione delle eccellenze vitivinicole del territorio quali il convegno d\u2019apertura di venerd\u00ec 9 giugno dal titolo \u201cI vini della Valle del monte Scuderi\u201d e la degustazione guidata sulla \u201cA\u2019Marena\u201d di domenica 11 giugno a cura della sezione territoriale di Taormina dell\u2019Associazione italiana sommelier.<\/p>\n<p><img loading=\"lazy\" class=\"size-medium wp-image-40918 alignleft\" src=\"https:\/\/www.radioempire.it\/wp-content\/uploads\/2023\/06\/A-Marena-212x300.jpg\" alt=\"\" width=\"212\" height=\"300\" srcset=\"https:\/\/www.radioempire.it\/wp-content\/uploads\/2023\/06\/A-Marena-212x300.jpg 212w, https:\/\/www.radioempire.it\/wp-content\/uploads\/2023\/06\/A-Marena-724x1024.jpg 724w, https:\/\/www.radioempire.it\/wp-content\/uploads\/2023\/06\/A-Marena-768x1086.jpg 768w, https:\/\/www.radioempire.it\/wp-content\/uploads\/2023\/06\/A-Marena-1086x1536.jpg 1086w, https:\/\/www.radioempire.it\/wp-content\/uploads\/2023\/06\/A-Marena.jpg 1131w\" sizes=\"(max-width: 212px) 100vw, 212px\" \/><\/p>\n<p>\u00abLa peculiarit\u00e0 di questo contenitore che \u00e8 Vinitala \u00e8 la valorizzazione dei vini della Valle del Monte Scuderi. Per questo abbiamo voluto dedicare un focus alla storia, all\u2019identit\u00e0 e alle prospettive di questi vini locali ricordando due illustri personalit\u00e0, il Prof. Pietro Cuppari e il Prof. Sciacca, che pi\u00f9 di tutti hanno contribuito allo sviluppo di questa filiera nella Valle dei Monte Scuderi. Comunicare il territorio attraverso eventi tematici si prefigge anche l\u2019autorevole scopo di valorizzare non solo la produzione vitivinicola ma l\u2019intero territorio con la sua cultura, storia e tradizione\u00bb.<\/p>\n<p>&nbsp;<\/p>\n<p><strong>Degustazione dei vini locali, street food, artigianato, ma anche valorizzazione e promozione del territorio e delle sue tradizioni.<\/strong> \u00abLa sinergia tra diversi enti ha reso possibile la realizzazione della manifestazione. Dai produttori locali ai commercianti che si occuperanno dell\u2019allestimento degli spazi espositivi, alla Pro Loco \u201cGiovannello da Itala\u201d che ha organizzato la sfilata del Corteo medievali e la degustazione dei \u201cSapori medievali\u201d, all\u2019associazione Anello del Nisi che ha previsto una camminata alla scoperta del borgo di Itala, all\u2019Arcipretura di Itala che per l\u2019occasione ha reso fruibili al pubblico lo slargo e la chiesa arabo-normanna dei Santi Pietro e Paolo dell\u2019anno 1093, ai Giovani di Itala e ai volontari del servizio civile universale che hanno coadiuvato l\u2019amministrazione nell\u2019organizzazione dell\u2019evento\u00bb.<\/p>\n<p><strong>Giusy Bottari<\/strong><\/p>\n<p><strong>\u00a0<\/strong><\/p>\n<p>&nbsp;<\/p>\n<p>&nbsp;<\/p>\n<p>&nbsp;<\/p>\n<p>&nbsp;<\/p>\n<p>&nbsp;<\/p>\n<p>&nbsp;<\/p>\n<p>&nbsp;<\/p>\n<p>&nbsp;<\/p>\n<p>&nbsp;<\/p>\n<p>&nbsp;<\/p>\n","protected":false},"excerpt":{"rendered":"<p>Il 9,10 e 11 giugno a largo Badia, nella frazione Croce di Itala, degustazioni di vini e prodotti locali, street food, artigianato e musica popolare per promuovere il territorio della<\/p>\n<div><a class=\"permalink\" href=\"https:\/\/www.radioempire.it\/index.php\/2023\/06\/05\/tutto-pronto-per-vinitala-tre-giorni-per-scoprire-la-valle-del-monte-scuderi\/\">Read More&#8230;<\/a><\/div>\n","protected":false},"author":2,"featured_media":40917,"comment_status":"closed","ping_status":"closed","sticky":false,"template":"","format":"standard","meta":[],"categories":[3,36],"tags":[],"_links":{"self":[{"href":"https:\/\/www.radioempire.it\/index.php\/wp-json\/wp\/v2\/posts\/40915"}],"collection":[{"href":"https:\/\/www.radioempire.it\/index.php\/wp-json\/wp\/v2\/posts"}],"about":[{"href":"https:\/\/www.radioempire.it\/index.php\/wp-json\/wp\/v2\/types\/post"}],"author":[{"embeddable":true,"href":"https:\/\/www.radioempire.it\/index.php\/wp-json\/wp\/v2\/users\/2"}],"replies":[{"embeddable":true,"href":"https:\/\/www.radioempire.it\/index.php\/wp-json\/wp\/v2\/comments?post=40915"}],"version-history":[{"count":1,"href":"https:\/\/www.radioempire.it\/index.php\/wp-json\/wp\/v2\/posts\/40915\/revisions"}],"predecessor-version":[{"id":40922,"href":"https:\/\/www.radioempire.it\/index.php\/wp-json\/wp\/v2\/posts\/40915\/revisions\/40922"}],"wp:featuredmedia":[{"embeddable":true,"href":"https:\/\/www.radioempire.it\/index.php\/wp-json\/wp\/v2\/media\/40917"}],"wp:attachment":[{"href":"https:\/\/www.radioempire.it\/index.php\/wp-json\/wp\/v2\/media?parent=40915"}],"wp:term":[{"taxonomy":"category","embeddable":true,"href":"https:\/\/www.radioempire.it\/index.php\/wp-json\/wp\/v2\/categories?post=40915"},{"taxonomy":"post_tag","embeddable":true,"href":"https:\/\/www.radioempire.it\/index.php\/wp-json\/wp\/v2\/tags?post=40915"}],"curies":[{"name":"wp","href":"https:\/\/api.w.org\/{rel}","templated":true}]}}