{"id":41465,"date":"2023-07-02T08:18:57","date_gmt":"2023-07-02T08:18:57","guid":{"rendered":"https:\/\/www.radioempire.it\/?p=41465"},"modified":"2023-07-02T08:18:57","modified_gmt":"2023-07-02T08:18:57","slug":"posizione-permanente-allinterno-della-torre-saracena-di-roccalumera-messina","status":"publish","type":"post","link":"https:\/\/www.radioempire.it\/index.php\/2023\/07\/02\/posizione-permanente-allinterno-della-torre-saracena-di-roccalumera-messina\/","title":{"rendered":"POSIZIONE PERMANENTE ALL\u2019INTERNO DELLA\u00a0  TORRE SARACENA DI ROCCALUMERA (MESSINA)"},"content":{"rendered":"<p><strong>Sar\u00e0 inaugurata venerd\u00ec 7 luglio 2023 alle ore 18.30, nell\u2019anno del 55\u00b0 anniversario della morte di Salvatore Quasimodo, una nuova esposizione permanente collocata all\u2019interno della Torre Saracena di Roccalumera.<\/strong><\/p>\n<p>L&#8217;allestimento, a cura del Parco Letterario Salvatore Quasimodo, ospiter\u00e0 documentazioni inedite del Premio Nobel per la Letteratura, nonch\u00e9 lettere e telegrammi di personalit\u00e0 come Renato Guttuso, Pablo Neruda e John Steinbeck. Inoltre, \u00e8 stata dedicata una teca alla danzatrice, attrice e poetessa Maria Cumani, moglie del poeta legato a Roccalumera.<\/p>\n<p>I cimeli esposti sono stati gentilmente donati da Alessandro Quasimodo, cittadino onorario di Roccalumera, che interverr\u00e0 in collegamento telematico.<\/p>\n<p>A tagliare il nastro saranno il primo cittadino, On. Giuseppe Lombardo, l\u2019Assessore alla Cultura, Angela Puglisi, e i responsabili del Parco Letterario, Carlo e Sergio Mastroeni.<\/p>\n<p>Si ringraziano Chiara Piccolo e Federico Mastroeni per l&#8217;importante contributo e la collaborazione dimostrati nelle fasi di ricerca, cura ed allestimento dell&#8217;esposizione dedicata all&#8217;Illustre Premio Nobel per la Letteratura 1959.<\/p>\n","protected":false},"excerpt":{"rendered":"<p>Sar\u00e0 inaugurata venerd\u00ec 7 luglio 2023 alle ore 18.30, nell\u2019anno del 55\u00b0 anniversario della morte di Salvatore Quasimodo, una nuova esposizione permanente collocata all\u2019interno della Torre Saracena di Roccalumera. L&#8217;allestimento,<\/p>\n<div><a class=\"permalink\" href=\"https:\/\/www.radioempire.it\/index.php\/2023\/07\/02\/posizione-permanente-allinterno-della-torre-saracena-di-roccalumera-messina\/\">Read More&#8230;<\/a><\/div>\n","protected":false},"author":2,"featured_media":41470,"comment_status":"closed","ping_status":"closed","sticky":false,"template":"","format":"standard","meta":[],"categories":[36,78],"tags":[],"_links":{"self":[{"href":"https:\/\/www.radioempire.it\/index.php\/wp-json\/wp\/v2\/posts\/41465"}],"collection":[{"href":"https:\/\/www.radioempire.it\/index.php\/wp-json\/wp\/v2\/posts"}],"about":[{"href":"https:\/\/www.radioempire.it\/index.php\/wp-json\/wp\/v2\/types\/post"}],"author":[{"embeddable":true,"href":"https:\/\/www.radioempire.it\/index.php\/wp-json\/wp\/v2\/users\/2"}],"replies":[{"embeddable":true,"href":"https:\/\/www.radioempire.it\/index.php\/wp-json\/wp\/v2\/comments?post=41465"}],"version-history":[{"count":1,"href":"https:\/\/www.radioempire.it\/index.php\/wp-json\/wp\/v2\/posts\/41465\/revisions"}],"predecessor-version":[{"id":41471,"href":"https:\/\/www.radioempire.it\/index.php\/wp-json\/wp\/v2\/posts\/41465\/revisions\/41471"}],"wp:featuredmedia":[{"embeddable":true,"href":"https:\/\/www.radioempire.it\/index.php\/wp-json\/wp\/v2\/media\/41470"}],"wp:attachment":[{"href":"https:\/\/www.radioempire.it\/index.php\/wp-json\/wp\/v2\/media?parent=41465"}],"wp:term":[{"taxonomy":"category","embeddable":true,"href":"https:\/\/www.radioempire.it\/index.php\/wp-json\/wp\/v2\/categories?post=41465"},{"taxonomy":"post_tag","embeddable":true,"href":"https:\/\/www.radioempire.it\/index.php\/wp-json\/wp\/v2\/tags?post=41465"}],"curies":[{"name":"wp","href":"https:\/\/api.w.org\/{rel}","templated":true}]}}