{"id":41472,"date":"2023-07-02T08:30:12","date_gmt":"2023-07-02T08:30:12","guid":{"rendered":"https:\/\/www.radioempire.it\/?p=41472"},"modified":"2023-07-02T08:30:12","modified_gmt":"2023-07-02T08:30:12","slug":"fabio-pilato-lartista-del-ferro-protagonista-ad-ali-terme-con-una-mostra-e-un-film-documentario","status":"publish","type":"post","link":"https:\/\/www.radioempire.it\/index.php\/2023\/07\/02\/fabio-pilato-lartista-del-ferro-protagonista-ad-ali-terme-con-una-mostra-e-un-film-documentario\/","title":{"rendered":"Fabio Pilato, l\u2019artista del ferro protagonista ad Al\u00ec Terme con una mostra e un film-documentario"},"content":{"rendered":"<p>Inizia col botto l\u2019estate aliese 2023. Un evento d\u2019eccezione ha suggellato la giornata che per la quarta volta consecutiva ha visto issare la Bandiera Blu sul lungomare di Al\u00ec Terme: l\u2019inaugurazione della Mostra di alcune opere del maestro Fabio Pilato provenienti dal Museo del Mare di Messina. Opere che <img loading=\"lazy\" class=\"size-medium wp-image-41475 alignleft\" src=\"https:\/\/www.radioempire.it\/wp-content\/uploads\/2023\/07\/il-taglio-del-nastro-1-225x300.jpg\" alt=\"\" width=\"225\" height=\"300\" srcset=\"https:\/\/www.radioempire.it\/wp-content\/uploads\/2023\/07\/il-taglio-del-nastro-1-225x300.jpg 225w, https:\/\/www.radioempire.it\/wp-content\/uploads\/2023\/07\/il-taglio-del-nastro-1-768x1024.jpg 768w, https:\/\/www.radioempire.it\/wp-content\/uploads\/2023\/07\/il-taglio-del-nastro-1.jpg 1000w\" sizes=\"(max-width: 225px) 100vw, 225px\" \/><img loading=\"lazy\" class=\"size-medium wp-image-41476 alignleft\" src=\"https:\/\/www.radioempire.it\/wp-content\/uploads\/2023\/07\/uno-dei-pesci-rappresentati-1-300x225.jpg\" alt=\"\" width=\"300\" height=\"225\" srcset=\"https:\/\/www.radioempire.it\/wp-content\/uploads\/2023\/07\/uno-dei-pesci-rappresentati-1-300x225.jpg 300w, https:\/\/www.radioempire.it\/wp-content\/uploads\/2023\/07\/uno-dei-pesci-rappresentati-1-768x576.jpg 768w, https:\/\/www.radioempire.it\/wp-content\/uploads\/2023\/07\/uno-dei-pesci-rappresentati-1.jpg 1000w\" sizes=\"(max-width: 300px) 100vw, 300px\" \/>raffigurano pesci tipici delle Stretto di Messina e lavorati in ferro. L\u2019inaugurazione, con il classico taglio del nastro posto all\u2019ingresso della Mostra, ovvero nel refettorio della Scuola Primaria di Al\u00ec Terme in Piazza \u201cNino Prestia\u201d, \u00e8 stata preceduta dall\u2019accorata verve oratoria, ma mai accademica e tutt\u2019altro che stancante, dell\u2019artista Pilato che ha dispensato ottimismo, elogiando la politica del \u201cfare\u201d, invitando a non temere gli errori considerandoli anzi veicoli per innalzarsi e perfezionarsi sempre pi\u00f9. Ha parlato della sua malattia contro la quale lotta fin dal 2006: \u201cio non sono malato; ho una malattia, che viaggia insieme a me\u201d, sembra la stessa cosa ma non lo \u00e8. Questo uno dei leit-motiv della sua introduzione, poi proseguita con l\u2019elogio della sua citt\u00e0 (Messina), del mare, dei pesci e di come il volerli rappresentare \u00e8 stata pi\u00f9 di una terapia. E del ferro, materiale antico, difficile da lavorare ma che ti d\u00e0 grandi soddisfazioni. Un metallo che dispone di memoria col quale egli forgia i pesci che realizza. Tranne il primo in assoluto, lavorato in pietra, dal quale non si separa mai e che non sar\u00e0 infatti oggetto della Mostra che si protrarr\u00e0 ad Al\u00ec Terme per tutto il mese di luglio. E poi la visione del documentario \u201cLa Via del Ferro\u201d del regista messinese Francesco Cannav\u00e0 che ha saputo cogliere e rappresentare in poco pi\u00f9 di venti minuti le difficolt\u00e0 che quotidianamente incontra lo scultore che oltre la malattia deve vincere l\u2019ostico ferro e districarsi fra problemi logistici, di trasporto delle sue opere spesso realizzate a dimensioni maggiorate pur nel rispetto delle proporzioni. E di come per un mese intero non riuscendo a dormire ha vagato per lo stretto lasciandosi trasportare dalla corrente e farsi catturare dalla visione della balena con la coda mozzata (alla quale ridar\u00e0 vita imperitura in una statua) o dei pesci che gli si presentano in sogno. La Mostra \u00e8 affascinante: la luce blu dei faretti d\u00e0 l\u2019idea di essere su un fondale marino all\u2019interno del quale ammirare la cernia, il polpo, il pesce spada, la razza e numerosi altri pesci a ciascuno dei quali l\u2019artista ha attribuito un nomignolo. Racconti di Pilato e Mostra che si incastonano perfettamente in un ambiente quale quello dello Stretto di Messina e dintorni permeato da leggende e storie di pesci e dei suoi personaggi amanti del mare, che hanno dato vita fra l\u2019altro anche a un romanzo, Horcynus Orca, dell\u2019aliese Stefano D\u2019Arrigo e di cui ad Al\u00ec Terme ne esiste una mostra permanente. Un connubio pertinente che fa il paio con il complimento dispensato dall\u2019artista alla comunit\u00e0 e all\u2019amministrazione comunale di Al\u00ec Terme: \u201c\u00e8 la prima volta che un Comune ha voluto esaltare la giornata della consegna della Bandiera Blu abbinandolo con un evento culturale\u201d.<\/p>\n<p><strong>Orazio Leotta<\/strong><\/p>\n","protected":false},"excerpt":{"rendered":"<p>Inizia col botto l\u2019estate aliese 2023. Un evento d\u2019eccezione ha suggellato la giornata che per la quarta volta consecutiva ha visto issare la Bandiera Blu sul lungomare di Al\u00ec Terme:<\/p>\n<div><a class=\"permalink\" href=\"https:\/\/www.radioempire.it\/index.php\/2023\/07\/02\/fabio-pilato-lartista-del-ferro-protagonista-ad-ali-terme-con-una-mostra-e-un-film-documentario\/\">Read More&#8230;<\/a><\/div>\n","protected":false},"author":2,"featured_media":41474,"comment_status":"closed","ping_status":"closed","sticky":false,"template":"","format":"standard","meta":[],"categories":[3,36],"tags":[],"_links":{"self":[{"href":"https:\/\/www.radioempire.it\/index.php\/wp-json\/wp\/v2\/posts\/41472"}],"collection":[{"href":"https:\/\/www.radioempire.it\/index.php\/wp-json\/wp\/v2\/posts"}],"about":[{"href":"https:\/\/www.radioempire.it\/index.php\/wp-json\/wp\/v2\/types\/post"}],"author":[{"embeddable":true,"href":"https:\/\/www.radioempire.it\/index.php\/wp-json\/wp\/v2\/users\/2"}],"replies":[{"embeddable":true,"href":"https:\/\/www.radioempire.it\/index.php\/wp-json\/wp\/v2\/comments?post=41472"}],"version-history":[{"count":1,"href":"https:\/\/www.radioempire.it\/index.php\/wp-json\/wp\/v2\/posts\/41472\/revisions"}],"predecessor-version":[{"id":41477,"href":"https:\/\/www.radioempire.it\/index.php\/wp-json\/wp\/v2\/posts\/41472\/revisions\/41477"}],"wp:featuredmedia":[{"embeddable":true,"href":"https:\/\/www.radioempire.it\/index.php\/wp-json\/wp\/v2\/media\/41474"}],"wp:attachment":[{"href":"https:\/\/www.radioempire.it\/index.php\/wp-json\/wp\/v2\/media?parent=41472"}],"wp:term":[{"taxonomy":"category","embeddable":true,"href":"https:\/\/www.radioempire.it\/index.php\/wp-json\/wp\/v2\/categories?post=41472"},{"taxonomy":"post_tag","embeddable":true,"href":"https:\/\/www.radioempire.it\/index.php\/wp-json\/wp\/v2\/tags?post=41472"}],"curies":[{"name":"wp","href":"https:\/\/api.w.org\/{rel}","templated":true}]}}