{"id":41497,"date":"2023-07-03T12:25:20","date_gmt":"2023-07-03T12:25:20","guid":{"rendered":"https:\/\/www.radioempire.it\/?p=41497"},"modified":"2023-07-03T12:36:13","modified_gmt":"2023-07-03T12:36:13","slug":"dal-7-al-9-luglio-thinking-green-a-taormina","status":"publish","type":"post","link":"https:\/\/www.radioempire.it\/index.php\/2023\/07\/03\/dal-7-al-9-luglio-thinking-green-a-taormina\/","title":{"rendered":"Dal 7 al 9 luglio Thinking Green a Taormina"},"content":{"rendered":"<div class=\"default-style\"><\/div>\n<div class=\"default-style\">\n<div>Architetti protagonisti di Thinking Green, il\u00a0<strong>ciclo di dibattiti<\/strong>\u00a0organizzato nell\u2019ambito del\u00a0<strong>Premio Nations Award<\/strong>, la prestigiosa kermesse cinematografica delle Nazioni nata a\u00a0<strong>Taormina<\/strong>\u00a0negli anni \u201970<\/div>\n<div><\/div>\n<div>Dal 7 al 9 luglio la Perla dello Jonio ospiter\u00e0, grazie al supporto dell\u2019Ordine degli Architetti PPC della Provincia di Messina, un vero e proprio\u00a0<strong>\u201csalotto dell\u2019economia sostenibile\u201d<\/strong>\u00a0in grado di portare proprio a Taormina e Messina,\u00a0<strong>nel cuore del Mediterraneo<\/strong>, i temi e i personaggi pi\u00f9 rappresentativi del\u00a0<strong>processo di transizione ecologica e sostenibile<\/strong>\u00a0che\u00a0<strong>l\u2019economia italiana e mondiale<\/strong>\u00a0ha avviato e deve portare avanti in vista della sfida\u00a0<strong>Zero Net.<\/strong><\/div>\n<div>\u00a0<img loading=\"lazy\" class=\"size-medium wp-image-41500 alignleft\" src=\"https:\/\/www.radioempire.it\/wp-content\/uploads\/2023\/07\/World-trade-center-New-York-300x214.jpg\" alt=\"\" width=\"300\" height=\"214\" srcset=\"https:\/\/www.radioempire.it\/wp-content\/uploads\/2023\/07\/World-trade-center-New-York-300x214.jpg 300w, https:\/\/www.radioempire.it\/wp-content\/uploads\/2023\/07\/World-trade-center-New-York.jpg 667w\" sizes=\"(max-width: 300px) 100vw, 300px\" \/><\/div>\n<div>\u201cL\u2019Ordine insieme al patron di Nations Award Michel Curatolo \u2013 ha dichiarato il presidente Pino Falzea \u2013 vuole accendere un faro sulla bellezza dei nostri territori e sui processi di trasformazione profonda che caratterizzeranno le aree della Citt\u00e0 Metropolitana di Messina con la realizzazione di importanti infrastrutture destinate a potenziare l\u2019attrattivit\u00e0, sia dal punto di vista trasportistico che culturale e turistico, del territorio Metropolitano, della Sicilia e del Meridione d\u2019Italia nel bacino del Mediterraneo\u201d.<\/div>\n<div><\/div>\n<div>Per far comprendere il ruolo importantissimo dell\u2019Architettura, intesa come bene comune nei processi di riqualificazione generale dei Territori, \u00e8 con estremo orgoglio che, grazie all\u2019architetto \u00a0Claudio Lucchesi di Urban Future Organization, il Thinking Green ospiter\u00e0 il grande maestro dell\u2019Architettura Contemporanea\u00a0<strong>Daniel Libeskind<\/strong>, creatore tra le altre cose, del\u00a0<strong>Museo Ebraico di Berlino<\/strong>\u00a0e del progetto del\u00a0<strong>World Trade Center di New York.<\/strong><\/div>\n<div><\/div>\n<div>La sua creativit\u00e0 decostruttivista ed il suo ingegno sono inconfondibili, la sua Architettura come poche altre \u00e8 in grado di suscitare<em>\u00a0meraviglia ed emozione.<\/em><\/div>\n<div><\/div>\n<div><img loading=\"lazy\" class=\"size-medium wp-image-41504 alignleft\" src=\"https:\/\/www.radioempire.it\/wp-content\/uploads\/2023\/07\/Museo-ebraico-a-Berlino-300x197.jpg\" alt=\"\" width=\"300\" height=\"197\" srcset=\"https:\/\/www.radioempire.it\/wp-content\/uploads\/2023\/07\/Museo-ebraico-a-Berlino-300x197.jpg 300w, https:\/\/www.radioempire.it\/wp-content\/uploads\/2023\/07\/Museo-ebraico-a-Berlino.jpg 649w\" sizes=\"(max-width: 300px) 100vw, 300px\" \/>Daniel Libeskind \u00e8, inoltre, anche il progettista del Centro Direzionale del Ponte sullo Stretto. E proprio all\u2019opera, all\u2019NH Hotel di Taormina, sede delle principali tavole rotonde della manifestazione, sar\u00e0 dedicata una mostra, curata dal vice presidente dell\u2019Ordine Clarastella Vicari Aversa e dal professor Marcello Sestito, con la partecipazione del Prof. Attilio A. Terragni.<\/div>\n<div><\/div>\n<div>Il Thinking Green vedr\u00e0 la partecipazione di numerosi esponenti del mondo delle Istituzioni e della politica ed \u00e8 patrocinato anche dal Consiglio Nazionale Architetti PPC, che sar\u00e0 presente con il suo presidente Francesco Miceli, a testimoniare l\u2019attenzione degli architetti italiani verso le importanti tematiche che saranno affrontate nei dieci panel di lavoro.<\/div>\n<div><\/div>\n<div>Interverranno tra gli altri, la soprintendente ai Beni Culturali di Messina Mirella Vinci, gli architetti consiglieri dell\u2019Ordine Lucia Alonci, Massimo De Francesco, Martina Polimeni, Andrea Taranto, Clarastella Vicari Aversa, il delegato Inarcassa Michele Palamara, il presidente della Fondazione Architetti Anna Carulli e i consiglieri Bruno Barlassina ed Enza Pernice.<\/div>\n<div><\/div>\n<div>Nella serata dell\u20198 luglio attori, registi e architetti si incontreranno a Messina al Marina di Nettuno, per ammirare lo scenario unico dello Stretto, in un evento coordinato dai consiglieri Teresa Altamore e Massimo De Francesco.<\/div>\n<\/div>\n","protected":false},"excerpt":{"rendered":"<p>Architetti protagonisti di Thinking Green, il\u00a0ciclo di dibattiti\u00a0organizzato nell\u2019ambito del\u00a0Premio Nations Award, la prestigiosa kermesse cinematografica delle Nazioni nata a\u00a0Taormina\u00a0negli anni \u201970 Dal 7 al 9 luglio la Perla dello<\/p>\n<div><a class=\"permalink\" href=\"https:\/\/www.radioempire.it\/index.php\/2023\/07\/03\/dal-7-al-9-luglio-thinking-green-a-taormina\/\">Read More&#8230;<\/a><\/div>\n","protected":false},"author":2,"featured_media":41498,"comment_status":"closed","ping_status":"closed","sticky":false,"template":"","format":"standard","meta":[],"categories":[3,36],"tags":[],"_links":{"self":[{"href":"https:\/\/www.radioempire.it\/index.php\/wp-json\/wp\/v2\/posts\/41497"}],"collection":[{"href":"https:\/\/www.radioempire.it\/index.php\/wp-json\/wp\/v2\/posts"}],"about":[{"href":"https:\/\/www.radioempire.it\/index.php\/wp-json\/wp\/v2\/types\/post"}],"author":[{"embeddable":true,"href":"https:\/\/www.radioempire.it\/index.php\/wp-json\/wp\/v2\/users\/2"}],"replies":[{"embeddable":true,"href":"https:\/\/www.radioempire.it\/index.php\/wp-json\/wp\/v2\/comments?post=41497"}],"version-history":[{"count":2,"href":"https:\/\/www.radioempire.it\/index.php\/wp-json\/wp\/v2\/posts\/41497\/revisions"}],"predecessor-version":[{"id":41507,"href":"https:\/\/www.radioempire.it\/index.php\/wp-json\/wp\/v2\/posts\/41497\/revisions\/41507"}],"wp:featuredmedia":[{"embeddable":true,"href":"https:\/\/www.radioempire.it\/index.php\/wp-json\/wp\/v2\/media\/41498"}],"wp:attachment":[{"href":"https:\/\/www.radioempire.it\/index.php\/wp-json\/wp\/v2\/media?parent=41497"}],"wp:term":[{"taxonomy":"category","embeddable":true,"href":"https:\/\/www.radioempire.it\/index.php\/wp-json\/wp\/v2\/categories?post=41497"},{"taxonomy":"post_tag","embeddable":true,"href":"https:\/\/www.radioempire.it\/index.php\/wp-json\/wp\/v2\/tags?post=41497"}],"curies":[{"name":"wp","href":"https:\/\/api.w.org\/{rel}","templated":true}]}}